{"id":174957,"date":"2021-03-04T19:47:03","date_gmt":"2021-03-04T22:47:03","guid":{"rendered":"https:\/\/aconteceunovale.com.br\/portal\/?p=174957"},"modified":"2021-03-04T19:49:29","modified_gmt":"2021-03-04T22:49:29","slug":"ex-governador-sergio-cabral-e-condenado-a-mais-10-anos-de-prisao","status":"publish","type":"post","link":"https:\/\/aconteceunovale.com.br\/portal\/?p=174957","title":{"rendered":"Ex-governador S\u00e9rgio Cabral \u00e9 condenado a mais 10 anos de pris\u00e3o"},"content":{"rendered":"\n<p>O ex-governador S\u00e9rgio Cabral foi condenado a mais 10 anos de pris\u00e3o. A senten\u00e7a, do juiz Marcelo Bretas, titular da 7\u00aa Vara Federal Criminal, foi conhecida nesta quinta-feira (4\/3\/2021) e eleva o total de penas de Cabral a 342 anos de reclus\u00e3o.<\/p>\n\n\n\n<figure class=\"wp-block-gallery columns-1 is-cropped wp-block-gallery-1 is-layout-flex wp-block-gallery-is-layout-flex\"><ul class=\"blocks-gallery-grid\"><li class=\"blocks-gallery-item\"><figure><img loading=\"lazy\" decoding=\"async\" width=\"678\" height=\"406\" src=\"https:\/\/aconteceunovale.com.br\/portal\/wp-content\/uploads\/2021\/03\/sergio_cabral.jpg\" alt=\"\" data-id=\"174958\" data-full-url=\"https:\/\/aconteceunovale.com.br\/portal\/wp-content\/uploads\/2021\/03\/sergio_cabral.jpg\" data-link=\"https:\/\/aconteceunovale.com.br\/portal\/?attachment_id=174958\" class=\"wp-image-174958\" srcset=\"https:\/\/aconteceunovale.com.br\/portal\/wp-content\/uploads\/2021\/03\/sergio_cabral.jpg 678w, https:\/\/aconteceunovale.com.br\/portal\/wp-content\/uploads\/2021\/03\/sergio_cabral-300x180.jpg 300w\" sizes=\"auto, (max-width: 678px) 100vw, 678px\" \/><figcaption class=\"blocks-gallery-item__caption\"><em>Foto: Valter Campanato Arquivo \/ Ag\u00eancia Brasil<\/em><\/figcaption><\/figure><\/li><\/ul><\/figure>\n\n\n\n<p>Cabral e outros r\u00e9us foram condenados por corrup\u00e7\u00e3o, em recebimento de propina, na ordem de 1%, conhecida como \u201ctaxa de oxig\u00eanio\u201d, sobre contratos firmados entre empresas fornecedoras e empreiteiras e o governo do Estado do Rio de Janeiro. A condena\u00e7\u00e3o foi decorrente das opera\u00e7\u00f5es Calicute e Saqueador, desdobramentos da Lava Jato.<\/p>\n\n\n\n<p>No mesmo processo, foram condenados o ex-secret\u00e1rio de Obras Hudson Braga, a 12 anos e 11 meses de pris\u00e3o, o assessor e operador financeiro Wagner Jord\u00e3o, a 8 anos e 4 meses, e os empres\u00e1rios Alex Sardinha, a 16 anos e 10 meses, e Geraldo Andr\u00e9, a 16 anos e 10 meses.<\/p>\n\n\n\n<p>O advogado M\u00e1rcio Delambert, que defende Cabral, informou que vai recorrer da decis\u00e3o: \u201cO juiz reduziu a pena reconhecendo a condi\u00e7\u00e3o do ex-governador de colaborador da Justi\u00e7a. A defesa vai recorrer para obter o perd\u00e3o judicial a que ele tem direito\u201d.<\/p>\n\n\n\n<p>Os advogados dos demais r\u00e9us n\u00e3o foram localizados.<\/p>\n\n\n\n<p>&#8212;&#8212;&#8212;&#8212;&#8212;&#8212;<br><em>Quer receber as not\u00edcias do <strong>Aconteceu no Vale<\/strong> em primeira m\u00e3o? Siga-nos no Facebook <a rel=\"noreferrer noopener\" href=\"http:\/\/facebook.com\/aconteceunovale\" target=\"_blank\">@aconteceunovale<\/a>, Twitter <a rel=\"noreferrer noopener\" href=\"https:\/\/twitter.com\/noticiadosvales\" target=\"_blank\">@noticiadosvales<\/a> e Instagram <a rel=\"noreferrer noopener\" href=\"https:\/\/www.instagram.com\/aconteceunovale\" target=\"_blank\">@aconteceunovale<\/a>.<\/em><\/p>\n","protected":false},"excerpt":{"rendered":"<p>O ex-governador S\u00e9rgio Cabral foi condenado a mais 10 anos de pris\u00e3o. A senten\u00e7a, do juiz Marcelo Bretas, titular da 7\u00aa Vara Federal Criminal, foi conhecida nesta quinta-feira (4\/3\/2021) e eleva o total de penas de Cabral a 342 anos de reclus\u00e3o. Cabral e outros r\u00e9us foram condenados por corrup\u00e7\u00e3o, em recebimento de propina, na [&hellip;]<\/p>\n","protected":false},"author":4,"featured_media":174958,"comment_status":"open","ping_status":"closed","sticky":false,"template":"","format":"standard","meta":{"amp_status":"","footnotes":""},"categories":[6,40240],"tags":[239156,239148,239152,228411,239147,239157,160291,147751,239158,239149,239154,126314,210972,239153,1104,126319,239150,239151,239155],"class_list":["post-174957","post","type-post","status-publish","format-standard","has-post-thumbnail","hentry","category-br","category-politica-2","tag-alex-sardinha","tag-condenacao-de-sergio-cabral","tag-corrupcao-no-governo-de-sergio-cabral","tag-corrupcao-no-governo-do-rio-de-janeiro","tag-ex-governador-sergio-cabral-e-condenado-a-mais-10-anos-de-prisao","tag-geraldo-andre","tag-juiz-marcelo-bretas","tag-marcelo-bretas","tag-marcio-delambert","tag-nova-condenacao-de-sergio-cabral","tag-obras-hudson-braga","tag-operacao-calicute","tag-operacao-lava-jato-2","tag-operacao-saqueador","tag-rio-de-janeiro","tag-sergio-cabral","tag-sergio-cabral-acumula-penas-de-342-anos-de-prisao","tag-taxa-de-oxigenio","tag-wagner-jordao"],"_links":{"self":[{"href":"https:\/\/aconteceunovale.com.br\/portal\/index.php?rest_route=\/wp\/v2\/posts\/174957","targetHints":{"allow":["GET"]}}],"collection":[{"href":"https:\/\/aconteceunovale.com.br\/portal\/index.php?rest_route=\/wp\/v2\/posts"}],"about":[{"href":"https:\/\/aconteceunovale.com.br\/portal\/index.php?rest_route=\/wp\/v2\/types\/post"}],"author":[{"embeddable":true,"href":"https:\/\/aconteceunovale.com.br\/portal\/index.php?rest_route=\/wp\/v2\/users\/4"}],"replies":[{"embeddable":true,"href":"https:\/\/aconteceunovale.com.br\/portal\/index.php?rest_route=%2Fwp%2Fv2%2Fcomments&post=174957"}],"version-history":[{"count":1,"href":"https:\/\/aconteceunovale.com.br\/portal\/index.php?rest_route=\/wp\/v2\/posts\/174957\/revisions"}],"predecessor-version":[{"id":174959,"href":"https:\/\/aconteceunovale.com.br\/portal\/index.php?rest_route=\/wp\/v2\/posts\/174957\/revisions\/174959"}],"wp:featuredmedia":[{"embeddable":true,"href":"https:\/\/aconteceunovale.com.br\/portal\/index.php?rest_route=\/wp\/v2\/media\/174958"}],"wp:attachment":[{"href":"https:\/\/aconteceunovale.com.br\/portal\/index.php?rest_route=%2Fwp%2Fv2%2Fmedia&parent=174957"}],"wp:term":[{"taxonomy":"category","embeddable":true,"href":"https:\/\/aconteceunovale.com.br\/portal\/index.php?rest_route=%2Fwp%2Fv2%2Fcategories&post=174957"},{"taxonomy":"post_tag","embeddable":true,"href":"https:\/\/aconteceunovale.com.br\/portal\/index.php?rest_route=%2Fwp%2Fv2%2Ftags&post=174957"}],"curies":[{"name":"wp","href":"https:\/\/api.w.org\/{rel}","templated":true}]}}