{"id":17494,"date":"2014-01-03T17:12:10","date_gmt":"2014-01-03T19:12:10","guid":{"rendered":"http:\/\/aconteceunovale.com.br\/portal\/?p=17494"},"modified":"2014-01-03T18:48:40","modified_gmt":"2014-01-03T20:48:40","slug":"defesa-civil-reconhece-decreto-de-emergencia-e-calamidade-publica-em-58-municipios-mineiros","status":"publish","type":"post","link":"https:\/\/aconteceunovale.com.br\/portal\/?p=17494","title":{"rendered":"Defesa Civil reconhece decreto de emerg\u00eancia e calamidade p\u00fablica em 58 munic\u00edpios mineiros"},"content":{"rendered":"<p><em><strong>Portal Aconteceu no Vale <\/strong><\/em><\/p>\n<p>A Defesa Civil publicou nesta sexta-feira (03\/01), uma rela\u00e7\u00e3o com 58 munic\u00edpios que decretaram situa\u00e7\u00e3o de emerg\u00eancia e calamidade p\u00fablica na temporada de chuvas 2013\/2014. Os dados est\u00e3o dispon\u00edveis na p\u00e1gina 16 da edi\u00e7\u00e3o do ve\u00edculo oficial.<\/p>\n<p>A publica\u00e7\u00e3o do \u00f3rg\u00e3o reconhece a situa\u00e7\u00e3o decretada pelos prefeitos em decorr\u00eancia das fortes chuvas que atingiram principalmente o Vale do Jequitinhonha e Rio Doce no m\u00eas de dezembro de 2013.<\/p>\n<p>Dos 58 munic\u00edpios, 10 est\u00e3o no Vale do Jequitinhonha, sendo que Ara\u00e7ua\u00ed, Cara\u00ed, Chapada do Norte, Comercinho, Francisco Badar\u00f3, Itamarandiba e Padre Para\u00edso j\u00e1 possuem o cart\u00e3o de pagamentos da Defesa Civil \u201cO Cart\u00e3o Desastre\u201d. <\/p>\n<p>Com a publica\u00e7\u00e3o do decreto, os prefeitos conseguem agilidade para receber os recursos para reconstru\u00e7\u00e3o dos estragos. Mas isso n\u00e3o significa que o munic\u00edpio ter\u00e1 de imediato esses recursos, antes disso ser\u00e1 preciso seguir v\u00e1rios passos que s\u00e3o listados na cartilha lan\u00e7ada pela defesa civil (<a href=\"http:\/\/www.integracao.gov.br\/c\/document_library\/get_file?uuid=990ccc44-fe98-4675-8558-e9c1558d86fb&#038;groupId=10157\" target=\"_blank\">que pode ser visualizada AQUI<\/a>).<\/p>\n<p>At\u00e9 agora, 67 cidades mineiras decretaram Situa\u00e7\u00e3o de Emerg\u00eancia e duas decretaram Estado de Calamidade P\u00fablica. Por enquanto, 59 j\u00e1 tiveram os decretos homologados e reconhecidos. A cidade de Matias Lobato j\u00e1 havia recebido o reconhecimento na publica\u00e7\u00e3o do dia 23 de dezembro. Os demais devem ser homologados pelo Estado nos pr\u00f3ximos dias.<\/p>\n<p><a href=\"http:\/\/agenciaminas.mg.gov.br\/media\/uploads\/2014\/01\/03\/estado-de-calamidade-publica-homologado.pdf\" target=\"_blank\"><strong>Clique aqui para conferir a lista dos munic\u00edpios que j\u00e1 decretaram Situa\u00e7\u00e3o de Emerg\u00eancia ou de Calamidade P\u00fablica.<\/strong><br \/>\n<\/a><\/p>\n<p><strong>OPINI\u00c3O:<\/strong><\/p>\n<p>Outra situa\u00e7\u00e3o que j\u00e1 passou da hora de acabar, principalmente no Vale do Jequitinhonha, \u00e9 o fato de prefeitos utilizarem o nome de deputados estaduais e federais para divulgarem o recebimento desses recursos. Isso \u00e9 um recurso do governo federal, a partir do momento que a cidade \u00e9 reconhecida como em estado de emerg\u00eancia ou calamidade p\u00fablica, o prefeito poder\u00e1 solicitar o benef\u00edcio sem nenhuma ajuda desses \u201csenhores\u201d que nas proximidades do per\u00edodo eleitoral aparecem de todos os lados com a \u00fanica inten\u00e7\u00e3o de enganar as pessoas, principalmente aquelas que s\u00e3o atingidas por um desastre e est\u00e3o vulner\u00e1veis.<\/p>\n<p><a href=\"http:\/\/www.integracao.gov.br\/c\/document_library\/get_file?uuid=990ccc44-fe98-4675-8558-e9c1558d86fb&#038;groupId=10157\" target=\"_blank\"><strong>&#8211; CARTILHA DA DEFESA CIVIL COM ORIENTA\u00c7\u00d5ES SOBRE O &#8220;CART\u00c3O DESASTRE&#8221;<\/strong><\/a><\/p>\n<p><a href=\"http:\/\/www.jusbrasil.com.br\/diarios\/64495413\/dou-secao-1-03-01-2014-pg-16\" target=\"_blank\"><strong>&#8211; PUBLICA\u00c7\u00c3O DO DI\u00c1RIO OFICIAL DA UNI\u00c3O &#8211; 03\/01\/2013<\/strong><\/a><\/p>\n<p><a href=\"http:\/\/www.portaldatransparencia.gov.br\/\" target=\"_blank\"><strong>&#8211; PORTAL DA TRANSPAR\u00caNCIA (Acompanhamento dos gastos com o &#8220;Cart\u00e3o Desastre&#8221;)<\/strong><\/a><\/p>\n<p><a href=\"http:\/\/www.integracao.gov.br\/web\/guest\/defesa-civil\/s2id\" target=\"_blank\"><strong>&#8211; OUTRAS INFORMA\u00c7\u00d5ES (site do Minist\u00e9rio da Integra\u00e7\u00e3o Nacional)<\/strong><\/a><\/p>\n<p><strong>CIDADES DO VALE DO JEQUITINHONHA QUE FORAM RECONHECIDAS EM ESTADO DE EMERG\u00caNCIA:<\/strong> Angel\u00e2ndia, Ara\u00e7ua\u00ed, Aricanduva, Capelinha, Cara\u00ed, Chapada do Norte, Comercinho, Francisco Badar\u00f3, Itamarandiba e Padre Para\u00edso.<\/p>\n<p><strong>CIDADES DO VALE DO RIO DOCE QUE FORAM RECONHECIDAS EM ESTADO DE EMERG\u00caNCIA:<\/strong> Aimor\u00e9s, Central de Minas, Coluna, Conselheiro Pena, Coronel Fabriciano, Frei Inoc\u00eancio, Galil\u00e9ia, Governador Valadares, Ipaba, Ipatinga, Itambacuri, Itanhomi, Itueta, Jampruca, Mantena, Marilac, Nova Bel\u00e9m, Pocrane, Resplendor, Santa Rita do Itueto, S\u00e3o Geraldo da Piedade, S\u00e3o Geraldo do Baixio, S\u00e3o Jo\u00e3o do Manteninha, S\u00e3o Pedro do Sua\u00e7ui, Tim\u00f3teo, Tumiritinga e Vargem Alegre, (Sardo\u00e1 e Virgol\u00e2ndia \u2013 CALAMIDADE P\u00daBLICA).<\/p>\n<p><strong>CIDADES DO VALE DO VALE DO MUCURI QUE FORAM RECONHECIDAS EM ESTADO DE EMERG\u00caNCIA:<\/strong> Atal\u00e9ia, Cris\u00f3lita, Ladainha e Malacacheta.<\/p>\n<p><strong>CIDADES DA ZONA DA MATA QUE FORAM RECONHECIDAS EM ESTADO DE EMERG\u00caNCIA:<\/strong> Merc\u00eas, Santos Dumont, Simon\u00e9sia e Ub\u00e1.<\/p>\n<p><strong>CIDADES DO NOROESTE DE MINAS QUE FORAM RECONHECIDAS EM ESTADO DE EMERG\u00caNCIA:<\/strong> Bonfin\u00f3polis de Minas.<\/p>\n<p><strong>CIDADES DO NORTE DE MINAS QUE FORAM RECONHECIDAS EM ESTADO DE EMERG\u00caNCIA:<\/strong> Buritizeiro, Capit\u00e3o En\u00e9as, Crist\u00e1lia, Francisco S\u00e1, Pirapora, Ponto Chique, Rio Pardo de Minas e S\u00e3o Jo\u00e3o da Ponte.<\/p>\n<p><strong>CIDADES DA REGI\u00c3O METROPOLITANA DE BELO HORIZONTE QUE FORAM RECONHECIDAS EM ESTADO DE EMERG\u00caNCIA:<\/strong> Santo Ant\u00f4nio do Itamb\u00e9 e Serro.<\/p>\n<p><img decoding=\"async\" src=\"http:\/\/aconteceunovale.com.br\/portal\/wp-content\/uploads\/2014\/01\/cartao_desastre.jpg\" alt=\"\" \/><br \/>\n<em>(Imagem ilustrativa)<\/em><\/p>\n","protected":false},"excerpt":{"rendered":"<p>Portal Aconteceu no Vale A Defesa Civil publicou nesta sexta-feira (03\/01), uma rela\u00e7\u00e3o com 58 munic\u00edpios que decretaram situa\u00e7\u00e3o de emerg\u00eancia e calamidade p\u00fablica na temporada de chuvas 2013\/2014. Os dados est\u00e3o dispon\u00edveis na p\u00e1gina 16 da edi\u00e7\u00e3o do ve\u00edculo oficial. A publica\u00e7\u00e3o do \u00f3rg\u00e3o reconhece a situa\u00e7\u00e3o decretada pelos prefeitos em decorr\u00eancia das fortes [&hellip;]<\/p>\n","protected":false},"author":1,"featured_media":0,"comment_status":"open","ping_status":"closed","sticky":false,"template":"","format":"standard","meta":{"amp_status":"","footnotes":""},"categories":[123],"tags":[273,657,186,551,183,1537,1535,132,1429,490,2458,2204,2456,1671,481,2446,2450,2449,2447,2454,2455,2452,281,426,282,1524,2453,1715,2457,187,1395,290,292,247,2234,201,149,188,297,298,236,344,226,1516,300,1567,1673,572,254,2147,1711,309,421,314,315,1530,317,318,2448,1675,322,325,154,2451,1105,330,219,1106,333],"class_list":["post-17494","post","type-post","status-publish","format-standard","hentry","category-gerais","tag-aimores","tag-angelandia","tag-aracuai","tag-aricanduva","tag-ataleia","tag-bonfinopolis-de-minas","tag-buritizeiro","tag-capelinha","tag-capitao-eneas","tag-carai","tag-cartao-de-pagamentos-da-defesa-civil","tag-cartao-desastre","tag-cartilha-da-defesa-civil-com-orientacoes-sobre-o-cartao-desastre","tag-central-de-minas","tag-chapada-do-norte","tag-cidades-da-regiao-metropolitana-de-belo-horizonte-que-foram-reconhecidas-em-estado-de-emergencia","tag-cidades-da-zona-da-mata-que-foram-reconhecidas-em-estado-de-emergencia","tag-cidades-do-noroeste-de-minas-que-foram-reconhecidas-em-estado-de-emergencia","tag-cidades-do-norte-de-minas-que-foram-reconhecidas-em-estado-de-emergencia","tag-cidades-do-vale-do-jequitinhonha-que-foram-reconhecidas-em-estado-de-emergencia","tag-cidades-do-vale-do-rio-doce-que-foram-reconhecidas-em-estado-de-emergencia","tag-cidades-do-vale-do-vale-do-mucuri-que-foram-reconhecidas-em-estado-de-emergencia","tag-coluna","tag-comercinho","tag-conselheiro-pena","tag-coronel-fabriciano","tag-crisolita","tag-cristalia","tag-defesa-civil-reconhece-decreto-de-emergencia-e-calamidade-publica-em-58-municipios-mineiros","tag-francisco-badaro","tag-francisco-sa","tag-frei-inocencio","tag-galileia","tag-governador-valadares","tag-ipaba","tag-ipatinga","tag-itamarandiba","tag-itambacuri","tag-itanhomi","tag-itueta","tag-jampruca","tag-ladainha","tag-malacacheta","tag-mantena","tag-marilac","tag-merces","tag-nova-belem","tag-padre-paraiso","tag-pirapora","tag-pocrane","tag-ponto-chique","tag-resplendor","tag-rio-pardo-de-minas","tag-santa-rita-do-itueto","tag-santo-antonio-do-itambe","tag-santos-dumont","tag-sao-geraldo-da-piedade","tag-sao-geraldo-do-baixio","tag-sao-joao-da-ponte","tag-sao-joao-do-manteninha","tag-sao-pedro-do-suacui","tag-sardoa","tag-serro","tag-simonesia","tag-timoteo","tag-tumiritinga","tag-uba","tag-vargem-alegre","tag-virgolandia"],"_links":{"self":[{"href":"https:\/\/aconteceunovale.com.br\/portal\/index.php?rest_route=\/wp\/v2\/posts\/17494","targetHints":{"allow":["GET"]}}],"collection":[{"href":"https:\/\/aconteceunovale.com.br\/portal\/index.php?rest_route=\/wp\/v2\/posts"}],"about":[{"href":"https:\/\/aconteceunovale.com.br\/portal\/index.php?rest_route=\/wp\/v2\/types\/post"}],"author":[{"embeddable":true,"href":"https:\/\/aconteceunovale.com.br\/portal\/index.php?rest_route=\/wp\/v2\/users\/1"}],"replies":[{"embeddable":true,"href":"https:\/\/aconteceunovale.com.br\/portal\/index.php?rest_route=%2Fwp%2Fv2%2Fcomments&post=17494"}],"version-history":[{"count":0,"href":"https:\/\/aconteceunovale.com.br\/portal\/index.php?rest_route=\/wp\/v2\/posts\/17494\/revisions"}],"wp:attachment":[{"href":"https:\/\/aconteceunovale.com.br\/portal\/index.php?rest_route=%2Fwp%2Fv2%2Fmedia&parent=17494"}],"wp:term":[{"taxonomy":"category","embeddable":true,"href":"https:\/\/aconteceunovale.com.br\/portal\/index.php?rest_route=%2Fwp%2Fv2%2Fcategories&post=17494"},{"taxonomy":"post_tag","embeddable":true,"href":"https:\/\/aconteceunovale.com.br\/portal\/index.php?rest_route=%2Fwp%2Fv2%2Ftags&post=17494"}],"curies":[{"name":"wp","href":"https:\/\/api.w.org\/{rel}","templated":true}]}}