{"id":174812,"date":"2021-03-02T22:45:45","date_gmt":"2021-03-03T01:45:45","guid":{"rendered":"https:\/\/aconteceunovale.com.br\/portal\/?p=174812"},"modified":"2021-03-02T22:47:06","modified_gmt":"2021-03-03T01:47:06","slug":"dezoito-estados-e-distrito-federal-tem-ocupacao-de-leitos-de-uti-acima-de-80-diz-fiocruz","status":"publish","type":"post","link":"https:\/\/aconteceunovale.com.br\/portal\/?p=174812","title":{"rendered":"Dezoito estados e Distrito Federal t\u00eam ocupa\u00e7\u00e3o de leitos de UTI acima de 80%, diz Fiocruz"},"content":{"rendered":"\n<p>Dezoito estados e o Distrito Federal t\u00eam ocupa\u00e7\u00e3o de leitos de UTI para covid-19 acima de 80%. Desses, 10 est\u00e3o com lota\u00e7\u00e3o acima de 90%. Os dados foram divulgados nesta ter\u00e7a-feira (2) pela Funda\u00e7\u00e3o Oswaldo Cruz (Fiocruz).<\/p>\n\n\n\n<p>No\u00a0<a rel=\"noreferrer noopener\" href=\"https:\/\/agencia.fiocruz.br\/sites\/agencia.fiocruz.br\/files\/u35\/boletim_extraordinario_2021-marco-03.pdf\" target=\"_blank\">Boletim do Observat\u00f3rio Fiocruz Covid-19<\/a>, a entidade chama a aten\u00e7\u00e3o para a gravidade do momento no pa\u00eds, com um forte crescimento no n\u00famero de casos de contamina\u00e7\u00f5es e \u00f3bitos causados pela doen\u00e7a e classifica a situa\u00e7\u00e3o como a ponta de um iceberg.<\/p>\n\n\n\n<p>\u201cVerifica-se em todo o pa\u00eds o agravamento simult\u00e2neo de diversos indicadores, como o crescimento do n\u00famero de casos e de \u00f3bitos, a manuten\u00e7\u00e3o de n\u00edveis altos de incid\u00eancia de SRAG [S\u00edndrome Respirat\u00f3ria Aguda Grave], a alta positividade de testes e a sobrecarga dos hospitais. No momento, 19 unidades da Federa\u00e7\u00e3o apresentam taxas de ocupa\u00e7\u00e3o de leitos de UTI acima de 80% \u2013 no boletim anterior eram 12. O cen\u00e1rio alarmante, segundo a an\u00e1lise, representa apenas a ponta do iceberg de um patamar de intensa transmiss\u00e3o no pa\u00eds\u201d, destacou a Fiocruz.<\/p>\n\n\n\n<p>Diante desse quadro, os pesquisadores disseram ser necess\u00e1ria a ado\u00e7\u00e3o de medidas n\u00e3o farmacol\u00f3gicas mais rigorosas, incluindo a manuten\u00e7\u00e3o de todas medidas preventivas, como distanciamento f\u00edsico, uso de m\u00e1scaras e higiene das m\u00e3os, at\u00e9 que a pandemia seja declarada encerrada.<\/p>\n\n\n\n<p>Al\u00e9m disso, s\u00e3o recomendadas medidas de supress\u00e3o, como restri\u00e7\u00e3o da circula\u00e7\u00e3o e das atividades n\u00e3o essenciais, de acordo com a situa\u00e7\u00e3o epidemiol\u00f3gica e capacidade de atendimento de cada regi\u00e3o, avaliadas semanalmente a partir de crit\u00e9rios t\u00e9cnicos como taxas de ocupa\u00e7\u00e3o de leitos e tend\u00eancia de eleva\u00e7\u00e3o no n\u00famero de casos e \u00f3bitos.<\/p>\n\n\n\n<p><strong>Taxa de ocupa\u00e7\u00e3o (%) de leitos de UTI Covid-19 para adultos<\/strong><\/p>\n\n\n\n<figure class=\"wp-block-gallery columns-1 is-cropped wp-block-gallery-1 is-layout-flex wp-block-gallery-is-layout-flex\"><ul class=\"blocks-gallery-grid\"><li class=\"blocks-gallery-item\"><figure><img loading=\"lazy\" decoding=\"async\" width=\"728\" height=\"520\" src=\"https:\/\/aconteceunovale.com.br\/portal\/wp-content\/uploads\/2021\/03\/ocupacao_uti.png\" alt=\"\" data-id=\"174813\" data-full-url=\"https:\/\/aconteceunovale.com.br\/portal\/wp-content\/uploads\/2021\/03\/ocupacao_uti.png\" data-link=\"https:\/\/aconteceunovale.com.br\/portal\/?attachment_id=174813\" class=\"wp-image-174813\" srcset=\"https:\/\/aconteceunovale.com.br\/portal\/wp-content\/uploads\/2021\/03\/ocupacao_uti.png 728w, https:\/\/aconteceunovale.com.br\/portal\/wp-content\/uploads\/2021\/03\/ocupacao_uti-300x214.png 300w, https:\/\/aconteceunovale.com.br\/portal\/wp-content\/uploads\/2021\/03\/ocupacao_uti-100x70.png 100w, https:\/\/aconteceunovale.com.br\/portal\/wp-content\/uploads\/2021\/03\/ocupacao_uti-696x497.png 696w, https:\/\/aconteceunovale.com.br\/portal\/wp-content\/uploads\/2021\/03\/ocupacao_uti-588x420.png 588w\" sizes=\"auto, (max-width: 728px) 100vw, 728px\" \/><\/figure><\/li><\/ul><\/figure>\n\n\n\n<p>&#8212;&#8212;&#8212;&#8212;&#8212;&#8212;<br><em>Quer receber as not\u00edcias do <strong>Aconteceu no Vale<\/strong> em primeira m\u00e3o? Siga-nos no Facebook <a rel=\"noreferrer noopener\" href=\"http:\/\/facebook.com\/aconteceunovale\" target=\"_blank\">@aconteceunovale<\/a>, Twitter <a rel=\"noreferrer noopener\" href=\"https:\/\/twitter.com\/noticiadosvales\" target=\"_blank\">@noticiadosvales<\/a> e Instagram <a rel=\"noreferrer noopener\" href=\"https:\/\/www.instagram.com\/aconteceunovale\" target=\"_blank\">@aconteceunovale<\/a>.<\/em><\/p>\n","protected":false},"excerpt":{"rendered":"<p>Dezoito estados e o Distrito Federal t\u00eam ocupa\u00e7\u00e3o de leitos de UTI para covid-19 acima de 80%. Desses, 10 est\u00e3o com lota\u00e7\u00e3o acima de 90%. Os dados foram divulgados nesta ter\u00e7a-feira (2) pela Funda\u00e7\u00e3o Oswaldo Cruz (Fiocruz). No\u00a0Boletim do Observat\u00f3rio Fiocruz Covid-19, a entidade chama a aten\u00e7\u00e3o para a gravidade do momento no pa\u00eds, com [&hellip;]<\/p>\n","protected":false},"author":4,"featured_media":174813,"comment_status":"open","ping_status":"closed","sticky":false,"template":"","format":"standard","meta":{"amp_status":"","footnotes":""},"categories":[6,40242],"tags":[238866,1018,238860,238864,24222,94947,238863,238862,238861,238865],"class_list":["post-174812","post","type-post","status-publish","format-standard","has-post-thumbnail","hentry","category-br","category-saude-2","tag-boletim-do-observatorio-fiocruz-covid-19","tag-destaque","tag-dezoito-estados-e-distrito-federal-tem-ocupacao-de-leitos-de-uti-acima-de-80","tag-estados-com-ocupacao-de-uti-acima-de-80","tag-fiocruz","tag-fundacao-oswaldo-cruz","tag-ocupacao-de-leitos-de-uti-no-brasil","tag-ocupacao-de-uti-no-brasil","tag-taxa-de-ocupacao-de-leitos-de-uti-covid-19-para-adultos","tag-uti-covid-19"],"_links":{"self":[{"href":"https:\/\/aconteceunovale.com.br\/portal\/index.php?rest_route=\/wp\/v2\/posts\/174812","targetHints":{"allow":["GET"]}}],"collection":[{"href":"https:\/\/aconteceunovale.com.br\/portal\/index.php?rest_route=\/wp\/v2\/posts"}],"about":[{"href":"https:\/\/aconteceunovale.com.br\/portal\/index.php?rest_route=\/wp\/v2\/types\/post"}],"author":[{"embeddable":true,"href":"https:\/\/aconteceunovale.com.br\/portal\/index.php?rest_route=\/wp\/v2\/users\/4"}],"replies":[{"embeddable":true,"href":"https:\/\/aconteceunovale.com.br\/portal\/index.php?rest_route=%2Fwp%2Fv2%2Fcomments&post=174812"}],"version-history":[{"count":1,"href":"https:\/\/aconteceunovale.com.br\/portal\/index.php?rest_route=\/wp\/v2\/posts\/174812\/revisions"}],"predecessor-version":[{"id":174814,"href":"https:\/\/aconteceunovale.com.br\/portal\/index.php?rest_route=\/wp\/v2\/posts\/174812\/revisions\/174814"}],"wp:featuredmedia":[{"embeddable":true,"href":"https:\/\/aconteceunovale.com.br\/portal\/index.php?rest_route=\/wp\/v2\/media\/174813"}],"wp:attachment":[{"href":"https:\/\/aconteceunovale.com.br\/portal\/index.php?rest_route=%2Fwp%2Fv2%2Fmedia&parent=174812"}],"wp:term":[{"taxonomy":"category","embeddable":true,"href":"https:\/\/aconteceunovale.com.br\/portal\/index.php?rest_route=%2Fwp%2Fv2%2Fcategories&post=174812"},{"taxonomy":"post_tag","embeddable":true,"href":"https:\/\/aconteceunovale.com.br\/portal\/index.php?rest_route=%2Fwp%2Fv2%2Ftags&post=174812"}],"curies":[{"name":"wp","href":"https:\/\/api.w.org\/{rel}","templated":true}]}}