{"id":174697,"date":"2021-02-28T21:35:15","date_gmt":"2021-03-01T00:35:15","guid":{"rendered":"https:\/\/aconteceunovale.com.br\/portal\/?p=174697"},"modified":"2021-02-28T21:40:32","modified_gmt":"2021-03-01T00:40:32","slug":"na-despedida-de-victor-galo-vence-a-urt-na-estreia-pelo-campeonato-mineiro-2021","status":"publish","type":"post","link":"https:\/\/aconteceunovale.com.br\/portal\/?p=174697","title":{"rendered":"Na despedida de Victor, Galo vence a URT na estreia pelo Campeonato Mineiro 2021"},"content":{"rendered":"\n<p>Em noite de muita emo\u00e7\u00e3o e homenagens ao goleiro Victor, o Atl\u00e9tico-MG venceu a URT por 3 a 0, em sua pelo Campeonato Mineiro 2021. A partida foi disputada\u00a0neste domingo (28\/2\/2021), no Mineir\u00e3o, em Belo Horizonte (MG).<\/p>\n\n\n\n<figure class=\"wp-block-gallery columns-1 is-cropped wp-block-gallery-1 is-layout-flex wp-block-gallery-is-layout-flex\"><ul class=\"blocks-gallery-grid\"><li class=\"blocks-gallery-item\"><figure><img loading=\"lazy\" decoding=\"async\" width=\"675\" height=\"450\" src=\"https:\/\/aconteceunovale.com.br\/portal\/wp-content\/uploads\/2021\/02\/atletico_urt_28fev_1.jpg\" alt=\"\" data-id=\"174698\" data-full-url=\"https:\/\/aconteceunovale.com.br\/portal\/wp-content\/uploads\/2021\/02\/atletico_urt_28fev_1.jpg\" data-link=\"https:\/\/aconteceunovale.com.br\/portal\/?attachment_id=174698\" class=\"wp-image-174698\" srcset=\"https:\/\/aconteceunovale.com.br\/portal\/wp-content\/uploads\/2021\/02\/atletico_urt_28fev_1.jpg 675w, https:\/\/aconteceunovale.com.br\/portal\/wp-content\/uploads\/2021\/02\/atletico_urt_28fev_1-300x200.jpg 300w, https:\/\/aconteceunovale.com.br\/portal\/wp-content\/uploads\/2021\/02\/atletico_urt_28fev_1-630x420.jpg 630w\" sizes=\"auto, (max-width: 675px) 100vw, 675px\" \/><figcaption class=\"blocks-gallery-item__caption\"><em>Foto: Pedro Souza \/ Atl\u00e9tico-MG \/ Divulga\u00e7\u00e3o<\/em><\/figcaption><\/figure><\/li><\/ul><\/figure>\n\n\n\n<p>Os gols foram de Diego Tardelli, Marrony e Echapor\u00e3. Com o resultado, o Atl\u00e9tico j\u00e1 lidera o Campeonato Mineiro.<\/p>\n\n\n\n<p>Victor se despede dos gramados e entra, definitivamente, para o seleto grupo dos maiores \u00eddolos do Galo em todos os tempos.<\/p>\n\n\n\n<p>Na pr\u00f3xima rodada do Estadual, o advers\u00e1rio do Atl\u00e9tico ser\u00e1 o Tombense, quinta-feira (4\/3), \u00e0s 21h, no est\u00e1dio Almeid\u00e3o, em Tombos. J\u00e1 a URT tentar\u00e1 se recuperar do rev\u00e9s na estreia contra o Uberl\u00e2ndia, no Est\u00e1dio Zama Maciel, na quarta-feira (3\/3).<\/p>\n\n\n\n<figure class=\"wp-block-gallery columns-1 is-cropped wp-block-gallery-2 is-layout-flex wp-block-gallery-is-layout-flex\"><ul class=\"blocks-gallery-grid\"><li class=\"blocks-gallery-item\"><figure><img loading=\"lazy\" decoding=\"async\" width=\"678\" height=\"450\" src=\"https:\/\/aconteceunovale.com.br\/portal\/wp-content\/uploads\/2021\/02\/atletico_urt_28fev_2.jpg\" alt=\"\" data-id=\"174699\" data-full-url=\"https:\/\/aconteceunovale.com.br\/portal\/wp-content\/uploads\/2021\/02\/atletico_urt_28fev_2.jpg\" data-link=\"https:\/\/aconteceunovale.com.br\/portal\/?attachment_id=174699\" class=\"wp-image-174699\" srcset=\"https:\/\/aconteceunovale.com.br\/portal\/wp-content\/uploads\/2021\/02\/atletico_urt_28fev_2.jpg 678w, https:\/\/aconteceunovale.com.br\/portal\/wp-content\/uploads\/2021\/02\/atletico_urt_28fev_2-300x199.jpg 300w, https:\/\/aconteceunovale.com.br\/portal\/wp-content\/uploads\/2021\/02\/atletico_urt_28fev_2-633x420.jpg 633w\" sizes=\"auto, (max-width: 678px) 100vw, 678px\" \/><figcaption class=\"blocks-gallery-item__caption\"><em>Foto: Atl\u00e9tico-MG \/ Divulga\u00e7\u00e3o<\/em><\/figcaption><\/figure><\/li><\/ul><\/figure>\n\n\n\n<h2 class=\"wp-block-heading\"><strong>O jogo<\/strong><\/h2>\n\n\n\n<p>O Atl\u00e9tico dominou totalmente as a\u00e7\u00f5es no primeiro tempo e teve a primeira chance aos cinco minutos, quando S\u00e1vio sofreu falta na intermedi\u00e1ria e Calebe cobrou por cima do gol.<\/p>\n\n\n\n<p>No ataque seguinte, Mariano cruzou pela direita e a defesa da URT afastou o perigo. Aos 12 minutos, Mariano lan\u00e7ou Diego Tardelli na grande \u00e1rea pela direita e o goleiro Renan Rinaldi saiu do gol para fazer a prote\u00e7\u00e3o e impedir a sequ\u00eancia da jogada.<\/p>\n\n\n\n<p>Em novo ataque alvinegro, S\u00e1vio recebeu lan\u00e7amento de Gabriel na grande \u00e1rea, mas acabou dominando a bola com o bra\u00e7o.<\/p>\n\n\n\n<p>Ap\u00f3s cobran\u00e7a de falta para a grande \u00e1rea, aos 19, Gabriel escorou de cabe\u00e7a e Igor Rabello, tamb\u00e9m de cabe\u00e7a, desviou para o gol, mas a arbitragem assinalou impedimento de Gabriel.<\/p>\n\n\n\n<p>Aos 20 minutos, S\u00e1vio invadiu a \u00e1rea pela direita e tocou para Calebe, que foi derrubado pelo seu marcador, mas a arbitragem considerou o lance normal.<\/p>\n\n\n\n<p>O Atl\u00e9tico abriu o placar aos 24 minutos. No lance, Zaracho cobrou lateral rapidamente pela esquerda, Marrony dominou a bola na pequena \u00e1rea, cruzou rasteiro e Diego Tardelli se atirou na bola para completar para o gol: Galo 1 x 0.<\/p>\n\n\n\n<figure class=\"wp-block-gallery columns-1 is-cropped wp-block-gallery-3 is-layout-flex wp-block-gallery-is-layout-flex\"><ul class=\"blocks-gallery-grid\"><li class=\"blocks-gallery-item\"><figure><img loading=\"lazy\" decoding=\"async\" width=\"678\" height=\"408\" src=\"https:\/\/aconteceunovale.com.br\/portal\/wp-content\/uploads\/2021\/02\/atletico_urt_28fev_3.png\" alt=\"\" data-id=\"174700\" data-full-url=\"https:\/\/aconteceunovale.com.br\/portal\/wp-content\/uploads\/2021\/02\/atletico_urt_28fev_3.png\" data-link=\"https:\/\/aconteceunovale.com.br\/portal\/?attachment_id=174700\" class=\"wp-image-174700\" srcset=\"https:\/\/aconteceunovale.com.br\/portal\/wp-content\/uploads\/2021\/02\/atletico_urt_28fev_3.png 678w, https:\/\/aconteceunovale.com.br\/portal\/wp-content\/uploads\/2021\/02\/atletico_urt_28fev_3-300x181.png 300w\" sizes=\"auto, (max-width: 678px) 100vw, 678px\" \/><figcaption class=\"blocks-gallery-item__caption\"><em>Foto: Atl\u00e9tico-MG \/ Divulga\u00e7\u00e3o<\/em><\/figcaption><\/figure><\/li><\/ul><\/figure>\n\n\n\n<p>O Galo ainda teve \u00f3timas chances de ampliar o marcador ainda na etapa inicial. Aos 26,&nbsp;Calebe recebeu passe de S\u00e1vio na entrada da \u00e1rea e ajeitou a bola para Dod\u00f4, que errou a finaliza\u00e7\u00e3o.<\/p>\n\n\n\n<p>Aos 30 minutos, Dod\u00f4 iniciou a jogada pela esquerda, a bola passou por Marrony e Dylan at\u00e9 chegar em S\u00e1vio, que concluiu para a defesa do goleiro.<\/p>\n\n\n\n<p>Cinco minutos mais tarde, Marrony cruzou pela direita e Calebe perdeu grande chance, finalizando para fora.<\/p>\n\n\n\n<p>A press\u00e3o alvinegra continuou na grande jogada de S\u00e1vio pela direita, mas a defesa da URT cortou o cruzamento do atacante atleticano.<\/p>\n\n\n\n<p>Aos 45 minutos, Calebe deu \u00f3timo passe para Marrony, ams o camisa 38 parou na boa defesa de Renan Rinaldi.<\/p>\n\n\n\n<p>A equipe retornou com a mesma forma\u00e7\u00e3o para o <strong>segundo tempo\u00a0<\/strong>e aumentou a vantagem logo aos quatro minutos, com Marrony aproveitando \u00f3timo passe de Calebe e tocando na sa\u00edda do goleiro: Galo 2 x 0.<\/p>\n\n\n\n<figure class=\"wp-block-gallery columns-1 is-cropped wp-block-gallery-4 is-layout-flex wp-block-gallery-is-layout-flex\"><ul class=\"blocks-gallery-grid\"><li class=\"blocks-gallery-item\"><figure><img loading=\"lazy\" decoding=\"async\" width=\"678\" height=\"450\" src=\"https:\/\/aconteceunovale.com.br\/portal\/wp-content\/uploads\/2021\/02\/atletico_urt_28fev_4.jpg\" alt=\"\" data-id=\"174701\" data-full-url=\"https:\/\/aconteceunovale.com.br\/portal\/wp-content\/uploads\/2021\/02\/atletico_urt_28fev_4.jpg\" data-link=\"https:\/\/aconteceunovale.com.br\/portal\/?attachment_id=174701\" class=\"wp-image-174701\" srcset=\"https:\/\/aconteceunovale.com.br\/portal\/wp-content\/uploads\/2021\/02\/atletico_urt_28fev_4.jpg 678w, https:\/\/aconteceunovale.com.br\/portal\/wp-content\/uploads\/2021\/02\/atletico_urt_28fev_4-300x199.jpg 300w, https:\/\/aconteceunovale.com.br\/portal\/wp-content\/uploads\/2021\/02\/atletico_urt_28fev_4-633x420.jpg 633w\" sizes=\"auto, (max-width: 678px) 100vw, 678px\" \/><figcaption class=\"blocks-gallery-item__caption\"><em>Foto: Atl\u00e9tico-MG \/ Divulga\u00e7\u00e3o<\/em><\/figcaption><\/figure><\/li><\/ul><\/figure>\n\n\n\n<p>Aos 12 minutos, o zagueiro vacilou na sa\u00edda e bola e Tardelli tentou concluir rapidamente, para fora.<\/p>\n\n\n\n<p>Marrony cruzou pela esquerda, aos 18 minutos, e a zaga da URT conseguiu cortar a jogada.<\/p>\n\n\n\n<p>Diego Tardelli e S\u00e1vio foram substitu\u00eddos por e Felipe Fel\u00edcio e Echapor\u00e3, respectivamente, aos 21 minutos.<\/p>\n\n\n\n<p>O Galo quase ampliou no cruzamento de rasteiro de Zaracho pela esquerda e a bola atravessou a pequena \u00e1rea.<\/p>\n\n\n\n<p>Aos 31, Dod\u00f4 e Calebe deixaram o campo para a entrada de Matheus Lima e J\u00falio C\u00e9sar.<\/p>\n\n\n\n<p>O Galo atacou pela direita no cruzamento de Mariano, cortado pela defesa da equipe de Patos de Minas. Aos 34, o pr\u00f3prio Mariano cobrou falta apara a grande \u00e1rea e o zagueiro fez o corte pelo alto.<\/p>\n\n\n\n<p>Aos 43 minutos, Zaracho deu lugar a Iago. Em grande oportunidade, no minuto seguinte, Marrony recebeu passe de Dylan na marca do p\u00eanalti e errou a conclus\u00e3o.<\/p>\n\n\n\n<p>J\u00e1 nos acr\u00e9scimos, Matheus Lima fez \u00f3timo cruzamento pela esquerda e Marrony cabeceou por cima do gol.<\/p>\n\n\n\n<p>Aos 50 minutos, Echapor\u00e3 recebeu grande lan\u00e7amento de Borrero, driblou o goleiro e tocou para o gol, dando n\u00fameros finais ao jogo.<\/p>\n\n\n\n<h2 class=\"wp-block-heading\"><strong>Primeira rodada do Mineiro<\/strong><\/h2>\n\n\n\n<ul class=\"wp-block-list\"><li>Uberl\u00e2ndia 1 x 1 Cruzeiro<\/li><li>Caldense 1 x 1 Tombense<\/li><li>Am\u00e9rica-MG 1 x 0 Boa Esporte<\/li><li>Pouso Alegre 0 x 0 Coimbra<\/li><li>Patrocinense 0 x 2 Athletic Club<\/li><li>Atl\u00e9tico-MG 3 x 0 URT<\/li><\/ul>\n\n\n\n<p>&#8212;&#8212;&#8212;&#8212;&#8212;&#8212;<br><em>Quer receber as not\u00edcias do <strong>Aconteceu no Vale<\/strong> em primeira m\u00e3o? Siga-nos no Facebook <a rel=\"noreferrer noopener\" href=\"http:\/\/facebook.com\/aconteceunovale\" target=\"_blank\">@aconteceunovale<\/a>, Twitter <a rel=\"noreferrer noopener\" href=\"https:\/\/twitter.com\/noticiadosvales\" target=\"_blank\">@noticiadosvales<\/a> e Instagram <a rel=\"noreferrer noopener\" href=\"https:\/\/www.instagram.com\/aconteceunovale\" target=\"_blank\">@aconteceunovale<\/a>.<\/em><\/p>\n","protected":false},"excerpt":{"rendered":"<p>Em noite de muita emo\u00e7\u00e3o e homenagens ao goleiro Victor, o Atl\u00e9tico-MG venceu a URT por 3 a 0, em sua pelo Campeonato Mineiro 2021. A partida foi disputada\u00a0neste domingo (28\/2\/2021), no Mineir\u00e3o, em Belo Horizonte (MG). Os gols foram de Diego Tardelli, Marrony e Echapor\u00e3. Com o resultado, o Atl\u00e9tico j\u00e1 lidera o Campeonato [&hellip;]<\/p>\n","protected":false},"author":4,"featured_media":174698,"comment_status":"open","ping_status":"closed","sticky":false,"template":"","format":"standard","meta":{"amp_status":"","footnotes":""},"categories":[59,123],"tags":[238599,143678,238629,194,1017,4404,238598,238625,238633,238632,1018,14355,238635,238628,238627,238626,238630,238634,16500,211822,238631],"class_list":["post-174697","post","type-post","status-publish","format-standard","has-post-thumbnail","hentry","category-sports","category-gerais","tag-abertura-do-campeonato-mineiro-2021","tag-atletico-x-urt","tag-atletico-mg-x-urt","tag-belo-horizonte","tag-bh","tag-campeonato-mineiro","tag-campeonato-mineiro-2021","tag-despedida-de-victor","tag-despedida-de-victor-do-atletico","tag-despedida-do-goleiro-victor","tag-destaque","tag-diego-tardelli","tag-echapora","tag-estreia-do-atletico-mg-no-campeonato-mineiro-2021","tag-estreia-do-galo-no-campeonato-mineiro-2021","tag-galo-vence-a-urt-na-estreia-pelo-campeonato-mineiro-2021","tag-galo-x-urt","tag-marrony","tag-mineirao","tag-mineiro","tag-victor"],"_links":{"self":[{"href":"https:\/\/aconteceunovale.com.br\/portal\/index.php?rest_route=\/wp\/v2\/posts\/174697","targetHints":{"allow":["GET"]}}],"collection":[{"href":"https:\/\/aconteceunovale.com.br\/portal\/index.php?rest_route=\/wp\/v2\/posts"}],"about":[{"href":"https:\/\/aconteceunovale.com.br\/portal\/index.php?rest_route=\/wp\/v2\/types\/post"}],"author":[{"embeddable":true,"href":"https:\/\/aconteceunovale.com.br\/portal\/index.php?rest_route=\/wp\/v2\/users\/4"}],"replies":[{"embeddable":true,"href":"https:\/\/aconteceunovale.com.br\/portal\/index.php?rest_route=%2Fwp%2Fv2%2Fcomments&post=174697"}],"version-history":[{"count":2,"href":"https:\/\/aconteceunovale.com.br\/portal\/index.php?rest_route=\/wp\/v2\/posts\/174697\/revisions"}],"predecessor-version":[{"id":174703,"href":"https:\/\/aconteceunovale.com.br\/portal\/index.php?rest_route=\/wp\/v2\/posts\/174697\/revisions\/174703"}],"wp:featuredmedia":[{"embeddable":true,"href":"https:\/\/aconteceunovale.com.br\/portal\/index.php?rest_route=\/wp\/v2\/media\/174698"}],"wp:attachment":[{"href":"https:\/\/aconteceunovale.com.br\/portal\/index.php?rest_route=%2Fwp%2Fv2%2Fmedia&parent=174697"}],"wp:term":[{"taxonomy":"category","embeddable":true,"href":"https:\/\/aconteceunovale.com.br\/portal\/index.php?rest_route=%2Fwp%2Fv2%2Fcategories&post=174697"},{"taxonomy":"post_tag","embeddable":true,"href":"https:\/\/aconteceunovale.com.br\/portal\/index.php?rest_route=%2Fwp%2Fv2%2Ftags&post=174697"}],"curies":[{"name":"wp","href":"https:\/\/api.w.org\/{rel}","templated":true}]}}