{"id":174694,"date":"2021-02-28T18:55:34","date_gmt":"2021-02-28T21:55:34","guid":{"rendered":"https:\/\/aconteceunovale.com.br\/portal\/?p=174694"},"modified":"2021-02-28T18:56:17","modified_gmt":"2021-02-28T21:56:17","slug":"mae-e-filha-sao-resgatadas-apos-roubo-no-municipio-de-pedra-azul","status":"publish","type":"post","link":"https:\/\/aconteceunovale.com.br\/portal\/?p=174694","title":{"rendered":"M\u00e3e e filha s\u00e3o resgatadas ap\u00f3s roubo no munic\u00edpio de Pedra Azul"},"content":{"rendered":"\n<p>M\u00e3e e filha foram resgatadas pela Pol\u00edcia Rodovi\u00e1ria Federal na BR-251, na regi\u00e3o de Pedra Azul, nesse s\u00e1bado (27\/2\/2021). Elas foram v\u00edtimas de um assalto na zona rural do munic\u00edpio.<\/p>\n\n\n\n<p>De acordo com a PRF, durante o encerramento de uma ocorr\u00eancia na Delegacia de Pedra Azul, o delegado de plant\u00e3o recebeu informa\u00e7\u00f5es sobre o roubo de um ve\u00edculo e que duas v\u00edtimas teriam sido sequestradas.<\/p>\n\n\n\n<p>Ainda segundo a PRF, os agentes foram acionados para atender a um acidente na BR-116 e que cargas estavam sendo saqueadas. No trajeto, o ve\u00edculo roubado foi visto \u00e0s margens da BR-251 e, durante a abordagem, m\u00e3e e filha estavam no banco de tr\u00e1s do carro.<\/p>\n\n\n\n<p>As duas v\u00edtimas e o ve\u00edculo foram levados para a Delegacia de Pedra Azul. Os suspeitos n\u00e3o foram localizados no local.<\/p>\n\n\n\n<figure class=\"wp-block-gallery columns-1 is-cropped wp-block-gallery-1 is-layout-flex wp-block-gallery-is-layout-flex\"><ul class=\"blocks-gallery-grid\"><li class=\"blocks-gallery-item\"><figure><img loading=\"lazy\" decoding=\"async\" width=\"678\" height=\"378\" src=\"https:\/\/aconteceunovale.com.br\/portal\/wp-content\/uploads\/2021\/02\/resgate_pedra_azul.jpeg\" alt=\"\" data-id=\"174695\" data-full-url=\"https:\/\/aconteceunovale.com.br\/portal\/wp-content\/uploads\/2021\/02\/resgate_pedra_azul.jpeg\" data-link=\"https:\/\/aconteceunovale.com.br\/portal\/?attachment_id=174695\" class=\"wp-image-174695\" srcset=\"https:\/\/aconteceunovale.com.br\/portal\/wp-content\/uploads\/2021\/02\/resgate_pedra_azul.jpeg 678w, https:\/\/aconteceunovale.com.br\/portal\/wp-content\/uploads\/2021\/02\/resgate_pedra_azul-300x167.jpeg 300w\" sizes=\"auto, (max-width: 678px) 100vw, 678px\" \/><figcaption class=\"blocks-gallery-item__caption\"><em>Foto: Divulga\u00e7\u00e3o \/ PRF<\/em><\/figcaption><\/figure><\/li><\/ul><\/figure>\n\n\n\n<p>&#8212;&#8212;&#8212;&#8212;&#8212;&#8212;<br><em>Quer receber as not\u00edcias do <strong>Aconteceu no Vale<\/strong> em primeira m\u00e3o? Siga-nos no Facebook <a rel=\"noreferrer noopener\" href=\"http:\/\/facebook.com\/aconteceunovale\" target=\"_blank\">@aconteceunovale<\/a>, Twitter <a rel=\"noreferrer noopener\" href=\"https:\/\/twitter.com\/noticiadosvales\" target=\"_blank\">@noticiadosvales<\/a> e Instagram <a rel=\"noreferrer noopener\" href=\"https:\/\/www.instagram.com\/aconteceunovale\" target=\"_blank\">@aconteceunovale<\/a>.<\/em><\/p>\n","protected":false},"excerpt":{"rendered":"<p>M\u00e3e e filha foram resgatadas pela Pol\u00edcia Rodovi\u00e1ria Federal na BR-251, na regi\u00e3o de Pedra Azul, nesse s\u00e1bado (27\/2\/2021). Elas foram v\u00edtimas de um assalto na zona rural do munic\u00edpio. De acordo com a PRF, durante o encerramento de uma ocorr\u00eancia na Delegacia de Pedra Azul, o delegado de plant\u00e3o recebeu informa\u00e7\u00f5es sobre o roubo [&hellip;]<\/p>\n","protected":false},"author":4,"featured_media":174695,"comment_status":"open","ping_status":"closed","sticky":false,"template":"","format":"standard","meta":{"amp_status":"","footnotes":""},"categories":[1236],"tags":[225135,238620,455,238624,61817,238623,238622,26927,238621],"class_list":["post-174694","post","type-post","status-publish","format-standard","has-post-thumbnail","hentry","category-norte_de_minas","tag-delegacia-de-pedra-azul","tag-mae-e-filha-sao-resgatadas-apos-roubo-no-municipio-de-pedra-azul","tag-pedra-azul","tag-pedra-azul-prf","tag-policia-civil-de-pedra-azul","tag-prf-pedra-azul","tag-resgate-de-vitimas-em-pedra-azul","tag-roubo-em-pedra-azul","tag-sequestro-em-pedra-azul"],"_links":{"self":[{"href":"https:\/\/aconteceunovale.com.br\/portal\/index.php?rest_route=\/wp\/v2\/posts\/174694","targetHints":{"allow":["GET"]}}],"collection":[{"href":"https:\/\/aconteceunovale.com.br\/portal\/index.php?rest_route=\/wp\/v2\/posts"}],"about":[{"href":"https:\/\/aconteceunovale.com.br\/portal\/index.php?rest_route=\/wp\/v2\/types\/post"}],"author":[{"embeddable":true,"href":"https:\/\/aconteceunovale.com.br\/portal\/index.php?rest_route=\/wp\/v2\/users\/4"}],"replies":[{"embeddable":true,"href":"https:\/\/aconteceunovale.com.br\/portal\/index.php?rest_route=%2Fwp%2Fv2%2Fcomments&post=174694"}],"version-history":[{"count":1,"href":"https:\/\/aconteceunovale.com.br\/portal\/index.php?rest_route=\/wp\/v2\/posts\/174694\/revisions"}],"predecessor-version":[{"id":174696,"href":"https:\/\/aconteceunovale.com.br\/portal\/index.php?rest_route=\/wp\/v2\/posts\/174694\/revisions\/174696"}],"wp:featuredmedia":[{"embeddable":true,"href":"https:\/\/aconteceunovale.com.br\/portal\/index.php?rest_route=\/wp\/v2\/media\/174695"}],"wp:attachment":[{"href":"https:\/\/aconteceunovale.com.br\/portal\/index.php?rest_route=%2Fwp%2Fv2%2Fmedia&parent=174694"}],"wp:term":[{"taxonomy":"category","embeddable":true,"href":"https:\/\/aconteceunovale.com.br\/portal\/index.php?rest_route=%2Fwp%2Fv2%2Fcategories&post=174694"},{"taxonomy":"post_tag","embeddable":true,"href":"https:\/\/aconteceunovale.com.br\/portal\/index.php?rest_route=%2Fwp%2Fv2%2Ftags&post=174694"}],"curies":[{"name":"wp","href":"https:\/\/api.w.org\/{rel}","templated":true}]}}