{"id":174675,"date":"2021-02-27T18:54:47","date_gmt":"2021-02-27T21:54:47","guid":{"rendered":"https:\/\/aconteceunovale.com.br\/portal\/?p=174675"},"modified":"2021-02-27T18:55:57","modified_gmt":"2021-02-27T21:55:57","slug":"idoso-e-flagrado-dirigindo-a-quase-200-km-h-para-nao-se-atrasar-para-vacinacao-contra-covid-19","status":"publish","type":"post","link":"https:\/\/aconteceunovale.com.br\/portal\/?p=174675","title":{"rendered":"Idoso \u00e9 flagrado dirigindo a quase 200 km\/h para n\u00e3o se atrasar para vacina\u00e7\u00e3o contra Covid-19"},"content":{"rendered":"\n<p>Um homem de 88 anos foi flagrado dirigindo a 191 quil\u00f4metros por hora em uma rodovia rural francesa para n\u00e3o se atrasar para a consulta onde seria vacinado contra a Covid-19.<\/p>\n\n\n\n<figure class=\"wp-block-gallery columns-1 is-cropped wp-block-gallery-1 is-layout-flex wp-block-gallery-is-layout-flex\"><ul class=\"blocks-gallery-grid\"><li class=\"blocks-gallery-item\"><figure><img loading=\"lazy\" decoding=\"async\" width=\"662\" height=\"450\" src=\"https:\/\/aconteceunovale.com.br\/portal\/wp-content\/uploads\/2021\/02\/radar_franca.png\" alt=\"\" data-id=\"174676\" data-full-url=\"https:\/\/aconteceunovale.com.br\/portal\/wp-content\/uploads\/2021\/02\/radar_franca.png\" data-link=\"https:\/\/aconteceunovale.com.br\/portal\/?attachment_id=174676\" class=\"wp-image-174676\" srcset=\"https:\/\/aconteceunovale.com.br\/portal\/wp-content\/uploads\/2021\/02\/radar_franca.png 662w, https:\/\/aconteceunovale.com.br\/portal\/wp-content\/uploads\/2021\/02\/radar_franca-300x204.png 300w, https:\/\/aconteceunovale.com.br\/portal\/wp-content\/uploads\/2021\/02\/radar_franca-618x420.png 618w\" sizes=\"auto, (max-width: 662px) 100vw, 662px\" \/><figcaption class=\"blocks-gallery-item__caption\"><em>Foto: Departamento de Pol\u00edcia de Bas-Rhin \/ Reprodu\u00e7\u00e3o<\/em><\/figcaption><\/figure><\/li><\/ul><\/figure>\n\n\n\n<p>O limite de velocidade na estrada onde ele foi parado na quinta-feira (25\/2\/2021) \u00e9 de 110 quil\u00f4metros por hora, informou a pol\u00edcia da regi\u00e3o de Bas-Rhin, no Leste da Fran\u00e7a.&nbsp;<\/p>\n\n\n\n<p>O motorista &#8220;explicou como motivo para sua velocidade que estava atrasado para sua vacina\u00e7\u00e3o&#8221;, acrescentou a pol\u00edcia.<\/p>\n\n\n\n<p>Os policiais confiscaram a carteira de motorista do homem e seu ve\u00edculo.<\/p>\n\n\n\n<p>Desde janeiro, a Fran\u00e7a d\u00e1 prioridade aos maiores de 75 anos em sua campanha de vacina\u00e7\u00e3o.&nbsp;<\/p>\n\n\n\n<p>A estrat\u00e9gia est\u00e1 dando resultado, segundo o primeiro-ministro Jean Castex, \u00e0 medida que a taxa de novas infec\u00e7\u00f5es entre pessoas com mais de 80 anos caiu.<\/p>\n\n\n\n<p>&#8212;&#8212;&#8212;&#8212;&#8212;&#8212;<br><em>Quer receber as not\u00edcias do <strong>Aconteceu no Vale<\/strong> em primeira m\u00e3o? Siga-nos no Facebook <a rel=\"noreferrer noopener\" href=\"http:\/\/facebook.com\/aconteceunovale\" target=\"_blank\">@aconteceunovale<\/a>, Twitter <a rel=\"noreferrer noopener\" href=\"https:\/\/twitter.com\/noticiadosvales\" target=\"_blank\">@noticiadosvales<\/a> e Instagram <a rel=\"noreferrer noopener\" href=\"https:\/\/www.instagram.com\/aconteceunovale\" target=\"_blank\">@aconteceunovale<\/a>.<\/em><\/p>\n","protected":false},"excerpt":{"rendered":"<p>Um homem de 88 anos foi flagrado dirigindo a 191 quil\u00f4metros por hora em uma rodovia rural francesa para n\u00e3o se atrasar para a consulta onde seria vacinado contra a Covid-19. O limite de velocidade na estrada onde ele foi parado na quinta-feira (25\/2\/2021) \u00e9 de 110 quil\u00f4metros por hora, informou a pol\u00edcia da regi\u00e3o [&hellip;]<\/p>\n","protected":false},"author":4,"featured_media":174676,"comment_status":"open","ping_status":"closed","sticky":false,"template":"","format":"standard","meta":{"amp_status":"","footnotes":""},"categories":[6],"tags":[238595,238596,33950,238594,238593,238592],"class_list":["post-174675","post","type-post","status-publish","format-standard","has-post-thumbnail","hentry","category-br","tag-bas-rhin","tag-flagrado-a-191-quilometros-por-hora","tag-franca","tag-idoso-e-flagrado-dirigindo-a-quase-200-km-h-em-bas-rhin","tag-idoso-e-flagrado-dirigindo-a-quase-200-km-h-na-franca","tag-idoso-e-flagrado-dirigindo-a-quase-200-km-h-para-nao-se-atrasar-para-vacinacao-contra-covid-19"],"_links":{"self":[{"href":"https:\/\/aconteceunovale.com.br\/portal\/index.php?rest_route=\/wp\/v2\/posts\/174675","targetHints":{"allow":["GET"]}}],"collection":[{"href":"https:\/\/aconteceunovale.com.br\/portal\/index.php?rest_route=\/wp\/v2\/posts"}],"about":[{"href":"https:\/\/aconteceunovale.com.br\/portal\/index.php?rest_route=\/wp\/v2\/types\/post"}],"author":[{"embeddable":true,"href":"https:\/\/aconteceunovale.com.br\/portal\/index.php?rest_route=\/wp\/v2\/users\/4"}],"replies":[{"embeddable":true,"href":"https:\/\/aconteceunovale.com.br\/portal\/index.php?rest_route=%2Fwp%2Fv2%2Fcomments&post=174675"}],"version-history":[{"count":1,"href":"https:\/\/aconteceunovale.com.br\/portal\/index.php?rest_route=\/wp\/v2\/posts\/174675\/revisions"}],"predecessor-version":[{"id":174677,"href":"https:\/\/aconteceunovale.com.br\/portal\/index.php?rest_route=\/wp\/v2\/posts\/174675\/revisions\/174677"}],"wp:featuredmedia":[{"embeddable":true,"href":"https:\/\/aconteceunovale.com.br\/portal\/index.php?rest_route=\/wp\/v2\/media\/174676"}],"wp:attachment":[{"href":"https:\/\/aconteceunovale.com.br\/portal\/index.php?rest_route=%2Fwp%2Fv2%2Fmedia&parent=174675"}],"wp:term":[{"taxonomy":"category","embeddable":true,"href":"https:\/\/aconteceunovale.com.br\/portal\/index.php?rest_route=%2Fwp%2Fv2%2Fcategories&post=174675"},{"taxonomy":"post_tag","embeddable":true,"href":"https:\/\/aconteceunovale.com.br\/portal\/index.php?rest_route=%2Fwp%2Fv2%2Ftags&post=174675"}],"curies":[{"name":"wp","href":"https:\/\/api.w.org\/{rel}","templated":true}]}}