{"id":174669,"date":"2021-02-27T12:43:13","date_gmt":"2021-02-27T15:43:13","guid":{"rendered":"https:\/\/aconteceunovale.com.br\/portal\/?p=174669"},"modified":"2021-02-27T12:43:43","modified_gmt":"2021-02-27T15:43:43","slug":"policia-federal-apura-extravio-de-respiradores-em-montes-claros","status":"publish","type":"post","link":"https:\/\/aconteceunovale.com.br\/portal\/?p=174669","title":{"rendered":"Pol\u00edcia Federal apura extravio de respiradores em Montes Claros"},"content":{"rendered":"\n<p>A Pol\u00edcia Federal (PF) deflagou, neste s\u00e1bado (27\/2\/2021), a Opera\u00e7\u00e3o O2. A a\u00e7\u00e3o tem como objetivo apurar o extravio de dois aparelhos respiradores da Santa Casa de Montes Claros (MG). Foram cumpridos dois mandados de pris\u00e3o e tr\u00eas de busca e apreens\u00e3o.<\/p>\n\n\n\n<p>As investiga\u00e7\u00f5es tiveram in\u00edcio h\u00e1 uma semana, quando a PF tomou conhecimento do extravio de dois equipamentos adquiridos com verbas provenientes de conv\u00eanio com o governo federal.<\/p>\n\n\n\n<p><em>\u201cOs dois aparelhos respiradores foram recuperados no curso das investiga\u00e7\u00f5es. Os procedimentos policiais foram formalizados e os aparelhos restitu\u00eddos \u00e0 Santa Casa na data de hoje\u201d,<\/em> informou a PF.<\/p>\n\n\n\n<p>Os investigados foram encaminhados para a Delegacia Regional da Pol\u00edcia Federal em Montes Claros e poder\u00e3o cumprir at\u00e9 7 anos de reclus\u00e3o, se condenados pelos crimes de furto e associa\u00e7\u00e3o criminosa.<\/p>\n\n\n\n<figure class=\"wp-block-gallery columns-1 is-cropped wp-block-gallery-1 is-layout-flex wp-block-gallery-is-layout-flex\"><ul class=\"blocks-gallery-grid\"><li class=\"blocks-gallery-item\"><figure><img loading=\"lazy\" decoding=\"async\" width=\"661\" height=\"450\" src=\"https:\/\/aconteceunovale.com.br\/portal\/wp-content\/uploads\/2021\/02\/respiradores_moc.jpg\" alt=\"\" data-id=\"174670\" data-full-url=\"https:\/\/aconteceunovale.com.br\/portal\/wp-content\/uploads\/2021\/02\/respiradores_moc.jpg\" data-link=\"https:\/\/aconteceunovale.com.br\/portal\/?attachment_id=174670\" class=\"wp-image-174670\" srcset=\"https:\/\/aconteceunovale.com.br\/portal\/wp-content\/uploads\/2021\/02\/respiradores_moc.jpg 661w, https:\/\/aconteceunovale.com.br\/portal\/wp-content\/uploads\/2021\/02\/respiradores_moc-300x204.jpg 300w, https:\/\/aconteceunovale.com.br\/portal\/wp-content\/uploads\/2021\/02\/respiradores_moc-617x420.jpg 617w\" sizes=\"auto, (max-width: 661px) 100vw, 661px\" \/><figcaption class=\"blocks-gallery-item__caption\"><em>Foto: Divulga\u00e7\u00e3o \/ Pol\u00edcia Federal<\/em><\/figcaption><\/figure><\/li><\/ul><\/figure>\n\n\n\n<p>&#8212;&#8212;&#8212;&#8212;&#8212;&#8212;<br><em>Quer receber as not\u00edcias do <strong>Aconteceu no Vale<\/strong> em primeira m\u00e3o? Siga-nos no Facebook <a rel=\"noreferrer noopener\" href=\"http:\/\/facebook.com\/aconteceunovale\" target=\"_blank\">@aconteceunovale<\/a>, Twitter <a rel=\"noreferrer noopener\" href=\"https:\/\/twitter.com\/noticiadosvales\" target=\"_blank\">@noticiadosvales<\/a> e Instagram <a rel=\"noreferrer noopener\" href=\"https:\/\/www.instagram.com\/aconteceunovale\" target=\"_blank\">@aconteceunovale<\/a>.<\/em><\/p>\n","protected":false},"excerpt":{"rendered":"<p>A Pol\u00edcia Federal (PF) deflagou, neste s\u00e1bado (27\/2\/2021), a Opera\u00e7\u00e3o O2. A a\u00e7\u00e3o tem como objetivo apurar o extravio de dois aparelhos respiradores da Santa Casa de Montes Claros (MG). Foram cumpridos dois mandados de pris\u00e3o e tr\u00eas de busca e apreens\u00e3o. As investiga\u00e7\u00f5es tiveram in\u00edcio h\u00e1 uma semana, quando a PF tomou conhecimento do [&hellip;]<\/p>\n","protected":false},"author":4,"featured_media":174670,"comment_status":"open","ping_status":"closed","sticky":false,"template":"","format":"standard","meta":{"amp_status":"","footnotes":""},"categories":[1236],"tags":[238581,210,90838,90836,238586,238587,238584,238580,238585,238583,238582],"class_list":["post-174669","post","type-post","status-publish","format-standard","has-post-thumbnail","hentry","category-norte_de_minas","tag-extravio-de-respiradores-em-montes-claros","tag-montes-claros","tag-operacao-da-pf-em-montes-claros","tag-operacao-da-policia-federal-em-montes-claros","tag-operacao-o2-da-pf","tag-operacao-o2-da-policia-federal","tag-pf-montes-claros","tag-policia-federal-apura-extravio-de-respiradores-em-montes-claros","tag-policia-federal-montes-claros","tag-respiradores-extraviados-da-santa-casa-de-montes-claros","tag-roubo-de-respiradores-em-montes-claros"],"_links":{"self":[{"href":"https:\/\/aconteceunovale.com.br\/portal\/index.php?rest_route=\/wp\/v2\/posts\/174669","targetHints":{"allow":["GET"]}}],"collection":[{"href":"https:\/\/aconteceunovale.com.br\/portal\/index.php?rest_route=\/wp\/v2\/posts"}],"about":[{"href":"https:\/\/aconteceunovale.com.br\/portal\/index.php?rest_route=\/wp\/v2\/types\/post"}],"author":[{"embeddable":true,"href":"https:\/\/aconteceunovale.com.br\/portal\/index.php?rest_route=\/wp\/v2\/users\/4"}],"replies":[{"embeddable":true,"href":"https:\/\/aconteceunovale.com.br\/portal\/index.php?rest_route=%2Fwp%2Fv2%2Fcomments&post=174669"}],"version-history":[{"count":1,"href":"https:\/\/aconteceunovale.com.br\/portal\/index.php?rest_route=\/wp\/v2\/posts\/174669\/revisions"}],"predecessor-version":[{"id":174671,"href":"https:\/\/aconteceunovale.com.br\/portal\/index.php?rest_route=\/wp\/v2\/posts\/174669\/revisions\/174671"}],"wp:featuredmedia":[{"embeddable":true,"href":"https:\/\/aconteceunovale.com.br\/portal\/index.php?rest_route=\/wp\/v2\/media\/174670"}],"wp:attachment":[{"href":"https:\/\/aconteceunovale.com.br\/portal\/index.php?rest_route=%2Fwp%2Fv2%2Fmedia&parent=174669"}],"wp:term":[{"taxonomy":"category","embeddable":true,"href":"https:\/\/aconteceunovale.com.br\/portal\/index.php?rest_route=%2Fwp%2Fv2%2Fcategories&post=174669"},{"taxonomy":"post_tag","embeddable":true,"href":"https:\/\/aconteceunovale.com.br\/portal\/index.php?rest_route=%2Fwp%2Fv2%2Ftags&post=174669"}],"curies":[{"name":"wp","href":"https:\/\/api.w.org\/{rel}","templated":true}]}}