{"id":174666,"date":"2021-02-27T11:05:24","date_gmt":"2021-02-27T14:05:24","guid":{"rendered":"https:\/\/aconteceunovale.com.br\/portal\/?p=174666"},"modified":"2021-02-27T11:06:00","modified_gmt":"2021-02-27T14:06:00","slug":"capelinha-registra-10o-obito-e-tem-quase-900-casos-acumulados-de-covid-19","status":"publish","type":"post","link":"https:\/\/aconteceunovale.com.br\/portal\/?p=174666","title":{"rendered":"Capelinha registra 10\u00ba \u00f3bito e tem quase 900 casos acumulados de Covid-19"},"content":{"rendered":"\n<p>O munic\u00edpio de Capelinha, no Alto Vale do Jequitinhonha, registrou neste s\u00e1bado (27\/2\/2021) o d\u00e9cimo \u00f3bito de paciente infectado pelo novo coronav\u00edrus (que causa da doen\u00e7a Covid-19). Trata-se de um homem, de 58 anos, que estava internado na Unidade de Terapia Intensiva (UTI) do Hospital S\u00e3o Vicente de Paulo.<\/p>\n\n\n\n<p>O \u00f3bito ocorreu \u00e0s 02h55 de hoje. Segundo nota divulgada pela Administra\u00e7\u00e3o Municipal, o paciente residia no bairro Maria L\u00facia e teve a infec\u00e7\u00e3o pelo novo coronav\u00edrus confirmada atrav\u00e9s de exame laboratorial. Durante o per\u00edodo em que esteve internado no hospital da cidade, ele recebeu toda a assist\u00eancia e tratamentos poss\u00edveis.<\/p>\n\n\n\n<p><em>\u201cA Administra\u00e7\u00e3o Municipal de Capelinha se solidariza com os familiares e alerta a popula\u00e7\u00e3o quanto a import\u00e2ncia de cumprir as medidas preventivas, como manter o distanciamento social, n\u00e3o promover aglomera\u00e7\u00f5es (mesmo que sejam pequenas ou em fam\u00edlia), n\u00e3o sair para as ruas sem necessidade, cumprir o isolamento (quando determinado pelos profissionais de sa\u00fade), usar m\u00e1scara da forma correta e higienizar as m\u00e3os, sempre que poss\u00edvel, com sab\u00e3o e\/ou \u00e1lcool 70%\u201d<\/em>, diz nota oficial divulgada.<\/p>\n\n\n\n<figure class=\"wp-block-gallery columns-1 is-cropped wp-block-gallery-1 is-layout-flex wp-block-gallery-is-layout-flex\"><ul class=\"blocks-gallery-grid\"><li class=\"blocks-gallery-item\"><figure><img loading=\"lazy\" decoding=\"async\" width=\"678\" height=\"381\" src=\"https:\/\/aconteceunovale.com.br\/portal\/wp-content\/uploads\/2021\/02\/Foto-39.jpg\" alt=\"\" data-id=\"174667\" data-full-url=\"https:\/\/aconteceunovale.com.br\/portal\/wp-content\/uploads\/2021\/02\/Foto-39.jpg\" data-link=\"https:\/\/aconteceunovale.com.br\/portal\/?attachment_id=174667\" class=\"wp-image-174667\" srcset=\"https:\/\/aconteceunovale.com.br\/portal\/wp-content\/uploads\/2021\/02\/Foto-39.jpg 678w, https:\/\/aconteceunovale.com.br\/portal\/wp-content\/uploads\/2021\/02\/Foto-39-300x169.jpg 300w\" sizes=\"auto, (max-width: 678px) 100vw, 678px\" \/><figcaption class=\"blocks-gallery-item__caption\"><em>Hospital de Capelinha (Foto: C\u00e9sar Paranhos \/ Reprodu\u00e7\u00e3o)<\/em><\/figcaption><\/figure><\/li><\/ul><\/figure>\n\n\n\n<p><strong>Situa\u00e7\u00e3o epidemiol\u00f3gica<\/strong><\/p>\n\n\n\n<p>At\u00e9 a noite de ontem, quando foi divulgado o \u00faltimo boletim epidemiol\u00f3gico do munic\u00edpio, Capelinha j\u00e1 havia acumulado 876 casos de pessoas infectadas pelo novo coronav\u00edrus. Desse total, segundo a prefeitura, 795 est\u00e3o recuperados, 68 permaneciam em isolamento domiciliar e quatro (incluindo o paciente que faleceu nesta madrugada) estavam internados.<\/p>\n\n\n\n<p>O setor de Vigil\u00e2ncia em Sa\u00fade Municipal ainda investiga 119 casos suspeitos da doen\u00e7a. Sendo que desse total, dez est\u00e3o aguardando resultado de exame RT-PCR e o restante aguardam a coleta de material para a realiza\u00e7\u00e3o de teste r\u00e1pido.<\/p>\n\n\n\n<p>Desde o in\u00edcio da pandemia, segundo o boletim epidemiol\u00f3gico, Capelinha j\u00e1 notificou 2.980 casos suspeitos de infec\u00e7\u00e3o por coronav\u00edrus. O munic\u00edpio descartou 1.582 por exame RT-PCR e\/ou teste r\u00e1pido e outros 381 tiveram o monitoramento conclu\u00eddo por crit\u00e9rios cl\u00ednicos. Um total de 22 \u00f3bitos tamb\u00e9m foram descartados.<\/p>\n\n\n\n<p><strong>Vacina\u00e7\u00e3o contra Covid-19<\/strong><\/p>\n\n\n\n<p>At\u00e9 ontem, 26 de fevereiro, o munic\u00edpio de Capelinha havia vacinado 916 moradores contra a Covid-19. Desses, 730 s\u00e3o profissionais de sa\u00fade, 72 s\u00e3o idosos institucionalizados, 17 residem em casas terap\u00eauticas e 97 s\u00e3o pessoas com mais de 90 anos.<\/p>\n\n\n\n<p>&#8212;&#8212;&#8212;&#8212;&#8212;&#8212;<br><em>Quer receber as not\u00edcias do <strong>Aconteceu no Vale<\/strong> em primeira m\u00e3o? Siga-nos no Facebook <a rel=\"noreferrer noopener\" href=\"http:\/\/facebook.com\/aconteceunovale\" target=\"_blank\">@aconteceunovale<\/a>, Twitter <a rel=\"noreferrer noopener\" href=\"https:\/\/twitter.com\/noticiadosvales\" target=\"_blank\">@noticiadosvales<\/a> e Instagram <a rel=\"noreferrer noopener\" href=\"https:\/\/www.instagram.com\/aconteceunovale\" target=\"_blank\">@aconteceunovale<\/a>.<\/em><\/p>\n","protected":false},"excerpt":{"rendered":"<p>O munic\u00edpio de Capelinha, no Alto Vale do Jequitinhonha, registrou neste s\u00e1bado (27\/2\/2021) o d\u00e9cimo \u00f3bito de paciente infectado pelo novo coronav\u00edrus (que causa da doen\u00e7a Covid-19). Trata-se de um homem, de 58 anos, que estava internado na Unidade de Terapia Intensiva (UTI) do Hospital S\u00e3o Vicente de Paulo. O \u00f3bito ocorreu \u00e0s 02h55 de [&hellip;]<\/p>\n","protected":false},"author":4,"featured_media":174667,"comment_status":"open","ping_status":"closed","sticky":false,"template":"","format":"standard","meta":{"amp_status":"","footnotes":""},"categories":[40242,120],"tags":[132,229836,229666,236518,238579,224754,227487,218007,221398,224309,223916,223915,224224,214884,218179,216498,218765,1018,224739,218198,229669,224738,218201,229668,140166,44374,234795,234796,65998,224633,224348,229667,23263,17594],"class_list":["post-174666","post","type-post","status-publish","format-standard","has-post-thumbnail","hentry","category-saude-2","category-jequi","tag-capelinha","tag-capelinha-confirma-mais-dois-obitos-de-pacientes-infectados-pelo-novo-coronavirus","tag-capelinha-confirma-primeiro-obito-de-paciente-infectado-pelo-novo-coronavirus","tag-capelinha-confirma-sexto-obito-de-paciente-infectado-pelo-novo-coronavirus","tag-capelinha-registra-10o-obito-e-tem-quase-900-casos-acumulados-de-covid-19","tag-capelinha-registra-mais-dois-casos-de-coronavirus","tag-capelinha-registra-mais-tres-casos-de-covid-19","tag-caso-de-coronavirus-em-capelinha","tag-caso-de-covid-19-em-capelinha","tag-confirmado-o-quarto-caso-de-covid-19-em-capelinha","tag-confirmado-o-segundo-caso-de-coronavirus-em-capelinha","tag-confirmado-o-segundo-caso-de-covid-19-em-capelinha","tag-confirmado-o-terceiro-caso-de-covid-19-em-capelinha","tag-coronavirus","tag-coronavirus-em-capelinha","tag-covid-19","tag-covid-19-em-capelinha","tag-destaque","tag-funcionamento-do-comercio-de-capelinha","tag-morte-por-coronavirus-em-capelinha","tag-morte-por-covid-19-em-capelinha","tag-novas-regras-para-o-comercio-de-capelinha-passam-a-valer-neste-sabado","tag-obito-por-coronavirus-em-capelinha","tag-obito-por-covid-19-em-capelinha","tag-pandemia","tag-prefeito-de-capelinha","tag-prefeito-de-capelinha-infectado-pela-covid-19","tag-prefeito-de-capelinha-testa-positivo-para-a-covid-19","tag-prefeitura-de-capelinha","tag-prefeitura-de-capelinha-confirma-dois-novos-casos-de-covid-19","tag-prefeitura-de-capelinha-confirma-quinto-caso-de-covid-19","tag-primeiro-obito-por-covid-19-em-capelinha","tag-tadeu-filipe-fernandes-de-abreu","tag-tadeuzinho"],"_links":{"self":[{"href":"https:\/\/aconteceunovale.com.br\/portal\/index.php?rest_route=\/wp\/v2\/posts\/174666","targetHints":{"allow":["GET"]}}],"collection":[{"href":"https:\/\/aconteceunovale.com.br\/portal\/index.php?rest_route=\/wp\/v2\/posts"}],"about":[{"href":"https:\/\/aconteceunovale.com.br\/portal\/index.php?rest_route=\/wp\/v2\/types\/post"}],"author":[{"embeddable":true,"href":"https:\/\/aconteceunovale.com.br\/portal\/index.php?rest_route=\/wp\/v2\/users\/4"}],"replies":[{"embeddable":true,"href":"https:\/\/aconteceunovale.com.br\/portal\/index.php?rest_route=%2Fwp%2Fv2%2Fcomments&post=174666"}],"version-history":[{"count":1,"href":"https:\/\/aconteceunovale.com.br\/portal\/index.php?rest_route=\/wp\/v2\/posts\/174666\/revisions"}],"predecessor-version":[{"id":174668,"href":"https:\/\/aconteceunovale.com.br\/portal\/index.php?rest_route=\/wp\/v2\/posts\/174666\/revisions\/174668"}],"wp:featuredmedia":[{"embeddable":true,"href":"https:\/\/aconteceunovale.com.br\/portal\/index.php?rest_route=\/wp\/v2\/media\/174667"}],"wp:attachment":[{"href":"https:\/\/aconteceunovale.com.br\/portal\/index.php?rest_route=%2Fwp%2Fv2%2Fmedia&parent=174666"}],"wp:term":[{"taxonomy":"category","embeddable":true,"href":"https:\/\/aconteceunovale.com.br\/portal\/index.php?rest_route=%2Fwp%2Fv2%2Fcategories&post=174666"},{"taxonomy":"post_tag","embeddable":true,"href":"https:\/\/aconteceunovale.com.br\/portal\/index.php?rest_route=%2Fwp%2Fv2%2Ftags&post=174666"}],"curies":[{"name":"wp","href":"https:\/\/api.w.org\/{rel}","templated":true}]}}