{"id":174661,"date":"2021-02-27T00:14:19","date_gmt":"2021-02-27T03:14:19","guid":{"rendered":"https:\/\/aconteceunovale.com.br\/portal\/?p=174661"},"modified":"2021-02-27T00:16:03","modified_gmt":"2021-02-27T03:16:03","slug":"aneel-mantem-bandeira-amarela-para-marco","status":"publish","type":"post","link":"https:\/\/aconteceunovale.com.br\/portal\/?p=174661","title":{"rendered":"Aneel mant\u00e9m bandeira amarela para mar\u00e7o"},"content":{"rendered":"\n<p>A Ag\u00eancia Nacional de Energia El\u00e9trica (Aneel) informou nesta sexta-feira (26\/2\/2021) que a bandeira tarif\u00e1ria permanecer\u00e1 amarela no m\u00eas de mar\u00e7o. Dessa forma, o consumidor pagar\u00e1 R$1,343 para cada 100kWh utilizados.\u00a0<\/p>\n\n\n\n<p>Em nota, a ag\u00eancia explicou que os reservat\u00f3rios das hidrel\u00e9tricas est\u00e3o com volume reduzido, embora tenham ocorrido chuvas recentes nas bacias do Sistema Interligado Nacional (SIN). O valor extra das bandeiras \u00e9 usado para custear o acionamento das usinas termel\u00e9tricas, que custam mais para gerar energia.&nbsp;<\/p>\n\n\n\n<p>Criado pela Aneel, o sistema de bandeiras tarif\u00e1rias sinaliza o custo real da energia gerada, possibilitando aos consumidores o bom uso da energia el\u00e9trica. O c\u00e1lculo para acionamento das bandeiras tarif\u00e1rias leva em conta, principalmente, dois fatores: o risco hidrol\u00f3gico (GSF, na sigla em ingl\u00eas) e o pre\u00e7o da energia (PLD).<\/p>\n\n\n\n<p>As bandeiras tarif\u00e1rias funcionam da seguinte maneira. As cores verde, amarela ou vermelha (nos patamares 1 e 2) indicam se a energia custar\u00e1 mais ou menos em fun\u00e7\u00e3o das condi\u00e7\u00f5es de gera\u00e7\u00e3o, sendo a bandeira vermelha a que tem um custo maior e a verde, o menor.<\/p>\n\n\n\n<p>A ag\u00eancia recomenda que, diante da cobran\u00e7a da tarifa amarela, os consumidores fa\u00e7am uso consciente dos aparelhos el\u00e9tricos e evitem o desperd\u00edcio de energia.<\/p>\n\n\n\n<p>&#8212;&#8212;&#8212;&#8212;&#8212;&#8212;<br><em>Quer receber as not\u00edcias do <strong>Aconteceu no Vale<\/strong> em primeira m\u00e3o? Siga-nos no Facebook <a rel=\"noreferrer noopener\" href=\"http:\/\/facebook.com\/aconteceunovale\" target=\"_blank\">@aconteceunovale<\/a>, Twitter <a rel=\"noreferrer noopener\" href=\"https:\/\/twitter.com\/noticiadosvales\" target=\"_blank\">@noticiadosvales<\/a> e Instagram <a rel=\"noreferrer noopener\" href=\"https:\/\/www.instagram.com\/aconteceunovale\" target=\"_blank\">@aconteceunovale<\/a>.<\/em><\/p>\n","protected":false},"excerpt":{"rendered":"<p>A Ag\u00eancia Nacional de Energia El\u00e9trica (Aneel) informou nesta sexta-feira (26\/2\/2021) que a bandeira tarif\u00e1ria permanecer\u00e1 amarela no m\u00eas de mar\u00e7o. Dessa forma, o consumidor pagar\u00e1 R$1,343 para cada 100kWh utilizados.\u00a0 Em nota, a ag\u00eancia explicou que os reservat\u00f3rios das hidrel\u00e9tricas est\u00e3o com volume reduzido, embora tenham ocorrido chuvas recentes nas bacias do Sistema Interligado [&hellip;]<\/p>\n","protected":false},"author":4,"featured_media":136246,"comment_status":"open","ping_status":"closed","sticky":false,"template":"","format":"standard","meta":{"amp_status":"","footnotes":""},"categories":[6],"tags":[26918,238577,238572,238573,238574,140810,238575,238576],"class_list":["post-174661","post","type-post","status-publish","format-standard","has-post-thumbnail","hentry","category-br","tag-aneel","tag-aneel-mantem-bandeira-amarela-para-marco","tag-bandeira-tarifaria-das-contas-de-energia-eletrica-em-marco","tag-bandeira-tarifaria-das-contas-de-luz-continuara-amarela-em-marco","tag-bandeira-tarifaria-das-contas-de-luz-em-marco","tag-bandeira-tarifaria-de-marco","tag-bandeira-tarifaria-para-marco-de-2020-continuara-amarela","tag-contas-de-luz-terao-bandeira-tarifaria-amarela-em-marco"],"_links":{"self":[{"href":"https:\/\/aconteceunovale.com.br\/portal\/index.php?rest_route=\/wp\/v2\/posts\/174661","targetHints":{"allow":["GET"]}}],"collection":[{"href":"https:\/\/aconteceunovale.com.br\/portal\/index.php?rest_route=\/wp\/v2\/posts"}],"about":[{"href":"https:\/\/aconteceunovale.com.br\/portal\/index.php?rest_route=\/wp\/v2\/types\/post"}],"author":[{"embeddable":true,"href":"https:\/\/aconteceunovale.com.br\/portal\/index.php?rest_route=\/wp\/v2\/users\/4"}],"replies":[{"embeddable":true,"href":"https:\/\/aconteceunovale.com.br\/portal\/index.php?rest_route=%2Fwp%2Fv2%2Fcomments&post=174661"}],"version-history":[{"count":1,"href":"https:\/\/aconteceunovale.com.br\/portal\/index.php?rest_route=\/wp\/v2\/posts\/174661\/revisions"}],"predecessor-version":[{"id":174662,"href":"https:\/\/aconteceunovale.com.br\/portal\/index.php?rest_route=\/wp\/v2\/posts\/174661\/revisions\/174662"}],"wp:featuredmedia":[{"embeddable":true,"href":"https:\/\/aconteceunovale.com.br\/portal\/index.php?rest_route=\/wp\/v2\/media\/136246"}],"wp:attachment":[{"href":"https:\/\/aconteceunovale.com.br\/portal\/index.php?rest_route=%2Fwp%2Fv2%2Fmedia&parent=174661"}],"wp:term":[{"taxonomy":"category","embeddable":true,"href":"https:\/\/aconteceunovale.com.br\/portal\/index.php?rest_route=%2Fwp%2Fv2%2Fcategories&post=174661"},{"taxonomy":"post_tag","embeddable":true,"href":"https:\/\/aconteceunovale.com.br\/portal\/index.php?rest_route=%2Fwp%2Fv2%2Ftags&post=174661"}],"curies":[{"name":"wp","href":"https:\/\/api.w.org\/{rel}","templated":true}]}}