{"id":174656,"date":"2021-02-26T23:13:21","date_gmt":"2021-02-27T02:13:21","guid":{"rendered":"https:\/\/aconteceunovale.com.br\/portal\/?p=174656"},"modified":"2021-02-26T23:13:52","modified_gmt":"2021-02-27T02:13:52","slug":"zema-anuncia-criacao-de-grupo-de-trabalho-para-dialogar-e-buscar-solucoes-junto-aos-transportadores-de-combustiveis","status":"publish","type":"post","link":"https:\/\/aconteceunovale.com.br\/portal\/?p=174656","title":{"rendered":"Zema anuncia cria\u00e7\u00e3o de grupo de trabalho para dialogar e buscar solu\u00e7\u00f5es junto aos transportadores de combust\u00edveis"},"content":{"rendered":"\n<p>O governador Romeu Zema anunciou, nesta sexta-feira (26\/2\/2021), por meio de sua conta no Twitter, a cria\u00e7\u00e3o de um grupo de trabalho em conjunto com representantes das entidades ligadas \u00e0 cadeia do combust\u00edvel para buscar alternativas para as insatisfa\u00e7\u00f5es que levaram \u00e0 paralisa\u00e7\u00e3o do setor.<\/p>\n\n\n\n<p>Zema afirmou que a equipe do governo j\u00e1 se reuniu com os envolvidos no movimento e que a situa\u00e7\u00e3o deve ser solucionada por meio do di\u00e1logo.<\/p>\n\n\n\n<p>&#8220;Preocupado com a situa\u00e7\u00e3o que levou os transportadores de combust\u00edveis a promover uma manifesta\u00e7\u00e3o e com a corrida da popula\u00e7\u00e3o aos postos de combust\u00edvel, pedi \u00e0 equipe que se reunisse com os envolvidos no movimento e reafirmasse nossa disposi\u00e7\u00e3o para o di\u00e1logo. O Governo assume o compromisso de instalar j\u00e1 na pr\u00f3xima semana um grupo de trabalho em nossa equipe, em conjunto com representantes das entidades ligadas \u00e0 cadeia do combust\u00edvel, para a busca de uma solu\u00e7\u00e3o dialogada e efetiva para as quest\u00f5es levantadas&#8221; disse o governador.<\/p>\n\n\n\n<p>Ele tamb\u00e9m ressaltou que reduzir impostos \u00e9 uma das prioridades da atual gest\u00e3o.<\/p>\n\n\n\n<p>&#8220;Reduzir impostos \u00e9 um desejo meu e um compromisso desse Governo, vamos continuar perseguindo esse objetivo t\u00e3o logo a situa\u00e7\u00e3o fiscal do Estado e as limita\u00e7\u00f5es legais trazidas por ela nos permitam. At\u00e9 l\u00e1, temos de construir alternativas e vamos busc\u00e1-las em conjunto&#8221;, afirmou.<\/p>\n\n\n\n<h2 class=\"wp-block-heading\"><strong>Deslocamento<\/strong><\/h2>\n\n\n\n<p>Os caminhoneiros, que questionam a tributa\u00e7\u00e3o sobre o \u00f3leo diesel, se concentram desde a madrugada desta sexta-feira em rodovias do estado e anunciaram a greve da categoria. A\u00a0Pol\u00edcia Militar\u00a0foi acionada para garantir a sa\u00edda de caminhos da Refinaria Gabriel Passos, em Betim, permitindo o deslocamento de motoristas que n\u00e3o aderiram ao movimento.\u00a0<\/p>\n\n\n\n<figure class=\"wp-block-gallery columns-1 is-cropped wp-block-gallery-1 is-layout-flex wp-block-gallery-is-layout-flex\"><ul class=\"blocks-gallery-grid\"><li class=\"blocks-gallery-item\"><figure><img loading=\"lazy\" decoding=\"async\" width=\"678\" height=\"381\" src=\"https:\/\/aconteceunovale.com.br\/portal\/wp-content\/uploads\/2021\/02\/greve_combustiveis.jpeg\" alt=\"\" data-id=\"174657\" data-full-url=\"https:\/\/aconteceunovale.com.br\/portal\/wp-content\/uploads\/2021\/02\/greve_combustiveis.jpeg\" data-link=\"https:\/\/aconteceunovale.com.br\/portal\/?attachment_id=174657\" class=\"wp-image-174657\" srcset=\"https:\/\/aconteceunovale.com.br\/portal\/wp-content\/uploads\/2021\/02\/greve_combustiveis.jpeg 678w, https:\/\/aconteceunovale.com.br\/portal\/wp-content\/uploads\/2021\/02\/greve_combustiveis-300x169.jpeg 300w\" sizes=\"auto, (max-width: 678px) 100vw, 678px\" \/><figcaption class=\"blocks-gallery-item__caption\"><em>Foto: PMMG \/ Divulga\u00e7\u00e3o<\/em><\/figcaption><\/figure><\/li><\/ul><\/figure>\n\n\n\n<h2 class=\"wp-block-heading\"><strong>ICMS<\/strong><\/h2>\n\n\n\n<p>O\u00a0Governo de Minas\u00a0esclarece ainda que as recentes mudan\u00e7as no pre\u00e7o dos combust\u00edveis n\u00e3o s\u00e3o em fun\u00e7\u00e3o do ICMS, mas sim da pol\u00edtica de pre\u00e7os praticada pela Petrobras. O Estado reafirma seu compromisso de n\u00e3o promover o aumento de nenhuma al\u00edquota de ICMS at\u00e9 que seja poss\u00edvel come\u00e7ar a trabalhar pela redu\u00e7\u00e3o efetiva da carga tribut\u00e1ria.\u00a0<\/p>\n\n\n\n<p>No momento, em virtude da situa\u00e7\u00e3o financeira do estado, a Lei de Responsabilidade Fiscal exige uma compensa\u00e7\u00e3o para aumentar receita em qualquer movimento de ren\u00fancia fiscal, o que n\u00e3o torna poss\u00edvel a redu\u00e7\u00e3o da al\u00edquota.<\/p>\n\n\n\n<p>&#8212;&#8212;&#8212;&#8212;&#8212;&#8212;<br><em>Quer receber as not\u00edcias do <strong>Aconteceu no Vale<\/strong> em primeira m\u00e3o? Siga-nos no Facebook <a rel=\"noreferrer noopener\" href=\"http:\/\/facebook.com\/aconteceunovale\" target=\"_blank\">@aconteceunovale<\/a>, Twitter <a rel=\"noreferrer noopener\" href=\"https:\/\/twitter.com\/noticiadosvales\" target=\"_blank\">@noticiadosvales<\/a> e Instagram <a rel=\"noreferrer noopener\" href=\"https:\/\/www.instagram.com\/aconteceunovale\" target=\"_blank\">@aconteceunovale<\/a>.<\/em><\/p>\n","protected":false},"excerpt":{"rendered":"<p>O governador Romeu Zema anunciou, nesta sexta-feira (26\/2\/2021), por meio de sua conta no Twitter, a cria\u00e7\u00e3o de um grupo de trabalho em conjunto com representantes das entidades ligadas \u00e0 cadeia do combust\u00edvel para buscar alternativas para as insatisfa\u00e7\u00f5es que levaram \u00e0 paralisa\u00e7\u00e3o do setor. Zema afirmou que a equipe do governo j\u00e1 se reuniu [&hellip;]<\/p>\n","protected":false},"author":4,"featured_media":174657,"comment_status":"open","ping_status":"closed","sticky":false,"template":"","format":"standard","meta":{"amp_status":"","footnotes":""},"categories":[123],"tags":[184213,65548,238564,100445,174954,238565,238566,178207,181383,238563,238562],"class_list":["post-174656","post","type-post","status-publish","format-standard","has-post-thumbnail","hentry","category-gerais","tag-governador-romeu-zema","tag-greve-dos-caminhoneiros-em-minas-gerais","tag-greve-dos-tanqueiros","tag-greve-dos-transportadores-de-combustiveis","tag-paralisacao-dos-caminhoneiros-em-minas-gerais","tag-paralisacao-dos-tanqueiros","tag-paralisacao-dos-transportadores-de-combustiveis","tag-romeu-zema","tag-zema","tag-zema-anuncia-criacao-de-grupo-de-trabalho-para-dialogar-e-buscar-solucoes-junto-aos-tanqueiros","tag-zema-anuncia-criacao-de-grupo-de-trabalho-para-dialogar-e-buscar-solucoes-junto-aos-transportadores-de-combustiveis"],"_links":{"self":[{"href":"https:\/\/aconteceunovale.com.br\/portal\/index.php?rest_route=\/wp\/v2\/posts\/174656","targetHints":{"allow":["GET"]}}],"collection":[{"href":"https:\/\/aconteceunovale.com.br\/portal\/index.php?rest_route=\/wp\/v2\/posts"}],"about":[{"href":"https:\/\/aconteceunovale.com.br\/portal\/index.php?rest_route=\/wp\/v2\/types\/post"}],"author":[{"embeddable":true,"href":"https:\/\/aconteceunovale.com.br\/portal\/index.php?rest_route=\/wp\/v2\/users\/4"}],"replies":[{"embeddable":true,"href":"https:\/\/aconteceunovale.com.br\/portal\/index.php?rest_route=%2Fwp%2Fv2%2Fcomments&post=174656"}],"version-history":[{"count":1,"href":"https:\/\/aconteceunovale.com.br\/portal\/index.php?rest_route=\/wp\/v2\/posts\/174656\/revisions"}],"predecessor-version":[{"id":174658,"href":"https:\/\/aconteceunovale.com.br\/portal\/index.php?rest_route=\/wp\/v2\/posts\/174656\/revisions\/174658"}],"wp:featuredmedia":[{"embeddable":true,"href":"https:\/\/aconteceunovale.com.br\/portal\/index.php?rest_route=\/wp\/v2\/media\/174657"}],"wp:attachment":[{"href":"https:\/\/aconteceunovale.com.br\/portal\/index.php?rest_route=%2Fwp%2Fv2%2Fmedia&parent=174656"}],"wp:term":[{"taxonomy":"category","embeddable":true,"href":"https:\/\/aconteceunovale.com.br\/portal\/index.php?rest_route=%2Fwp%2Fv2%2Fcategories&post=174656"},{"taxonomy":"post_tag","embeddable":true,"href":"https:\/\/aconteceunovale.com.br\/portal\/index.php?rest_route=%2Fwp%2Fv2%2Ftags&post=174656"}],"curies":[{"name":"wp","href":"https:\/\/api.w.org\/{rel}","templated":true}]}}