{"id":174653,"date":"2021-02-26T23:02:06","date_gmt":"2021-02-27T02:02:06","guid":{"rendered":"https:\/\/aconteceunovale.com.br\/portal\/?p=174653"},"modified":"2021-02-26T23:02:36","modified_gmt":"2021-02-27T02:02:36","slug":"policia-civil-apura-crime-de-aborto-em-montes-claros","status":"publish","type":"post","link":"https:\/\/aconteceunovale.com.br\/portal\/?p=174653","title":{"rendered":"Pol\u00edcia Civil apura crime de aborto em Montes Claros"},"content":{"rendered":"\n<p>A Pol\u00edcia Civil de Minas Gerais (PCMG) instaurou inqu\u00e9rito policial para apurar o caso de um feto encontrado dentro de uma caixa de sapatos, em uma lixeira, na cidade de Montes Claros. A ocorr\u00eancia foi registrada na \u00faltima segunda-feira (22\/2\/2021), quando catadores acionaram a pol\u00edcia relatando o fato, e, nesta sexta-feira (26\/2), informa\u00e7\u00f5es sobre a investiga\u00e7\u00e3o foram divulgadas em coletiva de imprensa.<\/p>\n\n\n\n<p>Durante os trabalhos de investiga\u00e7\u00e3o, realizados pela Delegacia Adjunta de Crimes Contra a Pessoa, o exame de necropsia constatou que se tratava de um feto em idade gestacional entre 23 e 26 semanas. Foram realizados diversos levantamentos e, por meio de an\u00e1lise de circuito de c\u00e2maras instaladas pr\u00f3ximo ao local onde o feto foi encontrado, foi poss\u00edvel identificar um casal que, supostamente, o teria descartado naquelas circunst\u00e2ncias.<\/p>\n\n\n\n<p>Ap\u00f3s a repercuss\u00e3o do caso, os suspeitos &#8211; uma jovem, de 21 anos, e um rapaz, de 22 &#8211; se apresentaram em uma unidade policial, assumindo a autoria dos fatos. Na delegacia, a mulher confessou ser a m\u00e3e, assim como apresentou a sua vers\u00e3o para a motiva\u00e7\u00e3o do crime. Os suspeitos foram ouvidos, e as investiga\u00e7\u00f5es continuam para verificar a veracidade das informa\u00e7\u00f5es coletadas, bem como a participa\u00e7\u00e3o de cada um deles.<\/p>\n\n\n\n<p>A pena para o crime de aborto pode chegar a tr\u00eas anos de deten\u00e7\u00e3o e, a depender do resultado dos exames complementares, o casal poder\u00e1 responder, tamb\u00e9m, pelo crime de oculta\u00e7\u00e3o de cad\u00e1ver, com pena prevista de um a tr\u00eas anos de reclus\u00e3o e multa.<\/p>\n\n\n\n<p>Os policiai civis investigam, ainda, o envolvimento de terceiros, uma vez que existe a possibilidade de crime praticado pela empresa que teria fornecido os medicamentos abortivos para a investigada.<\/p>\n\n\n\n<figure class=\"wp-block-gallery columns-1 is-cropped wp-block-gallery-1 is-layout-flex wp-block-gallery-is-layout-flex\"><ul class=\"blocks-gallery-grid\"><li class=\"blocks-gallery-item\"><figure><img loading=\"lazy\" decoding=\"async\" width=\"678\" height=\"429\" src=\"https:\/\/aconteceunovale.com.br\/portal\/wp-content\/uploads\/2021\/02\/coletiva_pc_moc.png\" alt=\"\" data-id=\"174654\" data-full-url=\"https:\/\/aconteceunovale.com.br\/portal\/wp-content\/uploads\/2021\/02\/coletiva_pc_moc.png\" data-link=\"https:\/\/aconteceunovale.com.br\/portal\/?attachment_id=174654\" class=\"wp-image-174654\" srcset=\"https:\/\/aconteceunovale.com.br\/portal\/wp-content\/uploads\/2021\/02\/coletiva_pc_moc.png 678w, https:\/\/aconteceunovale.com.br\/portal\/wp-content\/uploads\/2021\/02\/coletiva_pc_moc-300x190.png 300w, https:\/\/aconteceunovale.com.br\/portal\/wp-content\/uploads\/2021\/02\/coletiva_pc_moc-664x420.png 664w\" sizes=\"auto, (max-width: 678px) 100vw, 678px\" \/><figcaption class=\"blocks-gallery-item__caption\"><em>Foto: Divulga\u00e7\u00e3o\/PCMG<\/em><\/figcaption><\/figure><\/li><\/ul><\/figure>\n\n\n\n<p>&#8212;&#8212;&#8212;&#8212;&#8212;&#8212;<br><em>Quer receber as not\u00edcias do <strong>Aconteceu no Vale<\/strong> em primeira m\u00e3o? Siga-nos no Facebook <a rel=\"noreferrer noopener\" href=\"http:\/\/facebook.com\/aconteceunovale\" target=\"_blank\">@aconteceunovale<\/a>, Twitter <a rel=\"noreferrer noopener\" href=\"https:\/\/twitter.com\/noticiadosvales\" target=\"_blank\">@noticiadosvales<\/a> e Instagram <a rel=\"noreferrer noopener\" href=\"https:\/\/www.instagram.com\/aconteceunovale\" target=\"_blank\">@aconteceunovale<\/a>.<\/em><\/p>\n","protected":false},"excerpt":{"rendered":"<p>A Pol\u00edcia Civil de Minas Gerais (PCMG) instaurou inqu\u00e9rito policial para apurar o caso de um feto encontrado dentro de uma caixa de sapatos, em uma lixeira, na cidade de Montes Claros. A ocorr\u00eancia foi registrada na \u00faltima segunda-feira (22\/2\/2021), quando catadores acionaram a pol\u00edcia relatando o fato, e, nesta sexta-feira (26\/2), informa\u00e7\u00f5es sobre a [&hellip;]<\/p>\n","protected":false},"author":4,"featured_media":174654,"comment_status":"open","ping_status":"closed","sticky":false,"template":"","format":"standard","meta":{"amp_status":"","footnotes":""},"categories":[121],"tags":[120776,238079,120775,238080,238081,210,238561],"class_list":["post-174653","post","type-post","status-publish","format-standard","has-post-thumbnail","hentry","category-leste","tag-abandono-de-feto-em-montes-claros","tag-feto-e-encontrado-dentro-de-caixa-em-montes-claros","tag-feto-encontrado-em-montes-claros","tag-feto-encontrado-em-rua-de-montes-claros","tag-feto-encontrado-no-bairro-sao-jose-em-montes-claros","tag-montes-claros","tag-policia-civil-apura-crime-de-aborto-em-montes-claros"],"_links":{"self":[{"href":"https:\/\/aconteceunovale.com.br\/portal\/index.php?rest_route=\/wp\/v2\/posts\/174653","targetHints":{"allow":["GET"]}}],"collection":[{"href":"https:\/\/aconteceunovale.com.br\/portal\/index.php?rest_route=\/wp\/v2\/posts"}],"about":[{"href":"https:\/\/aconteceunovale.com.br\/portal\/index.php?rest_route=\/wp\/v2\/types\/post"}],"author":[{"embeddable":true,"href":"https:\/\/aconteceunovale.com.br\/portal\/index.php?rest_route=\/wp\/v2\/users\/4"}],"replies":[{"embeddable":true,"href":"https:\/\/aconteceunovale.com.br\/portal\/index.php?rest_route=%2Fwp%2Fv2%2Fcomments&post=174653"}],"version-history":[{"count":1,"href":"https:\/\/aconteceunovale.com.br\/portal\/index.php?rest_route=\/wp\/v2\/posts\/174653\/revisions"}],"predecessor-version":[{"id":174655,"href":"https:\/\/aconteceunovale.com.br\/portal\/index.php?rest_route=\/wp\/v2\/posts\/174653\/revisions\/174655"}],"wp:featuredmedia":[{"embeddable":true,"href":"https:\/\/aconteceunovale.com.br\/portal\/index.php?rest_route=\/wp\/v2\/media\/174654"}],"wp:attachment":[{"href":"https:\/\/aconteceunovale.com.br\/portal\/index.php?rest_route=%2Fwp%2Fv2%2Fmedia&parent=174653"}],"wp:term":[{"taxonomy":"category","embeddable":true,"href":"https:\/\/aconteceunovale.com.br\/portal\/index.php?rest_route=%2Fwp%2Fv2%2Fcategories&post=174653"},{"taxonomy":"post_tag","embeddable":true,"href":"https:\/\/aconteceunovale.com.br\/portal\/index.php?rest_route=%2Fwp%2Fv2%2Ftags&post=174653"}],"curies":[{"name":"wp","href":"https:\/\/api.w.org\/{rel}","templated":true}]}}