{"id":174647,"date":"2021-02-26T19:14:42","date_gmt":"2021-02-26T22:14:42","guid":{"rendered":"https:\/\/aconteceunovale.com.br\/portal\/?p=174647"},"modified":"2021-02-26T19:15:51","modified_gmt":"2021-02-26T22:15:51","slug":"minas-gerais-amplia-vacinacao-contra-covid-19-para-idosos-acima-de-80-anos","status":"publish","type":"post","link":"https:\/\/aconteceunovale.com.br\/portal\/?p=174647","title":{"rendered":"Minas Gerais amplia vacina\u00e7\u00e3o contra Covid-19 para idosos acima de 80 anos"},"content":{"rendered":"\n<p>Nesta sexta-feira (26\/2\/2021), o\u00a0Governo de Minas\u00a0iniciou a distribui\u00e7\u00e3o, \u00e0s Unidades Regionais de Sa\u00fade (URS), das 220 mil doses da vacina AstraZeneca \/ Fiocruz (dose 1) e das 137,4 mil da CoronaVac \/ Butantan (doses 1 e 2) para imunizar idosos acima de 80 anos.\u00a0<a rel=\"noreferrer noopener\" href=\"http:\/\/agenciaminas.mg.gov.br\/ckeditor_assets\/attachments\/10539\/vacinas_5a_remessa.xlsx\" target=\"_blank\">Clique\u00a0aqui<\/a>\u00a0para acessar tabela com a rela\u00e7\u00e3o de vacinas por munic\u00edpio.<\/p>\n\n\n\n<p>Segundo as diretrizes do Minist\u00e9rio da Sa\u00fade (MS), e em alinhamento com o Conselho Estadual de Secretaria de Sa\u00fade de Minas Gerais (Cosems-MG), nesta etapa, a recomenda\u00e7\u00e3o aos munic\u00edpios \u00e9 vacinar todos os idosos entre 85 e 89 anos, que corresponde a 154.721 pessoas. Al\u00e9m disso, devem ser imunizados&nbsp; 24% dos que t\u00eam entre 80 e 84 anos, atendendo 64.195 pessoas.&nbsp;<\/p>\n\n\n\n<p>Desta vez, ser\u00e3o vacinados mais 8% dos trabalhadores de Sa\u00fade, totalizando 81% desse p\u00fablico.<\/p>\n\n\n\n<figure class=\"wp-block-gallery columns-1 is-cropped wp-block-gallery-1 is-layout-flex wp-block-gallery-is-layout-flex\"><ul class=\"blocks-gallery-grid\"><li class=\"blocks-gallery-item\"><figure><img loading=\"lazy\" decoding=\"async\" width=\"675\" height=\"450\" src=\"https:\/\/aconteceunovale.com.br\/portal\/wp-content\/uploads\/2021\/02\/vacina_mg.jpg\" alt=\"\" data-id=\"174648\" data-full-url=\"https:\/\/aconteceunovale.com.br\/portal\/wp-content\/uploads\/2021\/02\/vacina_mg.jpg\" data-link=\"https:\/\/aconteceunovale.com.br\/portal\/?attachment_id=174648\" class=\"wp-image-174648\" srcset=\"https:\/\/aconteceunovale.com.br\/portal\/wp-content\/uploads\/2021\/02\/vacina_mg.jpg 675w, https:\/\/aconteceunovale.com.br\/portal\/wp-content\/uploads\/2021\/02\/vacina_mg-300x200.jpg 300w, https:\/\/aconteceunovale.com.br\/portal\/wp-content\/uploads\/2021\/02\/vacina_mg-630x420.jpg 630w\" sizes=\"auto, (max-width: 675px) 100vw, 675px\" \/><figcaption class=\"blocks-gallery-item__caption\"><em>Foto: Pedro Gontijo \/ Imprensa MG<\/em><\/figcaption><\/figure><\/li><\/ul><\/figure>\n\n\n\n<h2 class=\"wp-block-heading\"><strong>Popula\u00e7\u00e3o idosa<\/strong><\/h2>\n\n\n\n<p>De acordo com o Programa Nacional de Imuniza\u00e7\u00e3o (PNI), riscos de agravamento e \u00f3bito por covid-19 foram considerados para definir os grupos priorit\u00e1rios. Os idosos s\u00e3o os mais vulner\u00e1veis \u00e0s interna\u00e7\u00f5es hospitalares em decorr\u00eancia da doen\u00e7a. Segundo dados epidemiol\u00f3gicos da&nbsp;<a href=\"https:\/\/www.saude.mg.gov.br\/\" target=\"_blank\" rel=\"noreferrer noopener\">Secretaria de Estado de Sa\u00fade de Minas Gerais (SES-MG)<\/a>, pessoas acima de 60 anos respondem por 81% das mortes pela doen\u00e7a no estado.<\/p>\n\n\n\n<p>\u201cVacinar essa popula\u00e7\u00e3o \u00e9 importante porque s\u00e3o pessoas com maior risco de agravamento pela doen\u00e7a, necessitando de assist\u00eancia hospitalar, o que aumenta nossa ocupa\u00e7\u00e3o de leitos por covid-19. Ao vacinar esse grupo, teremos uma redu\u00e7\u00e3o do agravamento da doen\u00e7a entre idosos e uma diminui\u00e7\u00e3o dos n\u00fameros de internados por covid-19\u201d, explica a subsecret\u00e1ria de Vigil\u00e2ncia em Sa\u00fade da SES-MG, Jana\u00edna Passos.<\/p>\n\n\n\n<h2 class=\"wp-block-heading\"><strong>Trabalhadores da Sa\u00fade<\/strong><\/h2>\n\n\n\n<p>Al\u00e9m de idosos, est\u00e3o sendo imunizados, desde o in\u00edcio da campanha, trabalhadores da Sa\u00fade. Foram priorizados os que estavam na linha de frente ao atendimento \u00e0 covid-19. Parte das doses da 5\u00aa remessa de vacinas enviada aos munic\u00edpios ser\u00e1 destinada a imunizar 53.563 profissionais.<\/p>\n\n\n\n<p>Em Minas Gerais, j\u00e1 receberam a primeira dose 67% dos trabalhadores de Sa\u00fade e a segunda, 30,5%. Segundo a subsecret\u00e1ria, agora ser\u00e3o vacinados os que t\u00eam mais contato com o p\u00fablico externo. Como exemplo, cita os profissionais da Aten\u00e7\u00e3o Prim\u00e1ria \u00e0 Sa\u00fade, que fazem acompanhamento direto com a popula\u00e7\u00e3o.<\/p>\n\n\n\n<h2 class=\"wp-block-heading\"><strong>Planejamento<\/strong><\/h2>\n\n\n\n<p>Nesta fase, a SES-MG ir\u00e1 manter, como reserva t\u00e9cnica, 10,6 mil unidades (10 mil de AstraZeneca e 600 de CoronaVac), para utilizar nos munic\u00edpios com piora no quadro epidemiol\u00f3gico, com objetivo de diminuir a press\u00e3o sob a assist\u00eancia hospitalar. A proposta deve ser aprovada ainda nesta sexta-feira no Centro de Opera\u00e7\u00f5es em Emerg\u00eancias em Sa\u00fade Covid-19.<\/p>\n\n\n\n<h2 class=\"wp-block-heading\"><strong>Opera\u00e7\u00e3o<\/strong><\/h2>\n\n\n\n<p>A maior opera\u00e7\u00e3o para campanha de vacina\u00e7\u00e3o na hist\u00f3ria de Minas Gerais come\u00e7ou no dia 18\/1\/2021, data da chegada do primeiro lote de vacinas, quando foram recebidas 577.480 doses de CoronaVac.<\/p>\n\n\n\n<p><strong>Remessas recebidas<\/strong><\/p>\n\n\n\n<ul class=\"wp-block-list\"><li>1\u00aa remessa: 577.480 doses da CoronaVac em 18\/1<\/li><li>2\u00aa remessa: 190.500 doses de AstraZeneca em 24\/1<\/li><li>3\u00aa remessa: 87.600 doses da CoronaVac em 25\/1<\/li><li>4\u00aa remessa: 315.600 doses da CoronaVac em 7\/2\u00a0\u00a0<\/li><li>5\u00aa remessa: 220.000 doses de AstraZeneca e 137.400 doses de CoronaVac<\/li><\/ul>\n\n\n\n<p><strong>Estimativa de p\u00fablico-alvo<\/strong><\/p>\n\n\n\n<ul class=\"wp-block-list\"><li>Idosos ILPI: 38.578 pessoas<\/li><li>Deficientes ILP: 6.648 pessoas*\u00a0<\/li><li>Ind\u00edgenas aldeados: 7.074 pessoas<\/li><li>Trabalhadores em Sa\u00fade: 606.091 pessoas**<\/li><li>Idosos 90+ : 107.931 pessoas<\/li><li>Idosos 85 a 89: 154.721<\/li><li>Idosos 80 a 84: 64.195***<\/li><\/ul>\n\n\n\n<p><em>*De acordo com a popula\u00e7\u00e3o estimada pelos munic\u00edpios\u00a0<\/em><br><em>**Referente \u00e0 imuniza\u00e7\u00e3o a 81% desse p\u00fablico\u00a0<\/em><br><em>***Referente \u00e0 imuniza\u00e7\u00e3o a 24% desse p\u00fablico<\/em><\/p>\n\n\n\n<p>&#8212;&#8212;&#8212;&#8212;&#8212;&#8212;<br><em>Quer receber as not\u00edcias do <strong>Aconteceu no Vale<\/strong> em primeira m\u00e3o? Siga-nos no Facebook <a rel=\"noreferrer noopener\" href=\"http:\/\/facebook.com\/aconteceunovale\" target=\"_blank\">@aconteceunovale<\/a>, Twitter <a rel=\"noreferrer noopener\" href=\"https:\/\/twitter.com\/noticiadosvales\" target=\"_blank\">@noticiadosvales<\/a> e Instagram <a rel=\"noreferrer noopener\" href=\"https:\/\/www.instagram.com\/aconteceunovale\" target=\"_blank\">@aconteceunovale<\/a>.<\/em><\/p>\n","protected":false},"excerpt":{"rendered":"<p>Nesta sexta-feira (26\/2\/2021), o\u00a0Governo de Minas\u00a0iniciou a distribui\u00e7\u00e3o, \u00e0s Unidades Regionais de Sa\u00fade (URS), das 220 mil doses da vacina AstraZeneca \/ Fiocruz (dose 1) e das 137,4 mil da CoronaVac \/ Butantan (doses 1 e 2) para imunizar idosos acima de 80 anos.\u00a0Clique\u00a0aqui\u00a0para acessar tabela com a rela\u00e7\u00e3o de vacinas por munic\u00edpio. Segundo as [&hellip;]<\/p>\n","protected":false},"author":4,"featured_media":174648,"comment_status":"open","ping_status":"closed","sticky":false,"template":"","format":"standard","meta":{"amp_status":"","footnotes":""},"categories":[123,40242],"tags":[235100,235104,194,235098,22090,1018,235105,231330,231334,184213,235103,135894,235094,235096,235097,235095,235015,235101,231333,231337,231332,231336,236858,178207,235102,235099,231331,231335],"class_list":["post-174647","post","type-post","status-publish","format-standard","has-post-thumbnail","hentry","category-gerais","category-saude-2","tag-adileia-pereira-de-jesus-cardoso","tag-adriana-vilella-avila-de-castro","tag-belo-horizonte","tag-cece","tag-confins","tag-destaque","tag-distribuicao-da-vacina-em-minas-gerais","tag-governador-detalha-plano-de-contingencia-para-vacinacao-contra-a-covid-19-em-minas-gerais","tag-governador-detalha-plano-de-contingencia-para-vacinacao-contra-o-novo-coronavirus-em-minas-gerais","tag-governador-romeu-zema","tag-hem","tag-hospital-eduardo-de-menezes","tag-iniciada-a-maior-operacao-de-vacinacao-da-historia-de-minas-gerais","tag-maior-operacao-de-vacinacao-da-historia-de-minas-gerais","tag-maria-bom-sucesso-pereira","tag-minas-gerais-inicia-a-maior-operacao-de-vacinacao-da-sua-historia","tag-minas-gerais-recebe-561-mil-doses-da-coronavac","tag-moises-alves-senra","tag-plano-de-contingencia-para-vacinacao-contra-a-covid-19-em-minas-gerais","tag-plano-de-contingencia-para-vacinacao-contra-o-novo-coronavirus-em-minas-gerais","tag-plano-para-vacinacao-contra-a-covid-19-em-minas-gerais","tag-plano-para-vacinacao-contra-o-novo-coronavirus-em-minas-gerais","tag-primeira-pessoa-vacinada-contra-a-covid-19-em-minas-gerais-recebe-a-segunda-dose","tag-romeu-zema","tag-teresa-gamarano-barros","tag-thiago-liberio-santana-medina","tag-vacinacao-contra-a-covid-19-em-minas-gerais","tag-vacinacao-contra-o-novo-coronavirus-em-minas-gerais"],"_links":{"self":[{"href":"https:\/\/aconteceunovale.com.br\/portal\/index.php?rest_route=\/wp\/v2\/posts\/174647","targetHints":{"allow":["GET"]}}],"collection":[{"href":"https:\/\/aconteceunovale.com.br\/portal\/index.php?rest_route=\/wp\/v2\/posts"}],"about":[{"href":"https:\/\/aconteceunovale.com.br\/portal\/index.php?rest_route=\/wp\/v2\/types\/post"}],"author":[{"embeddable":true,"href":"https:\/\/aconteceunovale.com.br\/portal\/index.php?rest_route=\/wp\/v2\/users\/4"}],"replies":[{"embeddable":true,"href":"https:\/\/aconteceunovale.com.br\/portal\/index.php?rest_route=%2Fwp%2Fv2%2Fcomments&post=174647"}],"version-history":[{"count":1,"href":"https:\/\/aconteceunovale.com.br\/portal\/index.php?rest_route=\/wp\/v2\/posts\/174647\/revisions"}],"predecessor-version":[{"id":174649,"href":"https:\/\/aconteceunovale.com.br\/portal\/index.php?rest_route=\/wp\/v2\/posts\/174647\/revisions\/174649"}],"wp:featuredmedia":[{"embeddable":true,"href":"https:\/\/aconteceunovale.com.br\/portal\/index.php?rest_route=\/wp\/v2\/media\/174648"}],"wp:attachment":[{"href":"https:\/\/aconteceunovale.com.br\/portal\/index.php?rest_route=%2Fwp%2Fv2%2Fmedia&parent=174647"}],"wp:term":[{"taxonomy":"category","embeddable":true,"href":"https:\/\/aconteceunovale.com.br\/portal\/index.php?rest_route=%2Fwp%2Fv2%2Fcategories&post=174647"},{"taxonomy":"post_tag","embeddable":true,"href":"https:\/\/aconteceunovale.com.br\/portal\/index.php?rest_route=%2Fwp%2Fv2%2Ftags&post=174647"}],"curies":[{"name":"wp","href":"https:\/\/api.w.org\/{rel}","templated":true}]}}