{"id":174643,"date":"2021-02-26T19:07:47","date_gmt":"2021-02-26T22:07:47","guid":{"rendered":"https:\/\/aconteceunovale.com.br\/portal\/?p=174643"},"modified":"2021-02-26T19:08:42","modified_gmt":"2021-02-26T22:08:42","slug":"governador-entrega-645-viaturas-para-a-pmmg","status":"publish","type":"post","link":"https:\/\/aconteceunovale.com.br\/portal\/?p=174643","title":{"rendered":"Governador entrega 645 viaturas para a PMMG"},"content":{"rendered":"\n<p>O governador Romeu Zema come\u00e7ou nesta sexta-feira (26\/2\/2021), em Belo Horizonte, a entrega de 645 viaturas que ir\u00e3o refor\u00e7ar a seguran\u00e7a p\u00fablica nos munic\u00edpios mineiros. Os autom\u00f3veis e motocicletas, que ser\u00e3o usados pela\u00a0<a rel=\"noreferrer noopener\" href=\"http:\/\/www.policiamilitar.mg.gov.br\/\" target=\"_blank\">Pol\u00edcia Militar de Minas Gerais (PMMG)<\/a>, foram adquiridos por meio de recursos de emendas parlamentares federais e estaduais e de conv\u00eanios com o Fundo Nacional de Seguran\u00e7a P\u00fablica, Departamento de Pol\u00edcia Rodovi\u00e1ria Federal e munic\u00edpios. \u00a0<\/p>\n\n\n\n<p>Ao todo, foram investidos cerca de R$ 60 milh\u00f5es para a compra dos ve\u00edculos, por meio das emendas parlamentares e conv\u00eanios. Neste primeiro evento ser\u00e3o contemplados munic\u00edpios da regi\u00e3o Central do estado das 1\u00aa, 2\u00aa, 3\u00aa, 7\u00aa e 19\u00aa Regi\u00f5es de Pol\u00edcia Militar. Novas entregas ser\u00e3o feitas nas demais regi\u00f5es mineiras nas pr\u00f3ximas semanas.<\/p>\n\n\n\n<p>Romeu Zema destacou que as viaturas ser\u00e3o usadas para o patrulhamento preventivo e ostensivo, oferecendo melhores condi\u00e7\u00f5es de trabalho aos policiais e seguran\u00e7a para a popula\u00e7\u00e3o. Segundo ele, a parceria e o alinhamento com as institui\u00e7\u00f5es e Poderes v\u00eam conquistando importantes resultados na seguran\u00e7a p\u00fablica do estado.<\/p>\n\n\n\n<p>\u201cEstas emendas parlamentares est\u00e3o se tornando equipamentos de seguran\u00e7a. O resultado est\u00e1 espelhado em \u00edndices de criminalidade menores ano a ano. Nunca tivemos, nos \u00faltimos anos, \u00edndices t\u00e3o baixos como em 2020, no que diz respeito a crimes violentos. Desde que a atual metodologia foi adotada, n\u00f3s superamos todas as marcas. J\u00e1 t\u00ednhamos superado em 2019, e em 2020 fomos al\u00e9m. Quero dar os parab\u00e9ns a todos os agentes que v\u00e3o al\u00e9m do Poder Executivo. Isso \u00e9 fruto de um \u00f3timo trabalho dentro das institui\u00e7\u00f5es\u201d, destacou o governador.<\/p>\n\n\n\n<figure class=\"wp-block-gallery columns-1 is-cropped wp-block-gallery-1 is-layout-flex wp-block-gallery-is-layout-flex\"><ul class=\"blocks-gallery-grid\"><li class=\"blocks-gallery-item\"><figure><img loading=\"lazy\" decoding=\"async\" width=\"675\" height=\"450\" src=\"https:\/\/aconteceunovale.com.br\/portal\/wp-content\/uploads\/2021\/02\/viaturas_pmmg_2.jpeg\" alt=\"\" data-id=\"174644\" data-full-url=\"https:\/\/aconteceunovale.com.br\/portal\/wp-content\/uploads\/2021\/02\/viaturas_pmmg_2.jpeg\" data-link=\"https:\/\/aconteceunovale.com.br\/portal\/?attachment_id=174644\" class=\"wp-image-174644\" srcset=\"https:\/\/aconteceunovale.com.br\/portal\/wp-content\/uploads\/2021\/02\/viaturas_pmmg_2.jpeg 675w, https:\/\/aconteceunovale.com.br\/portal\/wp-content\/uploads\/2021\/02\/viaturas_pmmg_2-300x200.jpeg 300w, https:\/\/aconteceunovale.com.br\/portal\/wp-content\/uploads\/2021\/02\/viaturas_pmmg_2-630x420.jpeg 630w\" sizes=\"auto, (max-width: 675px) 100vw, 675px\" \/><figcaption class=\"blocks-gallery-item__caption\"><em>Foto: Pedro Gontijo \/ Imprensa MG<\/em><\/figcaption><\/figure><\/li><\/ul><\/figure>\n\n\n\n<h2 class=\"wp-block-heading\"><strong>Distribui\u00e7\u00e3o<\/strong><\/h2>\n\n\n\n<p>O comandante-geral da PMMG, coronel Rodrigo Sousa Rodrigues, afirmou que as viaturas ser\u00e3o direcionadas a todas as regi\u00f5es do estado. Ser\u00e3o realizados outros eventos no interior para a entrega.<\/p>\n\n\n\n<p>\u201cEstes ve\u00edculos atender\u00e3o a popula\u00e7\u00e3o de Minas em seus diversos rinc\u00f5es. As novas viaturas contribuir\u00e3o para um ambiente melhor para se viver, trabalhar e empreender em Minas Gerais. Esta expressiva conquista s\u00f3 foi poss\u00edvel pela parceria entre as institui\u00e7\u00f5es e os Poderes constitu\u00eddos, unidos com muita responsabilidade pelo prop\u00f3sito de servir e proteger com qualidade\u201d, afirmou o comandante-geral da institui\u00e7\u00e3o.<\/p>\n\n\n\n<h2 class=\"wp-block-heading\"><strong>Uni\u00e3o de esfor\u00e7os<\/strong><\/h2>\n\n\n\n<p>Parlamentares federais e estaduais presentes na cerim\u00f4nia destacaram a uni\u00e3o de esfor\u00e7os em prol da recupera\u00e7\u00e3o do estado. O senador Carlos Viana ressaltou a responsabilidade de ajudar no processo de transforma\u00e7\u00e3o de uma sociedade mais justa.&nbsp;\u201cOs resultados est\u00e3o aparecendo, com os menores \u00edndices de criminalidade do Brasil, uma pol\u00edcia profissional, um trabalho do&nbsp;<a href=\"http:\/\/www.bombeiros.mg.gov.br\/\" target=\"_blank\" rel=\"noreferrer noopener\">Corpo de Bombeiros<\/a>&nbsp;que hoje no mundo todo \u00e9 refer\u00eancia em desastres e salvamento\u201d, afirmou.<\/p>\n\n\n\n<p>A parceria e uni\u00e3o dos representantes mineiros no Congresso Federal foi destacada pelo l\u00edder da bancada, deputado Diego Andrade. Segundo ele, Seguran\u00e7a, Educa\u00e7\u00e3o e Sa\u00fade est\u00e3o entre as prioridades dos deputados federais.<\/p>\n\n\n\n<p>\u201cQueremos trabalhar em conjunto com o&nbsp;<a href=\"http:\/\/www.mg.gov.br\/\" target=\"_blank\" rel=\"noreferrer noopener\">Governo do Estado<\/a>. Estamos vendo que \u00e9 um governo s\u00e9rio, honesto, que est\u00e1 ajudando a recuperar Minas Gerais. A bancada mineira est\u00e1 unida e pronta para apoiar as a\u00e7\u00f5es do Governo de Minas na reconstru\u00e7\u00e3o do estado.&nbsp; Mesmo com as dificuldades que estamos passando, Minas se destaca como um dos estados mais seguros\u201d, disse Diego Andrade.<\/p>\n\n\n\n<h2 class=\"wp-block-heading\"><strong>Benef\u00edcio para sociedade<\/strong><\/h2>\n\n\n\n<p>O primeiro vice-presidente da Assembleia Legislativa, deputado estadual Ant\u00f4nio Carlos Arantes, falou sobre a import\u00e2ncia das emendas parlamentares em projetos voltados para a sociedade. \u201cA pol\u00edcia est\u00e1 sintonizada com a popula\u00e7\u00e3o, e o fruto disto \u00e9 s\u00e3o os resultados positivos. \u00c9 bom ver o dinheiro p\u00fablico sendo bem aplicado onde a popula\u00e7\u00e3o tanto merece\u201d, ponderou.<\/p>\n\n\n\n<p>J\u00e1 o superintendente da Pol\u00edcia Rodovi\u00e1ria Federal em Minas Gerais, M\u00e1rcio Ant\u00f4nio Territo de Barros, valorizou a uni\u00e3o entre as institui\u00e7\u00f5es militares que, segundo ele, t\u00eam o mesmo prop\u00f3sito: proteger a sociedade.&nbsp;\u201cO conv\u00eanio permite levar ao povo mineiro mais seguran\u00e7a com a presta\u00e7\u00e3o de um servi\u00e7o mais \u00e1gil e eficiente aos usu\u00e1rios que transitam pelas rodovias, que trar\u00e3o mais prote\u00e7\u00e3o e salvaguarda para a Pol\u00edcia Militar Rodovi\u00e1ria no desempenho de suas fun\u00e7\u00f5es e, consequentemente, maior sensa\u00e7\u00e3o de seguran\u00e7a para a sociedade mineira\u201d, finalizou.<\/p>\n\n\n\n<p>Tamb\u00e9m participaram da cerim\u00f4nia representantes de Poderes, autoridades militares e prefeitos \u2013 de forma virtual.<\/p>\n\n\n\n<h2 class=\"wp-block-heading\"><strong>Resultados<\/strong><\/h2>\n\n\n\n<p>Os crimes violentos ca\u00edram 32,92% em Minas Gerais ao longo de 2020, na compara\u00e7\u00e3o com o mesmo per\u00edodo do ano anterior. Os dados representam um total de 22.748 crimes a menos em todo o estado em rela\u00e7\u00e3o a 2019. Dentre os 15 \u00edndices monitorados mensalmente pelo Observat\u00f3rio de Seguran\u00e7a P\u00fablica, 14 apresentaram redu\u00e7\u00e3o. No comparativo com 2018, a queda da criminalidade violenta chega a 51,26%.<\/p>\n\n\n\n<p>Importante indicador da criminalidade e um dos menos afetados pelo contexto de distanciamento social, o n\u00famero de v\u00edtimas de homic\u00eddios consumados apresentou queda de 6,43% no estado. Na capital, a redu\u00e7\u00e3o foi ainda maior, de 14,17%. Levando em conta o interior, 612 munic\u00edpios &#8211; o equivalente a 71,75% do total &#8211; n\u00e3o registraram homic\u00eddios, mantiveram ou reduziram os \u00edndices na compara\u00e7\u00e3o com 2019.<\/p>\n\n\n\n<figure class=\"wp-block-gallery columns-1 is-cropped wp-block-gallery-2 is-layout-flex wp-block-gallery-is-layout-flex\"><ul class=\"blocks-gallery-grid\"><li class=\"blocks-gallery-item\"><figure><img loading=\"lazy\" decoding=\"async\" width=\"675\" height=\"450\" src=\"https:\/\/aconteceunovale.com.br\/portal\/wp-content\/uploads\/2021\/02\/viaturas_pmmg_1.jpeg\" alt=\"\" data-id=\"174645\" data-full-url=\"https:\/\/aconteceunovale.com.br\/portal\/wp-content\/uploads\/2021\/02\/viaturas_pmmg_1.jpeg\" data-link=\"https:\/\/aconteceunovale.com.br\/portal\/?attachment_id=174645\" class=\"wp-image-174645\" srcset=\"https:\/\/aconteceunovale.com.br\/portal\/wp-content\/uploads\/2021\/02\/viaturas_pmmg_1.jpeg 675w, https:\/\/aconteceunovale.com.br\/portal\/wp-content\/uploads\/2021\/02\/viaturas_pmmg_1-300x200.jpeg 300w, https:\/\/aconteceunovale.com.br\/portal\/wp-content\/uploads\/2021\/02\/viaturas_pmmg_1-630x420.jpeg 630w\" sizes=\"auto, (max-width: 675px) 100vw, 675px\" \/><figcaption class=\"blocks-gallery-item__caption\"><em>Foto: Pedro Gontijo \/ Imprensa MG<\/em><\/figcaption><\/figure><\/li><\/ul><\/figure>\n\n\n\n<h2 class=\"wp-block-heading\"><strong>Entregas<\/strong><\/h2>\n\n\n\n<p>Nos dois primeiros anos do governo Zema foram entregues para a Pol\u00edcia Militar de Minas Gerais 8,5 mil\u00a0coletes antibal\u00edsticos, 872 armas de porte, al\u00e9m de outras 1.171 viaturas operacionais.<\/p>\n\n\n\n<p>&#8212;&#8212;&#8212;&#8212;&#8212;&#8212;<br><em>Quer receber as not\u00edcias do <strong>Aconteceu no Vale<\/strong> em primeira m\u00e3o? Siga-nos no Facebook <a rel=\"noreferrer noopener\" href=\"http:\/\/facebook.com\/aconteceunovale\" target=\"_blank\">@aconteceunovale<\/a>, Twitter <a rel=\"noreferrer noopener\" href=\"https:\/\/twitter.com\/noticiadosvales\" target=\"_blank\">@noticiadosvales<\/a> e Instagram <a rel=\"noreferrer noopener\" href=\"https:\/\/www.instagram.com\/aconteceunovale\" target=\"_blank\">@aconteceunovale<\/a>.<\/em><\/p>\n","protected":false},"excerpt":{"rendered":"<p>O governador Romeu Zema come\u00e7ou nesta sexta-feira (26\/2\/2021), em Belo Horizonte, a entrega de 645 viaturas que ir\u00e3o refor\u00e7ar a seguran\u00e7a p\u00fablica nos munic\u00edpios mineiros. Os autom\u00f3veis e motocicletas, que ser\u00e3o usados pela\u00a0Pol\u00edcia Militar de Minas Gerais (PMMG), foram adquiridos por meio de recursos de emendas parlamentares federais e estaduais e de conv\u00eanios com o [&hellip;]<\/p>\n","protected":false},"author":4,"featured_media":174645,"comment_status":"open","ping_status":"closed","sticky":false,"template":"","format":"standard","meta":{"amp_status":"","footnotes":""},"categories":[123],"tags":[238553,238554,238555,238556,184213,38187,169,178207],"class_list":["post-174643","post","type-post","status-publish","format-standard","has-post-thumbnail","hentry","category-gerais","tag-entrega-de-viaturas-em-minas-gerais","tag-entrega-de-viaturas-para-a-pmmg","tag-entrega-de-viaturas-para-a-policia-militar-de-minas-gerais","tag-governador-entrega-645-viaturas-para-a-pmmg","tag-governador-romeu-zema","tag-pmmg","tag-policia-militar","tag-romeu-zema"],"_links":{"self":[{"href":"https:\/\/aconteceunovale.com.br\/portal\/index.php?rest_route=\/wp\/v2\/posts\/174643","targetHints":{"allow":["GET"]}}],"collection":[{"href":"https:\/\/aconteceunovale.com.br\/portal\/index.php?rest_route=\/wp\/v2\/posts"}],"about":[{"href":"https:\/\/aconteceunovale.com.br\/portal\/index.php?rest_route=\/wp\/v2\/types\/post"}],"author":[{"embeddable":true,"href":"https:\/\/aconteceunovale.com.br\/portal\/index.php?rest_route=\/wp\/v2\/users\/4"}],"replies":[{"embeddable":true,"href":"https:\/\/aconteceunovale.com.br\/portal\/index.php?rest_route=%2Fwp%2Fv2%2Fcomments&post=174643"}],"version-history":[{"count":1,"href":"https:\/\/aconteceunovale.com.br\/portal\/index.php?rest_route=\/wp\/v2\/posts\/174643\/revisions"}],"predecessor-version":[{"id":174646,"href":"https:\/\/aconteceunovale.com.br\/portal\/index.php?rest_route=\/wp\/v2\/posts\/174643\/revisions\/174646"}],"wp:featuredmedia":[{"embeddable":true,"href":"https:\/\/aconteceunovale.com.br\/portal\/index.php?rest_route=\/wp\/v2\/media\/174645"}],"wp:attachment":[{"href":"https:\/\/aconteceunovale.com.br\/portal\/index.php?rest_route=%2Fwp%2Fv2%2Fmedia&parent=174643"}],"wp:term":[{"taxonomy":"category","embeddable":true,"href":"https:\/\/aconteceunovale.com.br\/portal\/index.php?rest_route=%2Fwp%2Fv2%2Fcategories&post=174643"},{"taxonomy":"post_tag","embeddable":true,"href":"https:\/\/aconteceunovale.com.br\/portal\/index.php?rest_route=%2Fwp%2Fv2%2Ftags&post=174643"}],"curies":[{"name":"wp","href":"https:\/\/api.w.org\/{rel}","templated":true}]}}