{"id":174630,"date":"2021-02-26T15:09:29","date_gmt":"2021-02-26T18:09:29","guid":{"rendered":"https:\/\/aconteceunovale.com.br\/portal\/?p=174630"},"modified":"2021-02-26T15:12:57","modified_gmt":"2021-02-26T18:12:57","slug":"dois-idosos-morrem-em-acidente-no-municipio-de-teofilo-otoni","status":"publish","type":"post","link":"https:\/\/aconteceunovale.com.br\/portal\/?p=174630","title":{"rendered":"Dois idosos morrem em acidente no munic\u00edpio de Te\u00f3filo Otoni"},"content":{"rendered":"\n<p>Dois homens, de 67 e 72 anos, morreram em um acidente no km 142 da MGC-418, no munic\u00edpio de Te\u00f3filo Otoni (MG), nessa quinta-feira (25\/2\/2021). A colis\u00e3o entre uma Fiat Strada e um caminh\u00e3o aconteceu na regi\u00e3o do distrito de Pedro Versiani.<\/p>\n\n\n\n<p>Segundo informa\u00e7\u00f5es da Pol\u00edcia Militar Rodovi\u00e1ria, o caminh\u00e3o carregado com cervejas seguia no sentido Nanuque quando a picape teria invadido a pista contr\u00e1ria. Os dois ve\u00edculos colidiram frontalmente.<\/p>\n\n\n\n<p>Equipes do Corpo de Bombeiros e do SAMU confirmaram a morte dos dois ocupantes do ve\u00edculo leve. As v\u00edtimas foram identificadas como F\u00e1bio de Castro F\u00e9lix, de 67 anos, e Decir Soares de Oliveira, de 72.<\/p>\n\n\n\n<p>Os corpos foram retirados das ferragens e encaminhados para o Instituto M\u00e9dico Legal (IML) de Te\u00f3filo Otoni. As causas do acidente ser\u00e3o investigadas.<\/p>\n\n\n\n<figure class=\"wp-block-gallery columns-1 is-cropped wp-block-gallery-1 is-layout-flex wp-block-gallery-is-layout-flex\"><ul class=\"blocks-gallery-grid\"><li class=\"blocks-gallery-item\"><figure><img loading=\"lazy\" decoding=\"async\" width=\"678\" height=\"381\" src=\"https:\/\/aconteceunovale.com.br\/portal\/wp-content\/uploads\/2021\/02\/acidente_teofilo_otoni.jpg\" alt=\"\" data-id=\"174631\" data-link=\"https:\/\/aconteceunovale.com.br\/portal\/?attachment_id=174631\" class=\"wp-image-174631\" srcset=\"https:\/\/aconteceunovale.com.br\/portal\/wp-content\/uploads\/2021\/02\/acidente_teofilo_otoni.jpg 678w, https:\/\/aconteceunovale.com.br\/portal\/wp-content\/uploads\/2021\/02\/acidente_teofilo_otoni-300x169.jpg 300w\" sizes=\"auto, (max-width: 678px) 100vw, 678px\" \/><figcaption class=\"blocks-gallery-item__caption\"><em>Foto: Reprodu\u00e7\u00e3o \/ WhatsApp<\/em><\/figcaption><\/figure><\/li><li class=\"blocks-gallery-item\"><figure><img loading=\"lazy\" decoding=\"async\" width=\"671\" height=\"450\" src=\"https:\/\/aconteceunovale.com.br\/portal\/wp-content\/uploads\/2021\/02\/acidente_teofilo_otoni2.jpg\" alt=\"\" data-id=\"174632\" data-full-url=\"https:\/\/aconteceunovale.com.br\/portal\/wp-content\/uploads\/2021\/02\/acidente_teofilo_otoni2.jpg\" data-link=\"https:\/\/aconteceunovale.com.br\/portal\/?attachment_id=174632\" class=\"wp-image-174632\" srcset=\"https:\/\/aconteceunovale.com.br\/portal\/wp-content\/uploads\/2021\/02\/acidente_teofilo_otoni2.jpg 671w, https:\/\/aconteceunovale.com.br\/portal\/wp-content\/uploads\/2021\/02\/acidente_teofilo_otoni2-300x201.jpg 300w, https:\/\/aconteceunovale.com.br\/portal\/wp-content\/uploads\/2021\/02\/acidente_teofilo_otoni2-626x420.jpg 626w\" sizes=\"auto, (max-width: 671px) 100vw, 671px\" \/><figcaption class=\"blocks-gallery-item__caption\"><em>Foto: Reprodu\u00e7\u00e3o \/ WhatsApp<\/em><\/figcaption><\/figure><\/li><\/ul><\/figure>\n\n\n\n<p>&#8212;&#8212;&#8212;&#8212;&#8212;&#8212;<br><em>Quer receber as not\u00edcias do <strong>Aconteceu no Vale<\/strong> em primeira m\u00e3o? Siga-nos no Facebook <a rel=\"noreferrer noopener\" href=\"http:\/\/facebook.com\/aconteceunovale\" target=\"_blank\">@aconteceunovale<\/a>, Twitter <a rel=\"noreferrer noopener\" href=\"https:\/\/twitter.com\/noticiadosvales\" target=\"_blank\">@noticiadosvales<\/a> e Instagram <a rel=\"noreferrer noopener\" href=\"https:\/\/www.instagram.com\/aconteceunovale\" target=\"_blank\">@aconteceunovale<\/a>.<\/em><\/p>\n","protected":false},"excerpt":{"rendered":"<p>Dois homens, de 67 e 72 anos, morreram em um acidente no km 142 da MGC-418, no munic\u00edpio de Te\u00f3filo Otoni (MG), nessa quinta-feira (25\/2\/2021). A colis\u00e3o entre uma Fiat Strada e um caminh\u00e3o aconteceu na regi\u00e3o do distrito de Pedro Versiani. Segundo informa\u00e7\u00f5es da Pol\u00edcia Militar Rodovi\u00e1ria, o caminh\u00e3o carregado com cervejas seguia no [&hellip;]<\/p>\n","protected":false},"author":4,"featured_media":174631,"comment_status":"open","ping_status":"closed","sticky":false,"template":"","format":"standard","meta":{"amp_status":"","footnotes":""},"categories":[122],"tags":[238535,13880,238536,210814,238537,210816,238540,1018,238534,238539,238538,252,164],"class_list":["post-174630","post","type-post","status-publish","format-standard","has-post-thumbnail","hentry","category-mucuri","tag-acidente-com-caminhao-de-cerveja-em-teofilo-otoni","tag-acidente-em-teofilo-otoni","tag-acidente-entre-picape-e-caminhao-em-teofilo-otoni","tag-acidente-na-br-418-em-teofilo-otoni-2","tag-acidente-na-mgc-418-em-teofilo-otoni","tag-br-418-2","tag-decir-soares-de-oliveira","tag-destaque","tag-dois-idosos-morrem-em-acidente-no-municipio-de-teofilo-otoni","tag-fabio-de-castro-felix","tag-mgc-418","tag-nanuque","tag-teofilo-otoni"],"_links":{"self":[{"href":"https:\/\/aconteceunovale.com.br\/portal\/index.php?rest_route=\/wp\/v2\/posts\/174630","targetHints":{"allow":["GET"]}}],"collection":[{"href":"https:\/\/aconteceunovale.com.br\/portal\/index.php?rest_route=\/wp\/v2\/posts"}],"about":[{"href":"https:\/\/aconteceunovale.com.br\/portal\/index.php?rest_route=\/wp\/v2\/types\/post"}],"author":[{"embeddable":true,"href":"https:\/\/aconteceunovale.com.br\/portal\/index.php?rest_route=\/wp\/v2\/users\/4"}],"replies":[{"embeddable":true,"href":"https:\/\/aconteceunovale.com.br\/portal\/index.php?rest_route=%2Fwp%2Fv2%2Fcomments&post=174630"}],"version-history":[{"count":2,"href":"https:\/\/aconteceunovale.com.br\/portal\/index.php?rest_route=\/wp\/v2\/posts\/174630\/revisions"}],"predecessor-version":[{"id":174634,"href":"https:\/\/aconteceunovale.com.br\/portal\/index.php?rest_route=\/wp\/v2\/posts\/174630\/revisions\/174634"}],"wp:featuredmedia":[{"embeddable":true,"href":"https:\/\/aconteceunovale.com.br\/portal\/index.php?rest_route=\/wp\/v2\/media\/174631"}],"wp:attachment":[{"href":"https:\/\/aconteceunovale.com.br\/portal\/index.php?rest_route=%2Fwp%2Fv2%2Fmedia&parent=174630"}],"wp:term":[{"taxonomy":"category","embeddable":true,"href":"https:\/\/aconteceunovale.com.br\/portal\/index.php?rest_route=%2Fwp%2Fv2%2Fcategories&post=174630"},{"taxonomy":"post_tag","embeddable":true,"href":"https:\/\/aconteceunovale.com.br\/portal\/index.php?rest_route=%2Fwp%2Fv2%2Ftags&post=174630"}],"curies":[{"name":"wp","href":"https:\/\/api.w.org\/{rel}","templated":true}]}}