{"id":174626,"date":"2021-02-26T13:38:46","date_gmt":"2021-02-26T16:38:46","guid":{"rendered":"https:\/\/aconteceunovale.com.br\/portal\/?p=174626"},"modified":"2021-02-26T13:39:22","modified_gmt":"2021-02-26T16:39:22","slug":"inss-divulga-calendario-de-retomada-da-prova-de-vida","status":"publish","type":"post","link":"https:\/\/aconteceunovale.com.br\/portal\/?p=174626","title":{"rendered":"INSS divulga calend\u00e1rio de retomada da prova de vida"},"content":{"rendered":"\n<p>O Instituto Nacional do Seguro Social (INSS) publicou hoje (26\/2\/2021), no\u00a0<em>Di\u00e1rio Oficial da Uni\u00e3o<\/em>\u00a0(DOU), a <a href=\"https:\/\/www.in.gov.br\/en\/web\/dou\/-\/portaria-n-1.278-de-24-de-fevereiro-de-2021-305382120\" target=\"_blank\" rel=\"noreferrer noopener\">portaria<\/a> que suspende at\u00e9 abril a obrigatoriedade de aposentados e pensionistas fazerem a prova de vida, com o calend\u00e1rio de retomada do procedimento.<img decoding=\"async\" src=\"https:\/\/agenciabrasil.ebc.com.br\/ebc.png?id=1402439&amp;o=node\"><img decoding=\"async\" src=\"https:\/\/agenciabrasil.ebc.com.br\/ebc.gif?id=1402439&amp;o=node\"><\/p>\n\n\n\n<p>A\u00a0medida de suspens\u00e3o\u00a0da obrigatoriedade j\u00e1 havia sido anunciada pelo presidente do \u00f3rg\u00e3o, Leonardo Rolim, na\u00a0ter\u00e7a-feira (23).\u00a0<\/p>\n\n\n\n<p>O procedimento deve ser feito a cada ano para que o pagamento do benef\u00edcio do INSS n\u00e3o seja bloqueado. Desde mar\u00e7o de 2020, entretanto, os bloqueios foram suspensos em decorr\u00eancia da pandemia de covid-19, que prejudicou a realiza\u00e7\u00e3o da prova de vida de modo presencial.<\/p>\n\n\n\n<p>A suspens\u00e3o da obrigatoriedade da prova de vida vem sendo postergada sucessivas vezes. Desde agosto, o governo tem investido em um projeto piloto para que o procedimento possa ser feito de modo remoto, pelo celular. Uma nova etapa do projeto, lan\u00e7ada na\u00a0ter\u00e7a (23), disponibilizou o\u00a0servi\u00e7o digital\u00a0para mais de 5 milh\u00f5es de benefici\u00e1rios do INSS.\u00a0<\/p>\n\n\n\n<p>Segundo dados apresentados por Rolim, a suspens\u00e3o da obrigatoriedade levou 5,3 milh\u00f5es de aposentados e pensionistas a n\u00e3o realizarem o procedimento. Esses benefici\u00e1rios precisam agora regularizar a situa\u00e7\u00e3o. Pela portaria publicada nesta&nbsp;sexta&nbsp;(26), os bloqueios de benef\u00edcio para quem n\u00e3o fez a prova de vida no ano passado voltar\u00e3o a ocorrer a partir&nbsp;de maio, de forma escalonada.<\/p>\n\n\n\n<p>De acordo com a nova portaria, por exemplo, quem deveria&nbsp;ter&nbsp;feito a prova de vida at\u00e9 abril de 2020 e n\u00e3o realizou o procedimento, poder\u00e1&nbsp;ter&nbsp;o pagamento de seu benef\u00edcio bloqueado a partir&nbsp;de maio&nbsp;deste ano, caso n\u00e3o se regularize at\u00e9 l\u00e1.<\/p>\n\n\n\n<p>Confira abaixo o cronograma de bloqueio do pagamento de benef\u00edcios do INSS para os aposentados e pensionistas que n\u00e3o realizaram a prova de vida:<\/p>\n\n\n\n<figure class=\"wp-block-image size-large\"><img loading=\"lazy\" decoding=\"async\" width=\"575\" height=\"352\" src=\"https:\/\/aconteceunovale.com.br\/portal\/wp-content\/uploads\/2021\/02\/calendario_prova_de_vida.png\" alt=\"\" class=\"wp-image-174628\" srcset=\"https:\/\/aconteceunovale.com.br\/portal\/wp-content\/uploads\/2021\/02\/calendario_prova_de_vida.png 575w, https:\/\/aconteceunovale.com.br\/portal\/wp-content\/uploads\/2021\/02\/calendario_prova_de_vida-300x184.png 300w\" sizes=\"auto, (max-width: 575px) 100vw, 575px\" \/><\/figure>\n\n\n\n<p>&#8212;&#8212;&#8212;&#8212;&#8212;&#8212;<br><em>Quer receber as not\u00edcias do <strong>Aconteceu no Vale<\/strong> em primeira m\u00e3o? Siga-nos no Facebook <a rel=\"noreferrer noopener\" href=\"http:\/\/facebook.com\/aconteceunovale\" target=\"_blank\">@aconteceunovale<\/a>, Twitter <a rel=\"noreferrer noopener\" href=\"https:\/\/twitter.com\/noticiadosvales\" target=\"_blank\">@noticiadosvales<\/a> e Instagram <a rel=\"noreferrer noopener\" href=\"https:\/\/www.instagram.com\/aconteceunovale\" target=\"_blank\">@aconteceunovale<\/a>.<\/em><\/p>\n","protected":false},"excerpt":{"rendered":"<p>O Instituto Nacional do Seguro Social (INSS) publicou hoje (26\/2\/2021), no\u00a0Di\u00e1rio Oficial da Uni\u00e3o\u00a0(DOU), a portaria que suspende at\u00e9 abril a obrigatoriedade de aposentados e pensionistas fazerem a prova de vida, com o calend\u00e1rio de retomada do procedimento. A\u00a0medida de suspens\u00e3o\u00a0da obrigatoriedade j\u00e1 havia sido anunciada pelo presidente do \u00f3rg\u00e3o, Leonardo Rolim, na\u00a0ter\u00e7a-feira (23).\u00a0 O [&hellip;]<\/p>\n","protected":false},"author":4,"featured_media":169341,"comment_status":"open","ping_status":"closed","sticky":false,"template":"","format":"standard","meta":{"amp_status":"","footnotes":""},"categories":[6],"tags":[25201,26724,238532,6528,235173,113539,225302,235171,238533,235172,238194],"class_list":["post-174626","post","type-post","status-publish","format-standard","has-post-thumbnail","hentry","category-br","tag-aposentadoria","tag-aposentados","tag-calendario-de-retomada-da-prova-de-vida","tag-inss","tag-portaria-sobre-prova-de-vida-de-aposentados","tag-presidente-do-inss","tag-prova-de-vida-de-aposentados","tag-prova-de-vida-de-aposentados-e-suspensa-ate-fevereiro","tag-retomada-da-prova-de-vida","tag-suspensao-da-prova-de-vida-de-aposentados","tag-suspensao-de-prova-de-vida-vai-ate-abril"],"_links":{"self":[{"href":"https:\/\/aconteceunovale.com.br\/portal\/index.php?rest_route=\/wp\/v2\/posts\/174626","targetHints":{"allow":["GET"]}}],"collection":[{"href":"https:\/\/aconteceunovale.com.br\/portal\/index.php?rest_route=\/wp\/v2\/posts"}],"about":[{"href":"https:\/\/aconteceunovale.com.br\/portal\/index.php?rest_route=\/wp\/v2\/types\/post"}],"author":[{"embeddable":true,"href":"https:\/\/aconteceunovale.com.br\/portal\/index.php?rest_route=\/wp\/v2\/users\/4"}],"replies":[{"embeddable":true,"href":"https:\/\/aconteceunovale.com.br\/portal\/index.php?rest_route=%2Fwp%2Fv2%2Fcomments&post=174626"}],"version-history":[{"count":1,"href":"https:\/\/aconteceunovale.com.br\/portal\/index.php?rest_route=\/wp\/v2\/posts\/174626\/revisions"}],"predecessor-version":[{"id":174629,"href":"https:\/\/aconteceunovale.com.br\/portal\/index.php?rest_route=\/wp\/v2\/posts\/174626\/revisions\/174629"}],"wp:featuredmedia":[{"embeddable":true,"href":"https:\/\/aconteceunovale.com.br\/portal\/index.php?rest_route=\/wp\/v2\/media\/169341"}],"wp:attachment":[{"href":"https:\/\/aconteceunovale.com.br\/portal\/index.php?rest_route=%2Fwp%2Fv2%2Fmedia&parent=174626"}],"wp:term":[{"taxonomy":"category","embeddable":true,"href":"https:\/\/aconteceunovale.com.br\/portal\/index.php?rest_route=%2Fwp%2Fv2%2Fcategories&post=174626"},{"taxonomy":"post_tag","embeddable":true,"href":"https:\/\/aconteceunovale.com.br\/portal\/index.php?rest_route=%2Fwp%2Fv2%2Ftags&post=174626"}],"curies":[{"name":"wp","href":"https:\/\/api.w.org\/{rel}","templated":true}]}}