{"id":174623,"date":"2021-02-26T09:52:55","date_gmt":"2021-02-26T12:52:55","guid":{"rendered":"https:\/\/aconteceunovale.com.br\/portal\/?p=174623"},"modified":"2021-02-26T09:54:39","modified_gmt":"2021-02-26T12:54:39","slug":"chuvas-de-fevereiro-elevam-expectativa-de-bom-desenvolvimento-de-graos-de-cafe","status":"publish","type":"post","link":"https:\/\/aconteceunovale.com.br\/portal\/?p=174623","title":{"rendered":"Chuvas de fevereiro elevam expectativa de bom desenvolvimento de gr\u00e3os de caf\u00e9"},"content":{"rendered":"\n<p>A safra de caf\u00e9 em 2021 ser\u00e1 menor que a do ano anterior. Esse fato \u00e9 explicado pelo fen\u00f4meno da bienalidade: ap\u00f3s um ano de produtividade elevada, a expectativa \u00e9 de diminui\u00e7\u00e3o nos n\u00fameros da safra seguinte. Em anos assim, a recomenda\u00e7\u00e3o de especialistas \u00e9 para que os cafeicultores intensifiquem, ainda mais, os tratos culturais e os cuidados, buscando a qualidade final do produto.&nbsp;<\/p>\n\n\n\n<p>\u201cUma safra menor, mas com qualidade melhor, pode refletir em ganhos para o produtor\u201d, observa o pesquisador da\u00a0Empresa de Pesquisa Agropecu\u00e1ria de Minas Gerais (<a rel=\"noreferrer noopener\" href=\"http:\/\/www.epamig.br\/\" target=\"_blank\">Epamig<\/a>), Gladyston Carvalho.<\/p>\n\n\n\n<p>Neste ano, o fator clim\u00e1tico tamb\u00e9m tem preocupado os produtores de diferentes regi\u00f5es de Minas Gerais. Entretanto, as chuvas de fevereiro elevaram as expectativas por uma boa forma\u00e7\u00e3o e um bom desenvolvimento dos gr\u00e3os. \u201cNeste m\u00eas j\u00e1 choveu bastante e as lavouras est\u00e3o se recuperando bem. A gente tem visto no campo, onde acompanhamos experimentos, que os produtores est\u00e3o cuidando bem da lavoura. A depender do clima durante a colheita, podemos ter caf\u00e9s com qualidade muito elevada\u201d, acrescenta o pesquisador da Epamig.<\/p>\n\n\n\n<figure class=\"wp-block-gallery columns-1 is-cropped wp-block-gallery-1 is-layout-flex wp-block-gallery-is-layout-flex\"><ul class=\"blocks-gallery-grid\"><li class=\"blocks-gallery-item\"><figure><img loading=\"lazy\" decoding=\"async\" width=\"673\" height=\"450\" src=\"https:\/\/aconteceunovale.com.br\/portal\/wp-content\/uploads\/2021\/02\/secagem_cafe.jpg\" alt=\"\" data-id=\"174624\" data-full-url=\"https:\/\/aconteceunovale.com.br\/portal\/wp-content\/uploads\/2021\/02\/secagem_cafe.jpg\" data-link=\"https:\/\/aconteceunovale.com.br\/portal\/?attachment_id=174624\" class=\"wp-image-174624\" srcset=\"https:\/\/aconteceunovale.com.br\/portal\/wp-content\/uploads\/2021\/02\/secagem_cafe.jpg 673w, https:\/\/aconteceunovale.com.br\/portal\/wp-content\/uploads\/2021\/02\/secagem_cafe-300x201.jpg 300w, https:\/\/aconteceunovale.com.br\/portal\/wp-content\/uploads\/2021\/02\/secagem_cafe-628x420.jpg 628w\" sizes=\"auto, (max-width: 673px) 100vw, 673px\" \/><figcaption class=\"blocks-gallery-item__caption\"><em>Foto: Divulga\u00e7\u00e3o \/ Epamig<\/em><\/figcaption><\/figure><\/li><\/ul><\/figure>\n\n\n\n<h2 class=\"wp-block-heading\"><strong>Tratos adequados<\/strong><\/h2>\n\n\n\n<p>A qualidade na produ\u00e7\u00e3o depende do emprego de tratos culturais adequados, nas \u00e9pocas corretas. \u201cN\u00e3o se pode atrasar as aduba\u00e7\u00f5es de solo e \u00e9 preciso ter cuidado com rela\u00e7\u00e3o ao controle das pragas e doen\u00e7as e ao manejo das plantas daninhas. \u00c9 necess\u00e1rio que o cafeeiro seja muito bem nutrido, que n\u00e3o ocorra mato-competi\u00e7\u00e3o e desfolha devido a ataques de pragas e doen\u00e7as, garantindo, assim, que a lavoura esteja preparada para o per\u00edodo de colheita\u201d, alerta o gerente de Desenvolvimento T\u00e9cnico da Cooxup\u00e9, M\u00e1rio Ferraz.<\/p>\n\n\n\n<p>Outro ponto de aten\u00e7\u00e3o \u00e9 quanto \u00e0 colheita, que deve ser feita no ponto ideal, evitando a presen\u00e7a de muito caf\u00e9 verde ou a queda de gr\u00e3os que estejam muito maduros. A indica\u00e7\u00e3o \u00e9 que pelo menos 80% dos frutos estejam maduros para dar in\u00edcio \u00e0 colheita.&nbsp;<\/p>\n\n\n\n<p>\u201cDepois, recomendamos que seja feito o processo de lavagem, no qual vai haver a separa\u00e7\u00e3o dos gr\u00e3os por densidade, separando os \u201cboias\u201d e os verdes daqueles maduros. Essa separa\u00e7\u00e3o \u00e9 importante para garantir uma uniformidade melhor de seca\u201d, recomenda o superintendente da Federa\u00e7\u00e3o dos Cafeicultores do Cerrado Mineiro, Juliano Tarabal.<\/p>\n\n\n\n<p>O pesquisador Gladyston Carvalho ressalta que a ado\u00e7\u00e3o de tratos culturais e de pr\u00e1ticas de manejo adequadas, em conjunto \u00e0s condi\u00e7\u00f5es atuais de clima, refor\u00e7am a tend\u00eancia de uma safra de qualidade. \u201cTudo caminha para que a gente tenha um ano de qualidade de fruto boa. As chuvas est\u00e3o boas agora e, em geral, uma safra menor tem gr\u00e3os de peneira maior. O que vai determinar o resultado final \u00e9, exatamente, a \u00e9poca da colheita. Se for uma colheita com pouca chuva, mant\u00e9m-se essa perspectiva. Se houver um \u00edndice pluviom\u00e9trico maior, de maio a julho, o cen\u00e1rio pode mudar\u201d, diz.<\/p>\n\n\n\n<h2 class=\"wp-block-heading\"><strong>Cuidados p\u00f3s-colheita<\/strong><\/h2>\n\n\n\n<p>As pesquisas da Epamig em cafeicultura abrangem todo o ciclo produtivo da planta, desde o preparo do solo e a indica\u00e7\u00e3o de cultivares selecionadas, at\u00e9 os cuidados p\u00f3s-colheita. Os estudos incluem tamb\u00e9m o desenvolvimento de variedades mais produtivas e resistentes a pragas e doen\u00e7as, al\u00e9m da indica\u00e7\u00e3o de boas pr\u00e1ticas que garantam a qualidade e a agrega\u00e7\u00e3o de valor ao produto final.<\/p>\n\n\n\n<p>No site da Epamig est\u00e3o dispon\u00edveis para download\u00a0publica\u00e7\u00f5es\u00a0que abordam diferentes est\u00e1gios do ciclo produtivo, com recomenda\u00e7\u00f5es dos tratos culturais, manejos e t\u00e9cnicas para controle de pragas e doen\u00e7as mais adequados, al\u00e9m dos cuidados p\u00f3s-colheita.\u00a0<a rel=\"noreferrer noopener\" href=\"http:\/\/www.epamig.br\/publicacoes\/circular-tecnica\/?cp_circulartecnica=5\" target=\"_blank\">Clique aqui<\/a>\u00a0para acessar.<\/p>\n\n\n\n<p>&#8212;&#8212;&#8212;&#8212;&#8212;&#8212;<br><em>Quer receber as not\u00edcias do <strong>Aconteceu no Vale<\/strong> em primeira m\u00e3o? Siga-nos no Facebook <a rel=\"noreferrer noopener\" href=\"http:\/\/facebook.com\/aconteceunovale\" target=\"_blank\">@aconteceunovale<\/a>, Twitter <a rel=\"noreferrer noopener\" href=\"https:\/\/twitter.com\/noticiadosvales\" target=\"_blank\">@noticiadosvales<\/a> e Instagram <a rel=\"noreferrer noopener\" href=\"https:\/\/www.instagram.com\/aconteceunovale\" target=\"_blank\">@aconteceunovale<\/a>.<\/em><\/p>\n","protected":false},"excerpt":{"rendered":"<p>A safra de caf\u00e9 em 2021 ser\u00e1 menor que a do ano anterior. Esse fato \u00e9 explicado pelo fen\u00f4meno da bienalidade: ap\u00f3s um ano de produtividade elevada, a expectativa \u00e9 de diminui\u00e7\u00e3o nos n\u00fameros da safra seguinte. Em anos assim, a recomenda\u00e7\u00e3o de especialistas \u00e9 para que os cafeicultores intensifiquem, ainda mais, os tratos culturais [&hellip;]<\/p>\n","protected":false},"author":4,"featured_media":174624,"comment_status":"open","ping_status":"closed","sticky":false,"template":"","format":"standard","meta":{"amp_status":"","footnotes":""},"categories":[123],"tags":[200092,238528,238527,27208,238529,25884,238531,133566,133568,238530,26492,134748],"class_list":["post-174623","post","type-post","status-publish","format-standard","has-post-thumbnail","hentry","category-gerais","tag-cafeicultura-em-minas-gerais","tag-chuvas-de-fevereiro","tag-chuvas-de-fevereiro-elevam-expectativa-de-bom-desenvolvimento-de-graos-de-cafe","tag-cooxupe","tag-desenvolvimento-de-graos-de-cafe","tag-epamig","tag-federacao-dos-cafeicultores-do-cerrado-mineiro","tag-gladyston-carvalho","tag-juliano-tarabal","tag-mario-ferraz","tag-producao-de-cafe-em-minas-gerais","tag-safra-de-cafe-em-minas-gerais"],"_links":{"self":[{"href":"https:\/\/aconteceunovale.com.br\/portal\/index.php?rest_route=\/wp\/v2\/posts\/174623","targetHints":{"allow":["GET"]}}],"collection":[{"href":"https:\/\/aconteceunovale.com.br\/portal\/index.php?rest_route=\/wp\/v2\/posts"}],"about":[{"href":"https:\/\/aconteceunovale.com.br\/portal\/index.php?rest_route=\/wp\/v2\/types\/post"}],"author":[{"embeddable":true,"href":"https:\/\/aconteceunovale.com.br\/portal\/index.php?rest_route=\/wp\/v2\/users\/4"}],"replies":[{"embeddable":true,"href":"https:\/\/aconteceunovale.com.br\/portal\/index.php?rest_route=%2Fwp%2Fv2%2Fcomments&post=174623"}],"version-history":[{"count":1,"href":"https:\/\/aconteceunovale.com.br\/portal\/index.php?rest_route=\/wp\/v2\/posts\/174623\/revisions"}],"predecessor-version":[{"id":174625,"href":"https:\/\/aconteceunovale.com.br\/portal\/index.php?rest_route=\/wp\/v2\/posts\/174623\/revisions\/174625"}],"wp:featuredmedia":[{"embeddable":true,"href":"https:\/\/aconteceunovale.com.br\/portal\/index.php?rest_route=\/wp\/v2\/media\/174624"}],"wp:attachment":[{"href":"https:\/\/aconteceunovale.com.br\/portal\/index.php?rest_route=%2Fwp%2Fv2%2Fmedia&parent=174623"}],"wp:term":[{"taxonomy":"category","embeddable":true,"href":"https:\/\/aconteceunovale.com.br\/portal\/index.php?rest_route=%2Fwp%2Fv2%2Fcategories&post=174623"},{"taxonomy":"post_tag","embeddable":true,"href":"https:\/\/aconteceunovale.com.br\/portal\/index.php?rest_route=%2Fwp%2Fv2%2Ftags&post=174623"}],"curies":[{"name":"wp","href":"https:\/\/api.w.org\/{rel}","templated":true}]}}