{"id":174618,"date":"2021-02-26T00:06:36","date_gmt":"2021-02-26T03:06:36","guid":{"rendered":"https:\/\/aconteceunovale.com.br\/portal\/?p=174618"},"modified":"2021-02-26T00:06:50","modified_gmt":"2021-02-26T03:06:50","slug":"policia-registra-mais-um-homicidio-em-sardoa","status":"publish","type":"post","link":"https:\/\/aconteceunovale.com.br\/portal\/?p=174618","title":{"rendered":"Pol\u00edcia registra mais um homic\u00eddio em Sardo\u00e1"},"content":{"rendered":"\n<p>Um homem de 39 anos foi morto a tiros em Sardo\u00e1, no Leste de Minas, na noite de quarta-feira (24\/2\/2021). Segundo informa\u00e7\u00f5es da Pol\u00edcia Militar, Anderson Gomes Peixoto foi encontrado sem sinais vitais na rua Jos\u00e9 Caldeira de Oliveira.<\/p>\n\n\n\n<p>A Per\u00edcia da Pol\u00edcia Civil esteve no local e constatou v\u00e1rias perfura\u00e7\u00f5es no corpo da v\u00edtima. A autoria e motiva\u00e7\u00e3o do homic\u00eddio s\u00e3o investigadas.<\/p>\n\n\n\n<p><strong>Comerciante assassinado na zona rural<\/strong><\/p>\n\n\n\n<p>O comerciante Hermes Pacheco de Souza, de 42 anos, foi assassinado no C\u00f3rrego do Cedro, zona rural de Sardo\u00e1, na noite de s\u00e1bado (20\/2\/2021). De acordo com informa\u00e7\u00f5es da PM, ele era propriet\u00e1rio de um bar e estava trabalhando no momento em que foi baleado.<\/p>\n\n\n\n<p>Hermes foi socorrido e encaminhado a um posto de sa\u00fade do munic\u00edpio, mas n\u00e3o resistiu aos ferimentos. O crime tamb\u00e9m \u00e9 investigado pela Pol\u00edcia Civil.<\/p>\n\n\n\n<p>&#8212;&#8212;&#8212;&#8212;&#8212;&#8212;<br><em>Quer receber as not\u00edcias do <strong>Aconteceu no Vale<\/strong> em primeira m\u00e3o? Siga-nos no Facebook <a rel=\"noreferrer noopener\" href=\"http:\/\/facebook.com\/aconteceunovale\" target=\"_blank\">@aconteceunovale<\/a>, Twitter <a rel=\"noreferrer noopener\" href=\"https:\/\/twitter.com\/noticiadosvales\" target=\"_blank\">@noticiadosvales<\/a> e Instagram <a rel=\"noreferrer noopener\" href=\"https:\/\/www.instagram.com\/aconteceunovale\" target=\"_blank\">@aconteceunovale<\/a>.<\/em><\/p>\n","protected":false},"excerpt":{"rendered":"<p>Um homem de 39 anos foi morto a tiros em Sardo\u00e1, no Leste de Minas, na noite de quarta-feira (24\/2\/2021). Segundo informa\u00e7\u00f5es da Pol\u00edcia Militar, Anderson Gomes Peixoto foi encontrado sem sinais vitais na rua Jos\u00e9 Caldeira de Oliveira. A Per\u00edcia da Pol\u00edcia Civil esteve no local e constatou v\u00e1rias perfura\u00e7\u00f5es no corpo da v\u00edtima. [&hellip;]<\/p>\n","protected":false},"author":4,"featured_media":151866,"comment_status":"open","ping_status":"closed","sticky":false,"template":"","format":"standard","meta":{"amp_status":"","footnotes":""},"categories":[121],"tags":[238520,238519,238522,238521,235607,235606,238518,235608,238517,325],"class_list":["post-174618","post","type-post","status-publish","format-standard","has-post-thumbnail","hentry","category-leste","tag-anderson-gomes-peixoto","tag-comerciante-morto-em-sardoa","tag-dono-de-bar-morto-em-sardoa","tag-hermes-pacheco-de-souza","tag-homem-morto-em-sardoa","tag-homicidio-em-sardoa","tag-morte-em-sardoa","tag-morto-em-sardoa","tag-policia-registra-mais-um-homicidio-em-sardoa","tag-sardoa"],"_links":{"self":[{"href":"https:\/\/aconteceunovale.com.br\/portal\/index.php?rest_route=\/wp\/v2\/posts\/174618","targetHints":{"allow":["GET"]}}],"collection":[{"href":"https:\/\/aconteceunovale.com.br\/portal\/index.php?rest_route=\/wp\/v2\/posts"}],"about":[{"href":"https:\/\/aconteceunovale.com.br\/portal\/index.php?rest_route=\/wp\/v2\/types\/post"}],"author":[{"embeddable":true,"href":"https:\/\/aconteceunovale.com.br\/portal\/index.php?rest_route=\/wp\/v2\/users\/4"}],"replies":[{"embeddable":true,"href":"https:\/\/aconteceunovale.com.br\/portal\/index.php?rest_route=%2Fwp%2Fv2%2Fcomments&post=174618"}],"version-history":[{"count":1,"href":"https:\/\/aconteceunovale.com.br\/portal\/index.php?rest_route=\/wp\/v2\/posts\/174618\/revisions"}],"predecessor-version":[{"id":174619,"href":"https:\/\/aconteceunovale.com.br\/portal\/index.php?rest_route=\/wp\/v2\/posts\/174618\/revisions\/174619"}],"wp:featuredmedia":[{"embeddable":true,"href":"https:\/\/aconteceunovale.com.br\/portal\/index.php?rest_route=\/wp\/v2\/media\/151866"}],"wp:attachment":[{"href":"https:\/\/aconteceunovale.com.br\/portal\/index.php?rest_route=%2Fwp%2Fv2%2Fmedia&parent=174618"}],"wp:term":[{"taxonomy":"category","embeddable":true,"href":"https:\/\/aconteceunovale.com.br\/portal\/index.php?rest_route=%2Fwp%2Fv2%2Fcategories&post=174618"},{"taxonomy":"post_tag","embeddable":true,"href":"https:\/\/aconteceunovale.com.br\/portal\/index.php?rest_route=%2Fwp%2Fv2%2Ftags&post=174618"}],"curies":[{"name":"wp","href":"https:\/\/api.w.org\/{rel}","templated":true}]}}