{"id":174609,"date":"2021-02-25T23:02:35","date_gmt":"2021-02-26T02:02:35","guid":{"rendered":"https:\/\/aconteceunovale.com.br\/portal\/?p=174609"},"modified":"2021-02-25T23:03:53","modified_gmt":"2021-02-26T02:03:53","slug":"novo-auxilio-emergencial-deve-voltar-em-marco-diz-bolsonaro","status":"publish","type":"post","link":"https:\/\/aconteceunovale.com.br\/portal\/?p=174609","title":{"rendered":"Aux\u00edlio emergencial deve voltar em mar\u00e7o, diz Bolsonaro"},"content":{"rendered":"\n<p>O presidente Jair Bolsonaro afirmou nesta\u00a0quinta-feira (25\/2\/2021), durante sua\u00a0<em>live<\/em>\u00a0semanal nas redes sociais, que o valor do novo aux\u00edlio emergencial a ser proposto pelo governo ser\u00e1 de R$ 250. O benef\u00edcio, segundo ele, deve come\u00e7ar a ser pago ainda em mar\u00e7o, por um per\u00edodo total de quatro meses.\u00a0<\/p>\n\n\n\n<p>&#8220;A princ\u00edpio, o que deve ser feito? A partir\u00a0de mar\u00e7o, por quatro meses, R$ 250 de aux\u00edlio emergencial. Ent\u00e3o \u00e9 isso que est\u00e1 sendo disponibilizado, est\u00e1 sendo conversado ainda, em especial, com os presidentes da C\u00e2mara [Arthur Lira (PP-AL)] e do Senado [Rodrigo Pacheco (DEM-MG)]. Porque a gente tem que ter certeza de que o que n\u00f3s acertarmos, vai ser em conjunto\u201d.<\/p>\n\n\n\n<p>A expectativa, segundo o presidente, \u00e9 que os quatros meses complementares de aux\u00edlio possam fazer a &#8220;economia pegar de vez&#8221;. \u201cNossa capacidade de endividamento est\u00e1, acredito, no limite. Mais quatro meses pra ver se a economia pega de vez, pega pra valer&#8221;, afirmou.&nbsp;<\/p>\n\n\n\n<p>O novo aux\u00edlio emergencial deve substituir o aux\u00edlio pago ao longo do ano passado, como forma de conter os efeitos da pandemia de covid-19 sobre a popula\u00e7\u00e3o mais pobre e os trabalhadores informais.<\/p>\n\n\n\n<p>Inicialmente, o aux\u00edlio emergencial, em 2020, contou com parcelas de R$ 600 ou R$ 1,2 mil (no caso de m\u00e3es chefes de fam\u00edlia), por m\u00eas, para cada benefici\u00e1rio. Projetado para durar tr\u00eas meses, o benef\u00edcio foi estendido para um total de cinco parcelas.<\/p>\n\n\n\n<p>Em setembro do ano passado, foi liberado o Aux\u00edlio Emergencial Extens\u00e3o, de R$ 300 (R$ 600 para as m\u00e3es chefes de fam\u00edlia), com o pagamento de quatro parcelas mensais. O \u00faltimo pagamento do benef\u00edcio ocorreu no final&nbsp;de janeiro. Cerca de 67 milh\u00f5es de pessoas foram contempladas com o programa.&nbsp;<\/p>\n\n\n\n<p>A renova\u00e7\u00e3o do benef\u00edcio ainda precisa ser proposta pelo governo ao Congresso Nacional e, em seguida, aprovada pelos parlamentares.<\/p>\n\n\n\n<figure class=\"wp-block-gallery columns-1 is-cropped wp-block-gallery-1 is-layout-flex wp-block-gallery-is-layout-flex\"><ul class=\"blocks-gallery-grid\"><li class=\"blocks-gallery-item\"><figure><img loading=\"lazy\" decoding=\"async\" width=\"678\" height=\"406\" src=\"https:\/\/aconteceunovale.com.br\/portal\/wp-content\/uploads\/2021\/02\/novo_auxilio_bolsonaro.png\" alt=\"\" data-id=\"174610\" data-full-url=\"https:\/\/aconteceunovale.com.br\/portal\/wp-content\/uploads\/2021\/02\/novo_auxilio_bolsonaro.png\" data-link=\"https:\/\/aconteceunovale.com.br\/portal\/?attachment_id=174610\" class=\"wp-image-174610\" srcset=\"https:\/\/aconteceunovale.com.br\/portal\/wp-content\/uploads\/2021\/02\/novo_auxilio_bolsonaro.png 678w, https:\/\/aconteceunovale.com.br\/portal\/wp-content\/uploads\/2021\/02\/novo_auxilio_bolsonaro-300x180.png 300w\" sizes=\"auto, (max-width: 678px) 100vw, 678px\" \/><figcaption class=\"blocks-gallery-item__caption\"><em>Foto: Reprodu\u00e7\u00e3o \/ Facebook<\/em><\/figcaption><\/figure><\/li><\/ul><\/figure>\n\n\n\n<h2 class=\"wp-block-heading\">Bares e restaurantes<\/h2>\n\n\n\n<p>Durante a&nbsp;<em>live<\/em>, Bolsonaro tamb\u00e9m anunciou que o governo deve lan\u00e7ar em breve um programa de adiamento, refinanciamento e parcelamento de impostos e contribui\u00e7\u00f5es tribut\u00e1rias (Refis) para o setor de bares e restaurantes.<\/p>\n\n\n\n<p>&#8220;Est\u00e1 na imin\u00eancia de publicar o Refis do pessoal a\u00ed dos bares e restaurantes, que est\u00e3o numa situa\u00e7\u00e3o bastante complicada&#8221;, afirmou o presidente.<\/p>\n\n\n\n<p>Com mais de 1\u00a0milh\u00e3o de estabelecimentos em todo o pa\u00eds, que empregam cerca de 6 milh\u00f5es de pessoas, o setor de bares e restaurantes diz que houve queda de 70% nas vendas ao longo do ano passado.\u00a0<\/p>\n\n\n\n<p>&#8212;&#8212;&#8212;&#8212;&#8212;&#8212;<br><em>Quer receber as not\u00edcias do <strong>Aconteceu no Vale<\/strong> em primeira m\u00e3o? Siga-nos no Facebook <a rel=\"noreferrer noopener\" href=\"http:\/\/facebook.com\/aconteceunovale\" target=\"_blank\">@aconteceunovale<\/a>, Twitter <a rel=\"noreferrer noopener\" href=\"https:\/\/twitter.com\/noticiadosvales\" target=\"_blank\">@noticiadosvales<\/a> e Instagram <a rel=\"noreferrer noopener\" href=\"https:\/\/www.instagram.com\/aconteceunovale\" target=\"_blank\">@aconteceunovale<\/a>.<\/em><\/p>\n","protected":false},"excerpt":{"rendered":"<p>O presidente Jair Bolsonaro afirmou nesta\u00a0quinta-feira (25\/2\/2021), durante sua\u00a0live\u00a0semanal nas redes sociais, que o valor do novo aux\u00edlio emergencial a ser proposto pelo governo ser\u00e1 de R$ 250. O benef\u00edcio, segundo ele, deve come\u00e7ar a ser pago ainda em mar\u00e7o, por um per\u00edodo total de quatro meses.\u00a0 &#8220;A princ\u00edpio, o que deve ser feito? A [&hellip;]<\/p>\n","protected":false},"author":4,"featured_media":174610,"comment_status":"open","ping_status":"closed","sticky":false,"template":"","format":"standard","meta":{"amp_status":"","footnotes":""},"categories":[6],"tags":[219405,219383,225996,219292,225074,238508,225788,225789,225075,225949,219977,100375,225948,227485,227055,226016,228349,228081,225732,223087,226744,225178,225552,225551,20922,225787,229938,225176,230001,225962,226017,226018,1018,233503,232346,223269,221649,223267,228779,184405,4610,228713,26436,225826,228714,184661,224350,236426,225077,225076,228715,229939,238509,228778,223181,225550,225549,225961,225177,225548,238510],"class_list":["post-174609","post","type-post","status-publish","format-standard","has-post-thumbnail","hentry","category-br","tag-auxilio-de-r-600","tag-auxilio-emergencial","tag-auxilio-emergencial-chega-a-29-milhoes-de-domicilios","tag-auxilio-emergencial-de-r-600","tag-auxilio-emergencial-de-r-600-elevou-padrao-de-vida-em-23-milhoes-de-domicilios","tag-auxilio-emergencial-deve-voltar-em-marco","tag-auxilio-emergencial-para-agricultor-familiar","tag-auxilio-para-agricultor-familiar","tag-beneficio-do-auxilio-emergencial-de-r-600","tag-bloqueio-de-contas-da-poupanca-social","tag-bloqueio-do-auxilio-emergencial","tag-bolsonaro","tag-caixa-bloqueia-contas-da-poupanca-social","tag-caixa-credita-auxilio-emergencial-para-4-milhoes-nascidos-em-agosto","tag-caixa-credita-auxilio-emergencial-para-nascidos-em-junho","tag-caixa-divulga-orientacao-para-desbloqueio-de-contas","tag-caixa-inicia-amanha-ciclo-2-de-pagamentos-do-auxilio-emergencial","tag-caixa-paga-auxilio-emergencial-de-r-600-a-beneficiarios-do-bolsa-familia","tag-caixa-paga-quarta-parcela-do-auxilio-emergencial-a-beneficiarios-do-bolsa-familia","tag-caixa-tem","tag-caixa-vai-pagar-auxilio-emergencial-de-r-600-a-805-mil-novos-beneficiarios","tag-calendario-para-saque-em-dinheiro-do-auxilio-emergencial","tag-calendario-quarta-parcela-do-auxilio-emergencial","tag-calendario-quinta-parcela-do-auxilio-emergencial","tag-camara-dos-deputados","tag-camara-dos-deputados-aprova-auxilio-emergencial-para-agricultor-familiar-durante-a-pandemia","tag-ciclo-3-do-auxilio-emergencial","tag-confira-o-calendario-para-saque-em-dinheiro-do-auxilio-emergencial-de-r-600","tag-contestar-suspensao-de-auxilio-emergencial","tag-desbloquear-as-contas-digitais-do-auxilio-emergencial","tag-desbloqueio-caixa-tem","tag-desbloqueio-de-contas-caixa-tem","tag-destaque","tag-encerramento-do-auxilio-emergencial","tag-fim-do-auxilio-emergencial","tag-fraude-auxilio-emergencial","tag-fraude-no-auxilio-emergencial","tag-fraudes-no-auxilio-emergencial","tag-fraudes-no-recebimento-de-auxilio-emergencial","tag-governo-bolsonaro","tag-governo-federal","tag-governo-federal-prorroga-auxilio-emergencial-ate-o-fim-do-ano","tag-jair-bolsonaro","tag-mais-de-700-mil-receberao-amanha-primeira-parcela-do-auxilio-emergencial","tag-mais-quatro-parcelas-do-auxilio-emergencial","tag-ministerio-da-economia","tag-novas-parcelas-do-auxilio-emergencial","tag-novo-auxilio-emergencial","tag-padrao-de-vida-auxilio-emergencial","tag-padrao-de-vida-auxilio-emergencial-de-r-600","tag-pagamento-de-mais-parcelas-do-auxilio-emergencial","tag-pagamento-do-ciclo-3-do-auxilio-emergencial","tag-pagamento-do-novo-auxilio-emergencial","tag-policia-federal-apura-fraudes-no-recebimento-de-auxilio-emergencial","tag-prorrogacao-do-auxilio-emergencial","tag-quarta-parcela-auxilio-emergencial","tag-quinta-parcela-auxilio-emergencial","tag-saiba-como-desbloquear-as-contas-digitais-do-auxilio-emergencial","tag-saque-em-dinheiro-do-auxilio-emergencial","tag-veja-os-calendarios-dos-novos-pagamentos-do-auxilio-emergencial-de-r-600","tag-volta-do-auxilio-emergencial"],"_links":{"self":[{"href":"https:\/\/aconteceunovale.com.br\/portal\/index.php?rest_route=\/wp\/v2\/posts\/174609","targetHints":{"allow":["GET"]}}],"collection":[{"href":"https:\/\/aconteceunovale.com.br\/portal\/index.php?rest_route=\/wp\/v2\/posts"}],"about":[{"href":"https:\/\/aconteceunovale.com.br\/portal\/index.php?rest_route=\/wp\/v2\/types\/post"}],"author":[{"embeddable":true,"href":"https:\/\/aconteceunovale.com.br\/portal\/index.php?rest_route=\/wp\/v2\/users\/4"}],"replies":[{"embeddable":true,"href":"https:\/\/aconteceunovale.com.br\/portal\/index.php?rest_route=%2Fwp%2Fv2%2Fcomments&post=174609"}],"version-history":[{"count":2,"href":"https:\/\/aconteceunovale.com.br\/portal\/index.php?rest_route=\/wp\/v2\/posts\/174609\/revisions"}],"predecessor-version":[{"id":174612,"href":"https:\/\/aconteceunovale.com.br\/portal\/index.php?rest_route=\/wp\/v2\/posts\/174609\/revisions\/174612"}],"wp:featuredmedia":[{"embeddable":true,"href":"https:\/\/aconteceunovale.com.br\/portal\/index.php?rest_route=\/wp\/v2\/media\/174610"}],"wp:attachment":[{"href":"https:\/\/aconteceunovale.com.br\/portal\/index.php?rest_route=%2Fwp%2Fv2%2Fmedia&parent=174609"}],"wp:term":[{"taxonomy":"category","embeddable":true,"href":"https:\/\/aconteceunovale.com.br\/portal\/index.php?rest_route=%2Fwp%2Fv2%2Fcategories&post=174609"},{"taxonomy":"post_tag","embeddable":true,"href":"https:\/\/aconteceunovale.com.br\/portal\/index.php?rest_route=%2Fwp%2Fv2%2Ftags&post=174609"}],"curies":[{"name":"wp","href":"https:\/\/api.w.org\/{rel}","templated":true}]}}