{"id":174602,"date":"2021-02-25T19:59:29","date_gmt":"2021-02-25T22:59:29","guid":{"rendered":"https:\/\/aconteceunovale.com.br\/portal\/?p=174602"},"modified":"2021-02-25T20:09:19","modified_gmt":"2021-02-25T23:09:19","slug":"tres-pessoas-sao-presas-por-envolvimento-com-o-trafico-de-drogas-em-capelinha","status":"publish","type":"post","link":"https:\/\/aconteceunovale.com.br\/portal\/?p=174602","title":{"rendered":"Tr\u00eas pessoas s\u00e3o presas por envolvimento com o tr\u00e1fico de drogas em Capelinha"},"content":{"rendered":"\n<p>Duas mulheres e um homem foram presos pela Pol\u00edcia Civil no bairro Piedade, em Capelinha (MG), nesta quinta-feira (25\/2\/2021). O trio \u00e9 suspeito de tr\u00e1fico de drogas e associa\u00e7\u00e3o para o tr\u00e1fico.<\/p>\n\n\n\n<p>Segundo informa\u00e7\u00f5es do Delegado Regional Felipe Pontual Meira Rosa, <em>\u201cas investiga\u00e7\u00f5es apontaram que uma das autoras receptava aparelhos celulares como moeda de troca no tr\u00e1fico e os demais participavam na mercancia das drogas il\u00edcitas. Na resid\u00eancia onde moram foram apreendidos v\u00e1rios aparelhos celulares, droga, dichavadores, al\u00e9m de v\u00e1rios inv\u00f3lucros utilizados para armazenamento das subst\u00e2ncias\u201d<\/em>.<\/p>\n\n\n\n<p>Ainda segundo a Pol\u00edcia Civil, todos os conduzidos j\u00e1 possu\u00edam registros criminais por envolvimento com tr\u00e1fico de drogas e, inclusive, j\u00e1 haviam sido presos pelo mesmo delito.<\/p>\n\n\n\n<p>Os suspeitos, de 23, 25 e 36 anos, foram encaminhados \u00e0 Delegacia de Pol\u00edcia Civil em Capelinha, onde a Autoridade Policial ratificou a pris\u00e3o em flagrante. Eles foram encaminhados ao Sistema Prisional e ficar\u00e3o \u00e0 disposi\u00e7\u00e3o da Justi\u00e7a.<\/p>\n\n\n\n<figure class=\"wp-block-gallery columns-1 is-cropped wp-block-gallery-1 is-layout-flex wp-block-gallery-is-layout-flex\"><ul class=\"blocks-gallery-grid\"><li class=\"blocks-gallery-item\"><figure><img loading=\"lazy\" decoding=\"async\" width=\"601\" height=\"450\" src=\"https:\/\/aconteceunovale.com.br\/portal\/wp-content\/uploads\/2021\/02\/trafico_capelinha.jpg\" alt=\"\" data-id=\"174603\" data-full-url=\"https:\/\/aconteceunovale.com.br\/portal\/wp-content\/uploads\/2021\/02\/trafico_capelinha.jpg\" data-link=\"https:\/\/aconteceunovale.com.br\/portal\/?attachment_id=174603\" class=\"wp-image-174603\" srcset=\"https:\/\/aconteceunovale.com.br\/portal\/wp-content\/uploads\/2021\/02\/trafico_capelinha.jpg 601w, https:\/\/aconteceunovale.com.br\/portal\/wp-content\/uploads\/2021\/02\/trafico_capelinha-300x225.jpg 300w, https:\/\/aconteceunovale.com.br\/portal\/wp-content\/uploads\/2021\/02\/trafico_capelinha-80x60.jpg 80w, https:\/\/aconteceunovale.com.br\/portal\/wp-content\/uploads\/2021\/02\/trafico_capelinha-265x198.jpg 265w, https:\/\/aconteceunovale.com.br\/portal\/wp-content\/uploads\/2021\/02\/trafico_capelinha-561x420.jpg 561w\" sizes=\"auto, (max-width: 601px) 100vw, 601px\" \/><figcaption class=\"blocks-gallery-item__caption\"><em>Material apreendido pela Pol\u00edcia Civil &#8211; Foto: Divulga\u00e7\u00e3o \/ PCMG<\/em><\/figcaption><\/figure><\/li><\/ul><\/figure>\n\n\n\n<p>&#8212;&#8212;&#8212;&#8212;&#8212;&#8212;<br><em>Quer receber as not\u00edcias do <strong>Aconteceu no Vale<\/strong> em primeira m\u00e3o? Siga-nos no Facebook <a rel=\"noreferrer noopener\" href=\"http:\/\/facebook.com\/aconteceunovale\" target=\"_blank\">@aconteceunovale<\/a>, Twitter <a rel=\"noreferrer noopener\" href=\"https:\/\/twitter.com\/noticiadosvales\" target=\"_blank\">@noticiadosvales<\/a> e Instagram <a rel=\"noreferrer noopener\" href=\"https:\/\/www.instagram.com\/aconteceunovale\" target=\"_blank\">@aconteceunovale<\/a>.<\/em><\/p>\n","protected":false},"excerpt":{"rendered":"<p>Duas mulheres e um homem foram presos pela Pol\u00edcia Civil no bairro Piedade, em Capelinha (MG), nesta quinta-feira (25\/2\/2021). O trio \u00e9 suspeito de tr\u00e1fico de drogas e associa\u00e7\u00e3o para o tr\u00e1fico. Segundo informa\u00e7\u00f5es do Delegado Regional Felipe Pontual Meira Rosa, \u201cas investiga\u00e7\u00f5es apontaram que uma das autoras receptava aparelhos celulares como moeda de troca [&hellip;]<\/p>\n","protected":false},"author":4,"featured_media":174603,"comment_status":"open","ping_status":"closed","sticky":false,"template":"","format":"standard","meta":{"amp_status":"","footnotes":""},"categories":[120],"tags":[132,216729,20157,69964,156593,156942,12194,148618,238507],"class_list":["post-174602","post","type-post","status-publish","format-standard","has-post-thumbnail","hentry","category-jequi","tag-capelinha","tag-delegado-felipe-pontual-meira-rosa","tag-felipe-pontual-meira-rosa","tag-presos-em-capelinha","tag-presos-por-trafico-em-capelinha","tag-prisao-de-traficantes-em-capelinha","tag-traficantes-presos-em-capelinha","tag-trafico-em-capelinha","tag-tres-pessoas-sao-presas-por-envolvimento-com-o-trafico-de-drogas-em-capelinha"],"_links":{"self":[{"href":"https:\/\/aconteceunovale.com.br\/portal\/index.php?rest_route=\/wp\/v2\/posts\/174602","targetHints":{"allow":["GET"]}}],"collection":[{"href":"https:\/\/aconteceunovale.com.br\/portal\/index.php?rest_route=\/wp\/v2\/posts"}],"about":[{"href":"https:\/\/aconteceunovale.com.br\/portal\/index.php?rest_route=\/wp\/v2\/types\/post"}],"author":[{"embeddable":true,"href":"https:\/\/aconteceunovale.com.br\/portal\/index.php?rest_route=\/wp\/v2\/users\/4"}],"replies":[{"embeddable":true,"href":"https:\/\/aconteceunovale.com.br\/portal\/index.php?rest_route=%2Fwp%2Fv2%2Fcomments&post=174602"}],"version-history":[{"count":2,"href":"https:\/\/aconteceunovale.com.br\/portal\/index.php?rest_route=\/wp\/v2\/posts\/174602\/revisions"}],"predecessor-version":[{"id":174605,"href":"https:\/\/aconteceunovale.com.br\/portal\/index.php?rest_route=\/wp\/v2\/posts\/174602\/revisions\/174605"}],"wp:featuredmedia":[{"embeddable":true,"href":"https:\/\/aconteceunovale.com.br\/portal\/index.php?rest_route=\/wp\/v2\/media\/174603"}],"wp:attachment":[{"href":"https:\/\/aconteceunovale.com.br\/portal\/index.php?rest_route=%2Fwp%2Fv2%2Fmedia&parent=174602"}],"wp:term":[{"taxonomy":"category","embeddable":true,"href":"https:\/\/aconteceunovale.com.br\/portal\/index.php?rest_route=%2Fwp%2Fv2%2Fcategories&post=174602"},{"taxonomy":"post_tag","embeddable":true,"href":"https:\/\/aconteceunovale.com.br\/portal\/index.php?rest_route=%2Fwp%2Fv2%2Ftags&post=174602"}],"curies":[{"name":"wp","href":"https:\/\/api.w.org\/{rel}","templated":true}]}}