{"id":174597,"date":"2021-02-25T19:13:32","date_gmt":"2021-02-25T22:13:32","guid":{"rendered":"https:\/\/aconteceunovale.com.br\/portal\/?p=174597"},"modified":"2021-02-25T19:14:47","modified_gmt":"2021-02-25T22:14:47","slug":"homem-e-preso-por-estupro-de-vulneravel-em-sao-joao-do-paraiso-no-norte-de-minas","status":"publish","type":"post","link":"https:\/\/aconteceunovale.com.br\/portal\/?p=174597","title":{"rendered":"Homem \u00e9 preso por estupro de vulner\u00e1vel em S\u00e3o Jo\u00e3o do Para\u00edso, no Norte de Minas"},"content":{"rendered":"\n<p>A Pol\u00edcia Civil de Minas Gerais (PCMG) prendeu em S\u00e3o Jo\u00e3o do Para\u00edso, nesta quinta-feira (25\/2\/2021), um homem suspeito de cometer estupro de vulner\u00e1vel.<\/p>\n\n\n\n<p>Conforme apontam as investiga\u00e7\u00f5es, o crime teria ocorrido em janeiro de 2019, mas s\u00f3 foi denunciado em outubro de 2020. A v\u00edtima, uma adolescente de 13 anos, \u00e9 prima do suspeito e relata que, al\u00e9m dos abusos, sofria constantes amea\u00e7as de morte. Ela afirmou que s\u00f3 se sentiu segura para denunciar quando se mudou do povoado onde morava.<\/p>\n\n\n\n<figure class=\"wp-block-gallery columns-1 is-cropped wp-block-gallery-1 is-layout-flex wp-block-gallery-is-layout-flex\"><ul class=\"blocks-gallery-grid\"><li class=\"blocks-gallery-item\"><figure><img loading=\"lazy\" decoding=\"async\" width=\"658\" height=\"450\" src=\"https:\/\/aconteceunovale.com.br\/portal\/wp-content\/uploads\/2021\/02\/preso_sao_joao_paraiso.png\" alt=\"\" data-id=\"174598\" data-full-url=\"https:\/\/aconteceunovale.com.br\/portal\/wp-content\/uploads\/2021\/02\/preso_sao_joao_paraiso.png\" data-link=\"https:\/\/aconteceunovale.com.br\/portal\/?attachment_id=174598\" class=\"wp-image-174598\" srcset=\"https:\/\/aconteceunovale.com.br\/portal\/wp-content\/uploads\/2021\/02\/preso_sao_joao_paraiso.png 658w, https:\/\/aconteceunovale.com.br\/portal\/wp-content\/uploads\/2021\/02\/preso_sao_joao_paraiso-300x205.png 300w, https:\/\/aconteceunovale.com.br\/portal\/wp-content\/uploads\/2021\/02\/preso_sao_joao_paraiso-218x150.png 218w, https:\/\/aconteceunovale.com.br\/portal\/wp-content\/uploads\/2021\/02\/preso_sao_joao_paraiso-614x420.png 614w\" sizes=\"auto, (max-width: 658px) 100vw, 658px\" \/><figcaption class=\"blocks-gallery-item__caption\"><em>Foto: Divulga\u00e7\u00e3o\/PCMG<\/em><\/figcaption><\/figure><\/li><\/ul><\/figure>\n\n\n\n<h2 class=\"wp-block-heading\"><strong>Den\u00fancia<\/strong><\/h2>\n\n\n\n<p>Acompanhada pelo pai e por representante do Conselho Tutelar, a menor procurou pela pol\u00edcia e relatou que, na ocasi\u00e3o do crime, ela morava na fazenda da av\u00f3 e teria ido at\u00e9 a casa do primo, de 34 anos, para pedir que ele trocasse um botij\u00e3o de g\u00e1s. Aproveitando-se da vulnerabilidade da adolescente, o suspeito teria for\u00e7ado a v\u00edtima a manter rela\u00e7\u00e3o sexual com ele, sem o consentimento dela.<\/p>\n\n\n\n<p>A Pol\u00edcia Civil instaurou inqu\u00e9rito e, ap\u00f3s investiga\u00e7\u00e3o, o delegado Everson Francisco de Moura representou pela pris\u00e3o tempor\u00e1ria do investigado. Moura refor\u00e7a a import\u00e2ncia de que esse tipo de crime seja sempre denunciado pela v\u00edtima ou por seus representantes legais, para que as provid\u00eancias necess\u00e1rias sejam adotadas e, consequentemente, as agress\u00f5es cessadas.<\/p>\n\n\n\n<p>&#8212;&#8212;&#8212;&#8212;&#8212;&#8212;<br><em>Quer receber as not\u00edcias do <strong>Aconteceu no Vale<\/strong> em primeira m\u00e3o? Siga-nos no Facebook <a rel=\"noreferrer noopener\" href=\"http:\/\/facebook.com\/aconteceunovale\" target=\"_blank\">@aconteceunovale<\/a>, Twitter <a rel=\"noreferrer noopener\" href=\"https:\/\/twitter.com\/noticiadosvales\" target=\"_blank\">@noticiadosvales<\/a> e Instagram <a rel=\"noreferrer noopener\" href=\"https:\/\/www.instagram.com\/aconteceunovale\" target=\"_blank\">@aconteceunovale<\/a>.<\/em><\/p>\n","protected":false},"excerpt":{"rendered":"<p>A Pol\u00edcia Civil de Minas Gerais (PCMG) prendeu em S\u00e3o Jo\u00e3o do Para\u00edso, nesta quinta-feira (25\/2\/2021), um homem suspeito de cometer estupro de vulner\u00e1vel. Conforme apontam as investiga\u00e7\u00f5es, o crime teria ocorrido em janeiro de 2019, mas s\u00f3 foi denunciado em outubro de 2020. A v\u00edtima, uma adolescente de 13 anos, \u00e9 prima do suspeito [&hellip;]<\/p>\n","protected":false},"author":4,"featured_media":174598,"comment_status":"open","ping_status":"closed","sticky":false,"template":"","format":"standard","meta":{"amp_status":"","footnotes":""},"categories":[1236],"tags":[238497,238499,238498,237211,238496,238492,604,238494,148711,238493,95594,1403,238495],"class_list":["post-174597","post","type-post","status-publish","format-standard","has-post-thumbnail","hentry","category-norte_de_minas","tag-adolescente-estuprada-em-sao-joao-do-paraiso","tag-delegado-everson-francisco-de-moura","tag-estuprada-pelo-primo-em-sao-joao-do-paraiso","tag-estuprador-preso-em-sao-joao-do-paraiso","tag-estupro-de-vulneravel-em-sao-joao-do-paraiso","tag-homem-e-preso-por-estupro-de-vulneravel-em-sao-joao-do-paraiso","tag-pcmg","tag-pcmg-sao-joao-do-paraiso","tag-preso-em-sao-joao-do-paraiso","tag-preso-por-estuprar-prima-em-sao-joao-do-paraiso","tag-preso-por-estupro-em-sao-joao-do-paraiso","tag-sao-joao-do-paraiso","tag-sao-joao-do-paraiso-pcmg"],"_links":{"self":[{"href":"https:\/\/aconteceunovale.com.br\/portal\/index.php?rest_route=\/wp\/v2\/posts\/174597","targetHints":{"allow":["GET"]}}],"collection":[{"href":"https:\/\/aconteceunovale.com.br\/portal\/index.php?rest_route=\/wp\/v2\/posts"}],"about":[{"href":"https:\/\/aconteceunovale.com.br\/portal\/index.php?rest_route=\/wp\/v2\/types\/post"}],"author":[{"embeddable":true,"href":"https:\/\/aconteceunovale.com.br\/portal\/index.php?rest_route=\/wp\/v2\/users\/4"}],"replies":[{"embeddable":true,"href":"https:\/\/aconteceunovale.com.br\/portal\/index.php?rest_route=%2Fwp%2Fv2%2Fcomments&post=174597"}],"version-history":[{"count":1,"href":"https:\/\/aconteceunovale.com.br\/portal\/index.php?rest_route=\/wp\/v2\/posts\/174597\/revisions"}],"predecessor-version":[{"id":174599,"href":"https:\/\/aconteceunovale.com.br\/portal\/index.php?rest_route=\/wp\/v2\/posts\/174597\/revisions\/174599"}],"wp:featuredmedia":[{"embeddable":true,"href":"https:\/\/aconteceunovale.com.br\/portal\/index.php?rest_route=\/wp\/v2\/media\/174598"}],"wp:attachment":[{"href":"https:\/\/aconteceunovale.com.br\/portal\/index.php?rest_route=%2Fwp%2Fv2%2Fmedia&parent=174597"}],"wp:term":[{"taxonomy":"category","embeddable":true,"href":"https:\/\/aconteceunovale.com.br\/portal\/index.php?rest_route=%2Fwp%2Fv2%2Fcategories&post=174597"},{"taxonomy":"post_tag","embeddable":true,"href":"https:\/\/aconteceunovale.com.br\/portal\/index.php?rest_route=%2Fwp%2Fv2%2Ftags&post=174597"}],"curies":[{"name":"wp","href":"https:\/\/api.w.org\/{rel}","templated":true}]}}