{"id":174538,"date":"2021-02-25T09:52:44","date_gmt":"2021-02-25T12:52:44","guid":{"rendered":"https:\/\/aconteceunovale.com.br\/portal\/?p=174538"},"modified":"2021-02-25T09:55:50","modified_gmt":"2021-02-25T12:55:50","slug":"der-lanca-edital-para-implantacao-de-526-novos-radares-nas-rodovias-de-minas-gerais","status":"publish","type":"post","link":"https:\/\/aconteceunovale.com.br\/portal\/?p=174538","title":{"rendered":"DER lan\u00e7a edital para implanta\u00e7\u00e3o de 526 novos radares nas rodovias de Minas Gerais"},"content":{"rendered":"\n<p>O\u00a0Departamento de Edifica\u00e7\u00f5es e Estradas de Rodagem de Minas Gerais (DER-MG)\u00a0lan\u00e7ou edital de licita\u00e7\u00e3o, na modalidade preg\u00e3o eletr\u00f4nico, para escolha da empresa que vai operar o sistema de monitoramento de 995 radares nas rodovias do Estado. O aviso tamb\u00e9m foi disponibilizado\u00a0no\u00a0<a rel=\"noreferrer noopener\" href=\"http:\/\/www.jornalminasgerais.mg.gov.br\/\" target=\"_blank\">Di\u00e1rio Oficial do Estado<\/a>\u00a0(edi\u00e7\u00e3o de 13\/2\/2021).<\/p>\n\n\n\n<p>Atualmente, o DER-MG tem 469 radares ativos, mas o contrato atual vence em 2021. Por esse motivo, o edital prev\u00ea a manuten\u00e7\u00e3o dos 469 aparelhos em funcionamento e a implanta\u00e7\u00e3o de outros 526.<\/p>\n\n\n\n<p>\u201cA medida, que vai aumentar em mais de 100% os equipamentos de fiscaliza\u00e7\u00e3o em opera\u00e7\u00e3o nas estradas mineiras, vai contribuir para a redu\u00e7\u00e3o de acidentes nas rodovias do estado e exigir que os motoristas redobrem a aten\u00e7\u00e3o para respeitar os limites de velocidade\u201d, diz nota divulgada pelo DER-MG.<\/p>\n\n\n\n<figure class=\"wp-block-gallery columns-1 is-cropped wp-block-gallery-1 is-layout-flex wp-block-gallery-is-layout-flex\"><ul class=\"blocks-gallery-grid\"><li class=\"blocks-gallery-item\"><figure><img loading=\"lazy\" decoding=\"async\" width=\"654\" height=\"450\" src=\"https:\/\/aconteceunovale.com.br\/portal\/wp-content\/uploads\/2021\/02\/radar_der.jpg\" alt=\"\" data-id=\"174539\" data-full-url=\"https:\/\/aconteceunovale.com.br\/portal\/wp-content\/uploads\/2021\/02\/radar_der.jpg\" data-link=\"https:\/\/aconteceunovale.com.br\/portal\/?attachment_id=174539\" class=\"wp-image-174539\" srcset=\"https:\/\/aconteceunovale.com.br\/portal\/wp-content\/uploads\/2021\/02\/radar_der.jpg 654w, https:\/\/aconteceunovale.com.br\/portal\/wp-content\/uploads\/2021\/02\/radar_der-300x206.jpg 300w, https:\/\/aconteceunovale.com.br\/portal\/wp-content\/uploads\/2021\/02\/radar_der-100x70.jpg 100w, https:\/\/aconteceunovale.com.br\/portal\/wp-content\/uploads\/2021\/02\/radar_der-218x150.jpg 218w, https:\/\/aconteceunovale.com.br\/portal\/wp-content\/uploads\/2021\/02\/radar_der-610x420.jpg 610w\" sizes=\"auto, (max-width: 654px) 100vw, 654px\" \/><figcaption class=\"blocks-gallery-item__caption\"><em>Foto: DER-MG \/ Divulga\u00e7\u00e3o<\/em><\/figcaption><\/figure><\/li><\/ul><\/figure>\n\n\n\n<h2 class=\"wp-block-heading\"><strong>Fiscaliza\u00e7\u00e3o<\/strong><\/h2>\n\n\n\n<p>De acordo com o gerente de Tr\u00e1fego, Seguran\u00e7a Vi\u00e1ria e Faixa de Dom\u00ednio do DER-MG, Cristiano Coelho, em 2020, cerca de 714 milh\u00f5es de ve\u00edculos foram fiscalizados pelos equipamentos de controle eletr\u00f4nico de velocidade.<\/p>\n\n\n\n<p>Desse total, 743.745 foram autuados por trafegarem com excesso de velocidade, o que representa 0,1% dos ve\u00edculos fiscalizados. \u201cEsta porcentagem indica que a grande maioria dos condutores entendem e respeitam o Programa de Controle de Velocidade do estado de Minas Gerais\u201d, avalia.<\/p>\n\n\n\n<h2 class=\"wp-block-heading\"><strong>Seguran\u00e7a<\/strong><\/h2>\n\n\n\n<p>Para o diretor de Opera\u00e7\u00e3o Vi\u00e1ria do DER-MG, Anderson Tavares Abras, a licita\u00e7\u00e3o tem o objetivo de proporcionar melhores condi\u00e7\u00f5es de seguran\u00e7a aos usu\u00e1rios das rodovias e \u00e9 alicer\u00e7ado em estudos e levantamentos de pontos cr\u00edticos nas rodovias.<\/p>\n\n\n\n<p>\u201cO programa de Controle de Velocidade foi elaborado a partir de levantamento de dados de acidentes ocorridos na nossa malha rodovi\u00e1ria. As informa\u00e7\u00f5es colhidas foram objeto de estudo de tr\u00e1fego, buscando a identifica\u00e7\u00e3o de pontos cr\u00edticos, onde observou-se que a severidade dos acidentes estava diretamente relacionada aos excessos de velocidade dos ve\u00edculos envolvidos. Diante disso, h\u00e1 a necessidade de um controle eficaz e permanente\u201d, explica Abras.<\/p>\n\n\n\n<h2 class=\"wp-block-heading\"><strong>Lotes<\/strong><\/h2>\n\n\n\n<p>O edital est\u00e1 dividido em quatro lotes, aglutinados por coordenadorias regionais do DER-MG, e prev\u00ea a contrata\u00e7\u00e3o de empresa para presta\u00e7\u00e3o de servi\u00e7os de engenharia de natureza cont\u00ednua por 30 meses, podendo ser prorrogado por mais 30 se for vantajoso para o Departamento. O investimento est\u00e1 estimado em R$ 140 milh\u00f5es.<\/p>\n\n\n\n<p>Conforme o edital, o lote 1 engloba rodovias das regi\u00f5es Central, Centro-oeste e Sul. O lote 2, trechos localizados na regi\u00e3o Central, Alto Parana\u00edba, Jequitinhonha e Tri\u00e2ngulo. Segmentos de rodovias do Norte, Vale do Rio Doce, Jequitinhonha, Vale do Mucuri e Noroeste est\u00e3o contemplados no lote 3 e o Campo das Vertentes, Zona da Mata e Sul de Minas concentram rodovias no lote 4.<\/p>\n\n\n\n<p>As empresas interessadas t\u00eam at\u00e9 o dia 8\/3\/2021 para protocolar as propostas e as documenta\u00e7\u00f5es exigidas\u00a0<a rel=\"noreferrer noopener\" href=\"http:\/\/www.der.mg.gov.br\/transparencia\/licitacoes\/pregoes\/2454-pregao-002-2021\" target=\"_blank\">no edital 02\/2021<\/a>.<\/p>\n\n\n\n<p>&#8212;&#8212;&#8212;&#8212;&#8212;&#8212;<br><em>Quer receber as not\u00edcias do <strong>Aconteceu no Vale<\/strong> em primeira m\u00e3o? Siga-nos no Facebook <a rel=\"noreferrer noopener\" href=\"http:\/\/facebook.com\/aconteceunovale\" target=\"_blank\">@aconteceunovale<\/a>, Twitter <a rel=\"noreferrer noopener\" href=\"https:\/\/twitter.com\/noticiadosvales\" target=\"_blank\">@noticiadosvales<\/a> e Instagram <a rel=\"noreferrer noopener\" href=\"https:\/\/www.instagram.com\/aconteceunovale\" target=\"_blank\">@aconteceunovale<\/a>.<\/em><\/p>\n","protected":false},"excerpt":{"rendered":"<p>O\u00a0Departamento de Edifica\u00e7\u00f5es e Estradas de Rodagem de Minas Gerais (DER-MG)\u00a0lan\u00e7ou edital de licita\u00e7\u00e3o, na modalidade preg\u00e3o eletr\u00f4nico, para escolha da empresa que vai operar o sistema de monitoramento de 995 radares nas rodovias do Estado. O aviso tamb\u00e9m foi disponibilizado\u00a0no\u00a0Di\u00e1rio Oficial do Estado\u00a0(edi\u00e7\u00e3o de 13\/2\/2021). Atualmente, o DER-MG tem 469 radares ativos, mas o [&hellip;]<\/p>\n","protected":false},"author":4,"featured_media":174539,"comment_status":"open","ping_status":"closed","sticky":false,"template":"","format":"standard","meta":{"amp_status":"","footnotes":""},"categories":[155260,123],"tags":[233166,238376,238370,215389,238373,238375,238374,238371,143474,238372],"class_list":["post-174538","post","type-post","status-publish","format-standard","has-post-thumbnail","hentry","category-editais","category-gerais","tag-anderson-tavares-abras","tag-cristiano-coelho","tag-der-lanca-edital-para-implantacao-de-526-novos-radares-nas-rodovias-de-minas-gerais","tag-der-mg-2","tag-edital-para-instalacao-de-novos-radares-em-minas-gerais","tag-governo-vai-aumentar-em-100-o-numero-de-radares-em-rodovias-mineiras","tag-governo-vai-dobrar-o-numero-de-radares-em-minas-gerais","tag-implantacao-de-novos-radares-em-rodovias-de-minas-gerais","tag-novos-radares-em-rodovias-de-minas-gerais","tag-novos-radares-em-rodovias-mineiras"],"_links":{"self":[{"href":"https:\/\/aconteceunovale.com.br\/portal\/index.php?rest_route=\/wp\/v2\/posts\/174538","targetHints":{"allow":["GET"]}}],"collection":[{"href":"https:\/\/aconteceunovale.com.br\/portal\/index.php?rest_route=\/wp\/v2\/posts"}],"about":[{"href":"https:\/\/aconteceunovale.com.br\/portal\/index.php?rest_route=\/wp\/v2\/types\/post"}],"author":[{"embeddable":true,"href":"https:\/\/aconteceunovale.com.br\/portal\/index.php?rest_route=\/wp\/v2\/users\/4"}],"replies":[{"embeddable":true,"href":"https:\/\/aconteceunovale.com.br\/portal\/index.php?rest_route=%2Fwp%2Fv2%2Fcomments&post=174538"}],"version-history":[{"count":1,"href":"https:\/\/aconteceunovale.com.br\/portal\/index.php?rest_route=\/wp\/v2\/posts\/174538\/revisions"}],"predecessor-version":[{"id":174540,"href":"https:\/\/aconteceunovale.com.br\/portal\/index.php?rest_route=\/wp\/v2\/posts\/174538\/revisions\/174540"}],"wp:featuredmedia":[{"embeddable":true,"href":"https:\/\/aconteceunovale.com.br\/portal\/index.php?rest_route=\/wp\/v2\/media\/174539"}],"wp:attachment":[{"href":"https:\/\/aconteceunovale.com.br\/portal\/index.php?rest_route=%2Fwp%2Fv2%2Fmedia&parent=174538"}],"wp:term":[{"taxonomy":"category","embeddable":true,"href":"https:\/\/aconteceunovale.com.br\/portal\/index.php?rest_route=%2Fwp%2Fv2%2Fcategories&post=174538"},{"taxonomy":"post_tag","embeddable":true,"href":"https:\/\/aconteceunovale.com.br\/portal\/index.php?rest_route=%2Fwp%2Fv2%2Ftags&post=174538"}],"curies":[{"name":"wp","href":"https:\/\/api.w.org\/{rel}","templated":true}]}}