{"id":174366,"date":"2021-02-22T16:35:49","date_gmt":"2021-02-22T19:35:49","guid":{"rendered":"https:\/\/aconteceunovale.com.br\/portal\/?p=174366"},"modified":"2021-02-22T16:36:45","modified_gmt":"2021-02-22T19:36:45","slug":"trechos-da-mgc-120-sao-liberados-na-regiao-de-santa-maria-de-itabira","status":"publish","type":"post","link":"https:\/\/aconteceunovale.com.br\/portal\/?p=174366","title":{"rendered":"Trechos da MGC-120 s\u00e3o liberados na regi\u00e3o de Santa Maria de Itabira"},"content":{"rendered":"\n<p>O Departamento de Edifica\u00e7\u00f5es e Estradas de Rodagens de Minas Gerais (<a rel=\"noreferrer noopener\" href=\"http:\/\/www.der.mg.gov.br\/\" target=\"_blank\">DER-MG<\/a>)\u00a0liberou, na manh\u00e3 desta segunda-feira (22\/2\/2021),\u00a0o tr\u00e1fego para todo tipo de ve\u00edculos, em seis pontos da rodovia MGC-120, pr\u00f3ximos a Santa Maria de Itabira, na regi\u00e3o Central do Estado. Os trechos estavam interditados devido \u00e0 queda de barreiras em consequ\u00eancia das chuvas que atingiram a regi\u00e3o durante o final de semana.<\/p>\n\n\n\n<figure class=\"wp-block-gallery columns-1 is-cropped wp-block-gallery-1 is-layout-flex wp-block-gallery-is-layout-flex\"><ul class=\"blocks-gallery-grid\"><li class=\"blocks-gallery-item\"><figure><img loading=\"lazy\" decoding=\"async\" width=\"656\" height=\"450\" src=\"https:\/\/aconteceunovale.com.br\/portal\/wp-content\/uploads\/2021\/02\/liberacao_mgc_120_santa_maria.jpg\" alt=\"\" data-id=\"174367\" data-full-url=\"https:\/\/aconteceunovale.com.br\/portal\/wp-content\/uploads\/2021\/02\/liberacao_mgc_120_santa_maria.jpg\" data-link=\"https:\/\/aconteceunovale.com.br\/portal\/?attachment_id=174367\" class=\"wp-image-174367\" srcset=\"https:\/\/aconteceunovale.com.br\/portal\/wp-content\/uploads\/2021\/02\/liberacao_mgc_120_santa_maria.jpg 656w, https:\/\/aconteceunovale.com.br\/portal\/wp-content\/uploads\/2021\/02\/liberacao_mgc_120_santa_maria-300x206.jpg 300w, https:\/\/aconteceunovale.com.br\/portal\/wp-content\/uploads\/2021\/02\/liberacao_mgc_120_santa_maria-100x70.jpg 100w, https:\/\/aconteceunovale.com.br\/portal\/wp-content\/uploads\/2021\/02\/liberacao_mgc_120_santa_maria-218x150.jpg 218w, https:\/\/aconteceunovale.com.br\/portal\/wp-content\/uploads\/2021\/02\/liberacao_mgc_120_santa_maria-612x420.jpg 612w\" sizes=\"auto, (max-width: 656px) 100vw, 656px\" \/><figcaption class=\"blocks-gallery-item__caption\"><em>Foto: DER-MG \/ Divulga\u00e7\u00e3o<\/em><\/figcaption><\/figure><\/li><\/ul><\/figure>\n\n\n\n<p>O departamento do governo estadual ainda trabalha em cerca de vinte pontos pr\u00f3ximos a Santa Maria de Itabira para remover deslizamentos de terra que impedem parcialmente o tr\u00e2nsito de ve\u00edculos por uma das faixas de tr\u00e1fego. Ainda est\u00e3o sendo realizados trabalhos de limpeza dos dispositivos e drenagem e do pavimento para proporcionar melhores condi\u00e7\u00f5es de dirigibilidade em caso de nova onda de chuva.<\/p>\n\n\n\n<p>Desde a \u00faltima sexta-feira (19\/2), quando a situa\u00e7\u00e3o no munic\u00edpio come\u00e7ava a se agravar, o DER-MG enviou t\u00e9cnicos, oper\u00e1rios, m\u00e1quinas e caminh\u00f5es para realizar trabalhos de remo\u00e7\u00e3o de barreiras e apoiar a popula\u00e7\u00e3o da cidade de Santa Maria de Itabira.<\/p>\n\n\n\n<p><em>\u201cEm caso de problemas em rodovias, o DER-MG disponibiliza os canais de atendimento ao usu\u00e1rio por meio do aplicativo MG App \u2013 Cidad\u00e3o; pelo site\u00a0<a rel=\"noreferrer noopener\" href=\"http:\/\/www.der.mg.gov.br\/\" target=\"_blank\">www.der.mg.gov.br<\/a>, menu atendimento e pelo e-mail\u00a0<a rel=\"noreferrer noopener\" href=\"mailto:atendimento@der.mg.gov.br\" target=\"_blank\">atendimento@der.mg.gov.br<\/a>. Vale ressaltar que para facilitar a identifica\u00e7\u00e3o do fato, o cidad\u00e3o deve enviar o nome correto da rodovia, quil\u00f4metro aproximado, pontos de refer\u00eancias e fotos\u201d<\/em>, diz nota divulgada pelo Governo de Minas.<\/p>\n\n\n\n<figure class=\"wp-block-gallery columns-1 is-cropped wp-block-gallery-2 is-layout-flex wp-block-gallery-is-layout-flex\"><ul class=\"blocks-gallery-grid\"><li class=\"blocks-gallery-item\"><figure><img loading=\"lazy\" decoding=\"async\" width=\"678\" height=\"417\" src=\"https:\/\/aconteceunovale.com.br\/portal\/wp-content\/uploads\/2021\/02\/liberacao_mgc_120_santa_maria2.jpg\" alt=\"\" data-id=\"174368\" data-full-url=\"https:\/\/aconteceunovale.com.br\/portal\/wp-content\/uploads\/2021\/02\/liberacao_mgc_120_santa_maria2.jpg\" data-link=\"https:\/\/aconteceunovale.com.br\/portal\/?attachment_id=174368\" class=\"wp-image-174368\" srcset=\"https:\/\/aconteceunovale.com.br\/portal\/wp-content\/uploads\/2021\/02\/liberacao_mgc_120_santa_maria2.jpg 678w, https:\/\/aconteceunovale.com.br\/portal\/wp-content\/uploads\/2021\/02\/liberacao_mgc_120_santa_maria2-300x185.jpg 300w, https:\/\/aconteceunovale.com.br\/portal\/wp-content\/uploads\/2021\/02\/liberacao_mgc_120_santa_maria2-356x220.jpg 356w\" sizes=\"auto, (max-width: 678px) 100vw, 678px\" \/><figcaption class=\"blocks-gallery-item__caption\"><em>Foto: DER-MG \/ Divulga\u00e7\u00e3o<\/em><\/figcaption><\/figure><\/li><\/ul><\/figure>\n\n\n\n<p>&#8212;&#8212;&#8212;&#8212;&#8212;&#8212;<br><em>Quer receber as not\u00edcias do <strong>Aconteceu no Vale<\/strong> em primeira m\u00e3o? Siga-nos no Facebook <a rel=\"noreferrer noopener\" href=\"http:\/\/facebook.com\/aconteceunovale\" target=\"_blank\">@aconteceunovale<\/a>, Twitter <a rel=\"noreferrer noopener\" href=\"https:\/\/twitter.com\/noticiadosvales\" target=\"_blank\">@noticiadosvales<\/a> e Instagram <a rel=\"noreferrer noopener\" href=\"https:\/\/www.instagram.com\/aconteceunovale\" target=\"_blank\">@aconteceunovale<\/a>.<\/em><\/p>\n","protected":false},"excerpt":{"rendered":"<p>O Departamento de Edifica\u00e7\u00f5es e Estradas de Rodagens de Minas Gerais (DER-MG)\u00a0liberou, na manh\u00e3 desta segunda-feira (22\/2\/2021),\u00a0o tr\u00e1fego para todo tipo de ve\u00edculos, em seis pontos da rodovia MGC-120, pr\u00f3ximos a Santa Maria de Itabira, na regi\u00e3o Central do Estado. Os trechos estavam interditados devido \u00e0 queda de barreiras em consequ\u00eancia das chuvas que atingiram [&hellip;]<\/p>\n","protected":false},"author":4,"featured_media":174368,"comment_status":"open","ping_status":"closed","sticky":false,"template":"","format":"standard","meta":{"amp_status":"","footnotes":""},"categories":[123],"tags":[238101,237994,237999,238119,238117,237997,238065,29660,237996,237989,237988,31706,238100,215389,237993,238121,1018,237991,238097,238009,238102,238118,237998,202,238098,238120,238116,238064,237992,238063,237995,1738,237990,238114,238115,238099],"class_list":["post-174366","post","type-post","status-publish","format-standard","has-post-thumbnail","hentry","category-gerais","tag-alagamento-no-hospital-padre-estevam","tag-alagamentos-em-santa-maria-de-itabira","tag-bairro-pocao-santa-maria-de-itabira","tag-barreiras-na-mgc-120","tag-bloqueio-da-mgc-120","tag-bloqueio-de-rodovias-em-santa-maria-de-itabira","tag-bombeiros-encontram-corpos-de-pai-e-duas-filhas-soterrados-em-santa-maria-de-itabira","tag-cbmmg","tag-cheia-do-ribeirao-jirau","tag-chuva-em-santa-maria-de-itabira","tag-chuvas-provocam-deslizamentos-e-mortes-em-santa-maria-de-itabira","tag-corpo-de-bombeiros-de-minas-gerais","tag-delvais-da-consolacao-silva","tag-der-mg-2","tag-deslizamentos-em-santa-maria-de-itabira","tag-deslizamentos-na-mgc-120","tag-destaque","tag-enchente-em-santa-maria-de-itabira","tag-enchente-estraga-doses-de-vacina-contra-a-covid-19-em-santa-maria-de-itabira","tag-governador-romeu-zema-vistoria-acoes-de-assistencia-em-santa-maria-de-itabira","tag-hospital-padre-estevam","tag-interdicao-da-mgc-120","tag-interdicao-de-rodovias-em-santa-maria-de-itabira","tag-itabira","tag-janaina-machado-dos-santos","tag-lama-da-mgc-120","tag-liberacao-da-mgc-120","tag-marilene-vieira-goncalves","tag-mortes-pela-chuva-em-santa-maria-de-itabira","tag-nivaldo-vieira-goncalves-e-suas-filhas-magda-vieira-goncalves","tag-ribeirao-jirau","tag-santa-maria-de-itabira","tag-tragedia-em-santa-maria-de-itabira","tag-trechos-da-mgc-120-sao-liberados-em-santa-maria-de-itabira","tag-trechos-da-mgc-120-sao-liberados-na-regiao-de-santa-maria-de-itabira","tag-ubs-lincoln-martins-moreira"],"_links":{"self":[{"href":"https:\/\/aconteceunovale.com.br\/portal\/index.php?rest_route=\/wp\/v2\/posts\/174366","targetHints":{"allow":["GET"]}}],"collection":[{"href":"https:\/\/aconteceunovale.com.br\/portal\/index.php?rest_route=\/wp\/v2\/posts"}],"about":[{"href":"https:\/\/aconteceunovale.com.br\/portal\/index.php?rest_route=\/wp\/v2\/types\/post"}],"author":[{"embeddable":true,"href":"https:\/\/aconteceunovale.com.br\/portal\/index.php?rest_route=\/wp\/v2\/users\/4"}],"replies":[{"embeddable":true,"href":"https:\/\/aconteceunovale.com.br\/portal\/index.php?rest_route=%2Fwp%2Fv2%2Fcomments&post=174366"}],"version-history":[{"count":1,"href":"https:\/\/aconteceunovale.com.br\/portal\/index.php?rest_route=\/wp\/v2\/posts\/174366\/revisions"}],"predecessor-version":[{"id":174369,"href":"https:\/\/aconteceunovale.com.br\/portal\/index.php?rest_route=\/wp\/v2\/posts\/174366\/revisions\/174369"}],"wp:featuredmedia":[{"embeddable":true,"href":"https:\/\/aconteceunovale.com.br\/portal\/index.php?rest_route=\/wp\/v2\/media\/174368"}],"wp:attachment":[{"href":"https:\/\/aconteceunovale.com.br\/portal\/index.php?rest_route=%2Fwp%2Fv2%2Fmedia&parent=174366"}],"wp:term":[{"taxonomy":"category","embeddable":true,"href":"https:\/\/aconteceunovale.com.br\/portal\/index.php?rest_route=%2Fwp%2Fv2%2Fcategories&post=174366"},{"taxonomy":"post_tag","embeddable":true,"href":"https:\/\/aconteceunovale.com.br\/portal\/index.php?rest_route=%2Fwp%2Fv2%2Ftags&post=174366"}],"curies":[{"name":"wp","href":"https:\/\/api.w.org\/{rel}","templated":true}]}}