{"id":174355,"date":"2021-02-22T15:46:04","date_gmt":"2021-02-22T18:46:04","guid":{"rendered":"https:\/\/aconteceunovale.com.br\/portal\/?p=174355"},"modified":"2021-02-26T16:15:08","modified_gmt":"2021-02-26T19:15:08","slug":"mulher-e-assassinada-e-esquartejada-por-sobrinho-no-municipio-de-nanuque","status":"publish","type":"post","link":"https:\/\/aconteceunovale.com.br\/portal\/?p=174355","title":{"rendered":"Mulher \u00e9 assassinada e esquartejada por sobrinho no munic\u00edpio de Nanuque"},"content":{"rendered":"\n<p>Uma mulher de 64 anos foi morta e esquartejada no munic\u00edpio de Nanuque, no Vale do Mucuri. O crime b\u00e1rbaro foi registrado nesta segunda-feira (22\/2\/2021), no distrito de Vila Pereira, e as informa\u00e7\u00f5es iniciais indicam que o suspeito \u00e9 um sobrinho da v\u00edtima.<\/p>\n\n\n\n<p>De acordo com a Pol\u00edcia Militar (PM), o assassinato de Maria Iolanda Soares ocorreu durante a madrugada. O motivo do crime seria o fato da v\u00edtima ter chamado a aten\u00e7\u00e3o do filho do suspeito, de 20 anos, e por ser propriet\u00e1ria de um im\u00f3vel que ele exigia que ela repassasse para ele.<\/p>\n\n\n\n<p>Ainda segundo a pol\u00edcia, o suspeito aproveitou o momento em que a idosa se levantou para beber \u00e1gua e a golpeou com um machado na cozinha da casa. Em seguida, conforme a ocorr\u00eancia, a v\u00edtima foi esquartejada e as partes foram colocadas em sacos pl\u00e1sticos.<\/p>\n\n\n\n<p>O criminoso fugiu do local, mas foi preso ap\u00f3s uma den\u00fancia an\u00f4nima e encaminhado ao Sistema Prisional. O corpo da idosa foi encaminhado ao Instituto M\u00e9dico Legal (IML) de Te\u00f3filo Otoni.<\/p>\n\n\n\n<p>O crime ser\u00e1 investigado pela Pol\u00edcia Civil.<\/p>\n\n\n\n<figure class=\"wp-block-gallery columns-1 is-cropped wp-block-gallery-1 is-layout-flex wp-block-gallery-is-layout-flex\"><ul class=\"blocks-gallery-grid\"><li class=\"blocks-gallery-item\"><figure><img loading=\"lazy\" decoding=\"async\" width=\"678\" height=\"381\" src=\"https:\/\/aconteceunovale.com.br\/portal\/wp-content\/uploads\/2021\/02\/homicidio_vila_pereira_6.jpg\" alt=\"\" data-id=\"174356\" data-full-url=\"https:\/\/aconteceunovale.com.br\/portal\/wp-content\/uploads\/2021\/02\/homicidio_vila_pereira_6.jpg\" data-link=\"https:\/\/aconteceunovale.com.br\/portal\/?attachment_id=174356\" class=\"wp-image-174356\" srcset=\"https:\/\/aconteceunovale.com.br\/portal\/wp-content\/uploads\/2021\/02\/homicidio_vila_pereira_6.jpg 678w, https:\/\/aconteceunovale.com.br\/portal\/wp-content\/uploads\/2021\/02\/homicidio_vila_pereira_6-300x169.jpg 300w\" sizes=\"auto, (max-width: 678px) 100vw, 678px\" \/><figcaption class=\"blocks-gallery-item__caption\"><em>Foto: Pol\u00edcia Militar<\/em><\/figcaption><\/figure><\/li><li class=\"blocks-gallery-item\"><figure><img loading=\"lazy\" decoding=\"async\" width=\"678\" height=\"381\" src=\"https:\/\/aconteceunovale.com.br\/portal\/wp-content\/uploads\/2021\/02\/homicidio_vila_pereira_5.jpg\" alt=\"\" data-id=\"174357\" data-full-url=\"https:\/\/aconteceunovale.com.br\/portal\/wp-content\/uploads\/2021\/02\/homicidio_vila_pereira_5.jpg\" data-link=\"https:\/\/aconteceunovale.com.br\/portal\/?attachment_id=174357\" class=\"wp-image-174357\" srcset=\"https:\/\/aconteceunovale.com.br\/portal\/wp-content\/uploads\/2021\/02\/homicidio_vila_pereira_5.jpg 678w, https:\/\/aconteceunovale.com.br\/portal\/wp-content\/uploads\/2021\/02\/homicidio_vila_pereira_5-300x169.jpg 300w\" sizes=\"auto, (max-width: 678px) 100vw, 678px\" \/><figcaption class=\"blocks-gallery-item__caption\"><em>Foto: Pol\u00edcia Militar<\/em><\/figcaption><\/figure><\/li><li class=\"blocks-gallery-item\"><figure><img loading=\"lazy\" decoding=\"async\" width=\"678\" height=\"381\" src=\"https:\/\/aconteceunovale.com.br\/portal\/wp-content\/uploads\/2021\/02\/homicidio_vila_pereira_3.jpg\" alt=\"\" data-id=\"174359\" data-full-url=\"https:\/\/aconteceunovale.com.br\/portal\/wp-content\/uploads\/2021\/02\/homicidio_vila_pereira_3.jpg\" data-link=\"https:\/\/aconteceunovale.com.br\/portal\/?attachment_id=174359\" class=\"wp-image-174359\" srcset=\"https:\/\/aconteceunovale.com.br\/portal\/wp-content\/uploads\/2021\/02\/homicidio_vila_pereira_3.jpg 678w, https:\/\/aconteceunovale.com.br\/portal\/wp-content\/uploads\/2021\/02\/homicidio_vila_pereira_3-300x169.jpg 300w\" sizes=\"auto, (max-width: 678px) 100vw, 678px\" \/><figcaption class=\"blocks-gallery-item__caption\"><em>Foto: Pol\u00edcia Militar<\/em><\/figcaption><\/figure><\/li><li class=\"blocks-gallery-item\"><figure><img loading=\"lazy\" decoding=\"async\" width=\"678\" height=\"381\" src=\"https:\/\/aconteceunovale.com.br\/portal\/wp-content\/uploads\/2021\/02\/homicidio_vila_pereira_2.jpg\" alt=\"\" data-id=\"174360\" data-full-url=\"https:\/\/aconteceunovale.com.br\/portal\/wp-content\/uploads\/2021\/02\/homicidio_vila_pereira_2.jpg\" data-link=\"https:\/\/aconteceunovale.com.br\/portal\/?attachment_id=174360\" class=\"wp-image-174360\" srcset=\"https:\/\/aconteceunovale.com.br\/portal\/wp-content\/uploads\/2021\/02\/homicidio_vila_pereira_2.jpg 678w, https:\/\/aconteceunovale.com.br\/portal\/wp-content\/uploads\/2021\/02\/homicidio_vila_pereira_2-300x169.jpg 300w\" sizes=\"auto, (max-width: 678px) 100vw, 678px\" \/><figcaption class=\"blocks-gallery-item__caption\"><em>Foto: Pol\u00edcia Militar<\/em><\/figcaption><\/figure><\/li><li class=\"blocks-gallery-item\"><figure><img loading=\"lazy\" decoding=\"async\" width=\"678\" height=\"381\" src=\"https:\/\/aconteceunovale.com.br\/portal\/wp-content\/uploads\/2021\/02\/homicidio_vila_pereira_1.jpg\" alt=\"\" data-id=\"174361\" data-full-url=\"https:\/\/aconteceunovale.com.br\/portal\/wp-content\/uploads\/2021\/02\/homicidio_vila_pereira_1.jpg\" data-link=\"https:\/\/aconteceunovale.com.br\/portal\/?attachment_id=174361\" class=\"wp-image-174361\" srcset=\"https:\/\/aconteceunovale.com.br\/portal\/wp-content\/uploads\/2021\/02\/homicidio_vila_pereira_1.jpg 678w, https:\/\/aconteceunovale.com.br\/portal\/wp-content\/uploads\/2021\/02\/homicidio_vila_pereira_1-300x169.jpg 300w\" sizes=\"auto, (max-width: 678px) 100vw, 678px\" \/><figcaption class=\"blocks-gallery-item__caption\"><em>Foto: Pol\u00edcia Militar<\/em><\/figcaption><\/figure><\/li><li class=\"blocks-gallery-item\"><figure><img loading=\"lazy\" decoding=\"async\" width=\"678\" height=\"441\" src=\"https:\/\/aconteceunovale.com.br\/portal\/wp-content\/uploads\/2021\/02\/homicidio_vila_pereira_4.jpg\" alt=\"\" data-id=\"174358\" data-full-url=\"https:\/\/aconteceunovale.com.br\/portal\/wp-content\/uploads\/2021\/02\/homicidio_vila_pereira_4.jpg\" data-link=\"https:\/\/aconteceunovale.com.br\/portal\/?attachment_id=174358\" class=\"wp-image-174358\" srcset=\"https:\/\/aconteceunovale.com.br\/portal\/wp-content\/uploads\/2021\/02\/homicidio_vila_pereira_4.jpg 678w, https:\/\/aconteceunovale.com.br\/portal\/wp-content\/uploads\/2021\/02\/homicidio_vila_pereira_4-300x195.jpg 300w, https:\/\/aconteceunovale.com.br\/portal\/wp-content\/uploads\/2021\/02\/homicidio_vila_pereira_4-646x420.jpg 646w\" sizes=\"auto, (max-width: 678px) 100vw, 678px\" \/><figcaption class=\"blocks-gallery-item__caption\"><em>Foto: Pol\u00edcia Militar<\/em><\/figcaption><\/figure><\/li><\/ul><\/figure>\n\n\n\n<p>&#8212;&#8212;&#8212;&#8212;&#8212;&#8212;<br><em>Quer receber as not\u00edcias do <strong>Aconteceu no Vale<\/strong> em primeira m\u00e3o? Siga-nos no Facebook <a rel=\"noreferrer noopener\" href=\"http:\/\/facebook.com\/aconteceunovale\" target=\"_blank\">@aconteceunovale<\/a>, Twitter <a rel=\"noreferrer noopener\" href=\"https:\/\/twitter.com\/noticiadosvales\" target=\"_blank\">@noticiadosvales<\/a> e Instagram <a rel=\"noreferrer noopener\" href=\"https:\/\/www.instagram.com\/aconteceunovale\" target=\"_blank\">@aconteceunovale<\/a>.<\/em><\/p>\n","protected":false},"excerpt":{"rendered":"<p>Uma mulher de 64 anos foi morta e esquartejada no munic\u00edpio de Nanuque, no Vale do Mucuri. O crime b\u00e1rbaro foi registrado nesta segunda-feira (22\/2\/2021), no distrito de Vila Pereira, e as informa\u00e7\u00f5es iniciais indicam que o suspeito \u00e9 um sobrinho da v\u00edtima. De acordo com a Pol\u00edcia Militar (PM), o assassinato de Maria Iolanda [&hellip;]<\/p>\n","protected":false},"author":4,"featured_media":174360,"comment_status":"open","ping_status":"closed","sticky":false,"template":"","format":"standard","meta":{"amp_status":"","footnotes":""},"categories":[122],"tags":[215169,238105,1018,62012,238106,238108,238103,238104,238107,164],"class_list":["post-174355","post","type-post","status-publish","format-standard","has-post-thumbnail","hentry","category-mucuri","tag-crime-barbaro-em-nanuque","tag-crime-barbaro-em-vila-pereira","tag-destaque","tag-homicidio-em-nanuque","tag-homicidio-em-vila-pereira","tag-maria-iolanda-soares","tag-mulher-e-assassinada-e-esquartejada-por-sobrinho-no-municipio-de-nanuque","tag-sobrinho-mata-e-esquarteja-tia-em-nanuque","tag-sobrinho-mata-e-esquarteja-tia-em-vila-pereira","tag-teofilo-otoni"],"_links":{"self":[{"href":"https:\/\/aconteceunovale.com.br\/portal\/index.php?rest_route=\/wp\/v2\/posts\/174355","targetHints":{"allow":["GET"]}}],"collection":[{"href":"https:\/\/aconteceunovale.com.br\/portal\/index.php?rest_route=\/wp\/v2\/posts"}],"about":[{"href":"https:\/\/aconteceunovale.com.br\/portal\/index.php?rest_route=\/wp\/v2\/types\/post"}],"author":[{"embeddable":true,"href":"https:\/\/aconteceunovale.com.br\/portal\/index.php?rest_route=\/wp\/v2\/users\/4"}],"replies":[{"embeddable":true,"href":"https:\/\/aconteceunovale.com.br\/portal\/index.php?rest_route=%2Fwp%2Fv2%2Fcomments&post=174355"}],"version-history":[{"count":4,"href":"https:\/\/aconteceunovale.com.br\/portal\/index.php?rest_route=\/wp\/v2\/posts\/174355\/revisions"}],"predecessor-version":[{"id":174638,"href":"https:\/\/aconteceunovale.com.br\/portal\/index.php?rest_route=\/wp\/v2\/posts\/174355\/revisions\/174638"}],"wp:featuredmedia":[{"embeddable":true,"href":"https:\/\/aconteceunovale.com.br\/portal\/index.php?rest_route=\/wp\/v2\/media\/174360"}],"wp:attachment":[{"href":"https:\/\/aconteceunovale.com.br\/portal\/index.php?rest_route=%2Fwp%2Fv2%2Fmedia&parent=174355"}],"wp:term":[{"taxonomy":"category","embeddable":true,"href":"https:\/\/aconteceunovale.com.br\/portal\/index.php?rest_route=%2Fwp%2Fv2%2Fcategories&post=174355"},{"taxonomy":"post_tag","embeddable":true,"href":"https:\/\/aconteceunovale.com.br\/portal\/index.php?rest_route=%2Fwp%2Fv2%2Ftags&post=174355"}],"curies":[{"name":"wp","href":"https:\/\/api.w.org\/{rel}","templated":true}]}}