{"id":174352,"date":"2021-02-22T15:15:36","date_gmt":"2021-02-22T18:15:36","guid":{"rendered":"https:\/\/aconteceunovale.com.br\/portal\/?p=174352"},"modified":"2021-02-22T22:50:17","modified_gmt":"2021-02-23T01:50:17","slug":"enchente-estraga-doses-de-vacina-contra-a-covid-19-em-santa-maria-de-itabira","status":"publish","type":"post","link":"https:\/\/aconteceunovale.com.br\/portal\/?p=174352","title":{"rendered":"Enchente estraga doses de vacina contra a Covid-19 em Santa Maria de Itabira"},"content":{"rendered":"\n<p>As&nbsp;<a href=\"https:\/\/aconteceunovale.com.br\/portal\/?p=174332\" data-type=\"post\" data-id=\"174332\" target=\"_blank\" rel=\"noreferrer noopener\">chuvas que mataram&nbsp;ao menos cinco moradores&nbsp;de Santa Maria de Itabira<\/a>, na regi\u00e3o central de Minas Gerais, no \u00faltimo fim de semana, tamb\u00e9m estragaram doses das vacinas contra covid-19 que a Secretaria Municipal de Sa\u00fade recebeu para imunizar grupos priorit\u00e1rios (idosos com mais de 90 anos, profissionais de sa\u00fade e idosos que vivem em institui\u00e7\u00f5es de longa perman\u00eancia).<\/p>\n\n\n\n<p>Segundo a secret\u00e1ria de sa\u00fade do munic\u00edpio, Jana\u00edna Machado dos Santos, a \u00e1gua e o barro que invadiram a Unidade B\u00e1sica de Sa\u00fade (UBS) Lincoln Martins Moreira penetraram no refrigerador onde os frascos de vacina estavam armazenados.<\/p>\n\n\n\n<p>\u201cPerdemos todas as vacinas que ainda t\u00ednhamos guardadas\u201d, disse a secret\u00e1ria \u00e0\u00a0Ag\u00eancia Brasil. O munic\u00edpio, que possui pouco mais de 10 mil habitantes, tinha estoque de 30 doses.<\/p>\n\n\n\n<p>De acordo com Jana\u00edna, os frascos inutilizados fazem parte do lote com que a prefeitura previa come\u00e7ar a vacinar os primeiros idosos da zona rural do munic\u00edpio, localizado a cerca de 150 quil\u00f4metros de Belo Horizonte.<\/p>\n\n\n\n<p>\u201cA previs\u00e3o era come\u00e7armos a vacin\u00e1-los na semana passada, entre&nbsp;quinta&nbsp;e&nbsp;sexta-feira, mas a chuva atrapalhou o cronograma. Est\u00e1vamos aguardando as chuvas diminu\u00edrem para darmos continuidade \u00e0 vacina\u00e7\u00e3o\u201d, acrescentou a secret\u00e1ria, sem saber informar se a geladeira continua funcionando.<\/p>\n\n\n\n<p>O preju\u00edzo provocado pelas chuvas \u00e0 secretaria de sa\u00fade n\u00e3o se limita \u00e0s vacinas. \u201cO pr\u00e9dio da secretaria tamb\u00e9m foi afetado. Perdemos pedidos de exames, prontu\u00e1rios, documentos do conselho de sa\u00fade.&nbsp;E ainda estamos checando se houve danos materiais e aos equipamentos. At\u00e9 porque ainda n\u00e3o tivemos acesso aos postos de atendimento da zona rural.\u201d<\/p>\n\n\n\n<h2 class=\"wp-block-heading\">Hospital<\/h2>\n\n\n\n<p>\u201cNada \u00e9 t\u00e3o ruim que n\u00e3o possa piorar. N\u00e3o bastasse a pandemia, agora vem a chuva\u201d, comentou Delvais da Consola\u00e7\u00e3o Silva, auxiliar administrativa do hospital filantr\u00f3pico Padre Estevam.<\/p>\n\n\n\n<p>Atingido pelas \u00e1guas,&nbsp;o hospital foi for\u00e7ado a interromper os atendimentos desde&nbsp;ontem. Em um v\u00eddeo divulgado nas redes sociais da institui\u00e7\u00e3o, \u00e9 poss\u00edvel ver os corredores do local alagados.<\/p>\n\n\n\n<figure class=\"wp-block-embed is-type-rich is-provider-incorporar-manipulador wp-block-embed-incorporar-manipulador wp-embed-aspect-16-9 wp-has-aspect-ratio\"><div class=\"wp-block-embed__wrapper\">\n<iframe loading=\"lazy\" title=\"Alagamento no Hospital Padre Estevam, em Santa Maria de Itabira\" width=\"696\" height=\"392\" src=\"https:\/\/www.youtube.com\/embed\/nLiBW_dH23E?feature=oembed\" frameborder=\"0\" allow=\"accelerometer; autoplay; clipboard-write; encrypted-media; gyroscope; picture-in-picture\" allowfullscreen><\/iframe>\n<\/div><\/figure>\n\n\n\n<p>\u201cN\u00e3o houve parte do pr\u00e9dio que n\u00e3o tenha sido afetada. Perdemos medicamentos, material hospitalar\u201d, acrescentou Delvais, explicando que volunt\u00e1rios e funcion\u00e1rios de empresas que ofereceram apoio est\u00e3o ajudando na retirada da lama e na limpeza do local. \u201cS\u00f3 depois que terminarmos saberemos o real tamanho do preju\u00edzo.\u201d<\/p>\n\n\n\n<p>Para auxiliar no atendimento \u00e0s v\u00edtimas de deslizamentos e outras consequ\u00eancias da chuva, a dire\u00e7\u00e3o do Padre Estevam improvisou um posto de atendimento&nbsp;na Igreja Matriz Nossa Senhora do Ros\u00e1rio, onde m\u00e9dicos, enfermeiros e t\u00e9cnicos de enfermagem est\u00e3o atendendo casos de emerg\u00eancia.&nbsp;A igreja tamb\u00e9m \u00e9 um ponto de coleta de donativos (alimentos n\u00e3o perec\u00edveis; medicamentos; roupa e \u00e1gua) que ser\u00e3o entregues ao Corpo de Bombeiros para serem distribu\u00eddos \u00e0s fam\u00edlias que precisarem.<\/p>\n\n\n\n<p>&#8212;&#8212;&#8212;&#8212;&#8212;&#8212;<br><em>Quer receber as not\u00edcias do <strong>Aconteceu no Vale<\/strong> em primeira m\u00e3o? Siga-nos no Facebook <a rel=\"noreferrer noopener\" href=\"http:\/\/facebook.com\/aconteceunovale\" target=\"_blank\">@aconteceunovale<\/a>, Twitter <a rel=\"noreferrer noopener\" href=\"https:\/\/twitter.com\/noticiadosvales\" target=\"_blank\">@noticiadosvales<\/a> e Instagram <a rel=\"noreferrer noopener\" href=\"https:\/\/www.instagram.com\/aconteceunovale\" target=\"_blank\">@aconteceunovale<\/a>.<\/em><\/p>\n","protected":false},"excerpt":{"rendered":"<p>As&nbsp;chuvas que mataram&nbsp;ao menos cinco moradores&nbsp;de Santa Maria de Itabira, na regi\u00e3o central de Minas Gerais, no \u00faltimo fim de semana, tamb\u00e9m estragaram doses das vacinas contra covid-19 que a Secretaria Municipal de Sa\u00fade recebeu para imunizar grupos priorit\u00e1rios (idosos com mais de 90 anos, profissionais de sa\u00fade e idosos que vivem em institui\u00e7\u00f5es de [&hellip;]<\/p>\n","protected":false},"author":4,"featured_media":174273,"comment_status":"open","ping_status":"closed","sticky":false,"template":"","format":"standard","meta":{"amp_status":"","footnotes":""},"categories":[123,40242],"tags":[238101,237994,237999,237997,238065,29660,237996,237989,237988,31706,238100,237993,1018,237991,238097,238009,238102,237998,202,238098,238064,237992,238063,237995,1738,237990,238099],"class_list":["post-174352","post","type-post","status-publish","format-standard","has-post-thumbnail","hentry","category-gerais","category-saude-2","tag-alagamento-no-hospital-padre-estevam","tag-alagamentos-em-santa-maria-de-itabira","tag-bairro-pocao-santa-maria-de-itabira","tag-bloqueio-de-rodovias-em-santa-maria-de-itabira","tag-bombeiros-encontram-corpos-de-pai-e-duas-filhas-soterrados-em-santa-maria-de-itabira","tag-cbmmg","tag-cheia-do-ribeirao-jirau","tag-chuva-em-santa-maria-de-itabira","tag-chuvas-provocam-deslizamentos-e-mortes-em-santa-maria-de-itabira","tag-corpo-de-bombeiros-de-minas-gerais","tag-delvais-da-consolacao-silva","tag-deslizamentos-em-santa-maria-de-itabira","tag-destaque","tag-enchente-em-santa-maria-de-itabira","tag-enchente-estraga-doses-de-vacina-contra-a-covid-19-em-santa-maria-de-itabira","tag-governador-romeu-zema-vistoria-acoes-de-assistencia-em-santa-maria-de-itabira","tag-hospital-padre-estevam","tag-interdicao-de-rodovias-em-santa-maria-de-itabira","tag-itabira","tag-janaina-machado-dos-santos","tag-marilene-vieira-goncalves","tag-mortes-pela-chuva-em-santa-maria-de-itabira","tag-nivaldo-vieira-goncalves-e-suas-filhas-magda-vieira-goncalves","tag-ribeirao-jirau","tag-santa-maria-de-itabira","tag-tragedia-em-santa-maria-de-itabira","tag-ubs-lincoln-martins-moreira"],"_links":{"self":[{"href":"https:\/\/aconteceunovale.com.br\/portal\/index.php?rest_route=\/wp\/v2\/posts\/174352","targetHints":{"allow":["GET"]}}],"collection":[{"href":"https:\/\/aconteceunovale.com.br\/portal\/index.php?rest_route=\/wp\/v2\/posts"}],"about":[{"href":"https:\/\/aconteceunovale.com.br\/portal\/index.php?rest_route=\/wp\/v2\/types\/post"}],"author":[{"embeddable":true,"href":"https:\/\/aconteceunovale.com.br\/portal\/index.php?rest_route=\/wp\/v2\/users\/4"}],"replies":[{"embeddable":true,"href":"https:\/\/aconteceunovale.com.br\/portal\/index.php?rest_route=%2Fwp%2Fv2%2Fcomments&post=174352"}],"version-history":[{"count":2,"href":"https:\/\/aconteceunovale.com.br\/portal\/index.php?rest_route=\/wp\/v2\/posts\/174352\/revisions"}],"predecessor-version":[{"id":174382,"href":"https:\/\/aconteceunovale.com.br\/portal\/index.php?rest_route=\/wp\/v2\/posts\/174352\/revisions\/174382"}],"wp:featuredmedia":[{"embeddable":true,"href":"https:\/\/aconteceunovale.com.br\/portal\/index.php?rest_route=\/wp\/v2\/media\/174273"}],"wp:attachment":[{"href":"https:\/\/aconteceunovale.com.br\/portal\/index.php?rest_route=%2Fwp%2Fv2%2Fmedia&parent=174352"}],"wp:term":[{"taxonomy":"category","embeddable":true,"href":"https:\/\/aconteceunovale.com.br\/portal\/index.php?rest_route=%2Fwp%2Fv2%2Fcategories&post=174352"},{"taxonomy":"post_tag","embeddable":true,"href":"https:\/\/aconteceunovale.com.br\/portal\/index.php?rest_route=%2Fwp%2Fv2%2Ftags&post=174352"}],"curies":[{"name":"wp","href":"https:\/\/api.w.org\/{rel}","templated":true}]}}