{"id":174349,"date":"2021-02-22T14:44:56","date_gmt":"2021-02-22T17:44:56","guid":{"rendered":"https:\/\/aconteceunovale.com.br\/portal\/?p=174349"},"modified":"2021-02-22T14:53:21","modified_gmt":"2021-02-22T17:53:21","slug":"vacinometro-apresenta-novos-dados-da-imunizacao-contra-covid-19-em-minas-gerais","status":"publish","type":"post","link":"https:\/\/aconteceunovale.com.br\/portal\/?p=174349","title":{"rendered":"Vacin\u00f4metro apresenta novos dados da imuniza\u00e7\u00e3o contra Covid-19 em Minas Gerais"},"content":{"rendered":"\n<p>O <a href=\"https:\/\/coronavirus.saude.mg.gov.br\/vacinometro\" target=\"_blank\" rel=\"noreferrer noopener\"><strong>Vacin\u00f4metro de Minas Gerais<\/strong><\/a>, que acompanha o avan\u00e7o da imuniza\u00e7\u00e3o contra a covid-19 no estado,\u00a0passa, a partir desta segunda-feira (22\/2\/2021), a apresentar o quantitativo de doses aplicadas em idosos acima de 90 anos. Nos pr\u00f3ximos dias tamb\u00e9m ser\u00e3o inclu\u00eddos os dados do grupo com idade entre 80 e 89 anos. Al\u00e9m dessa novidade, a ferramenta apresentar\u00e1 o percentual de aplica\u00e7\u00e3o de doses a partir de estimativa populacional dos grupos priorit\u00e1rios com base em informa\u00e7\u00f5es dos munic\u00edpios mineiros e do Minist\u00e9rio da Sa\u00fade (MS).<\/p>\n\n\n\n<p>Criado por grupo de profissionais da Sala de Situa\u00e7\u00e3o da\u00a0Secretaria de Estado de Sa\u00fade (SES-MG)\u00a0e lan\u00e7ado no fim de janeiro, o Vacin\u00f4metro \u00e9 uma ferramenta para divulgar informa\u00e7\u00f5es sobre o quantitativo de doses existentes no estado e a aplica\u00e7\u00e3o delas. \u201cTemos compromisso com a transpar\u00eancia e esses n\u00fameros permitem que todos acompanhem o andamento da maior campanha de vacina\u00e7\u00e3o na hist\u00f3ria de Minas\u201d, afirma o secret\u00e1rio de Sa\u00fade, Carlos Eduardo Amaral.<\/p>\n\n\n\n<p>Desde quando foi lan\u00e7ado, em 27\/1\/2021, o Vacin\u00f4metro apresentou o n\u00famero de doses recebidas e o quantitativo aplicado por grupo priorit\u00e1rio da primeira fase da vacina\u00e7\u00e3o (idosos e deficientes institucionalizados, ind\u00edgenas aldeados, trabalhadores da sa\u00fade) em Minas.<\/p>\n\n\n\n<p>De acordo com o tenente do\u00a0Corpo de Bombeiros Militar de Minas Gerais (CBMMG), Henrique Mello, da equipe de intelig\u00eancia da Sala de Situa\u00e7\u00e3o da SES-MG, a princ\u00edpio, o governo federal estimou o quantitativo para cada grupo baseado em fontes oficiais. \u201cPor\u00e9m, ao atualizarmos esses n\u00fameros com os munic\u00edpios, percebemos diferen\u00e7as. Por isso,\u00a0passaremos a fazer as proje\u00e7\u00f5es populacionais dos grupos priorit\u00e1rios da vacina de acordo com o informado pelo minist\u00e9rio e tamb\u00e9m pelas secretarias municipais de Sa\u00fade. Assim, teremos uma estimativa ainda mais aproximada da realidade\u201d, ressalta.<\/p>\n\n\n\n<h2 class=\"wp-block-heading\"><strong>Pedido de reposi\u00e7\u00e3o<\/strong><\/h2>\n\n\n\n<p>De acordo com a coordenadora de Imuniza\u00e7\u00e3o da SES-MG, Josianne Gusm\u00e3o, para que todas as pessoas dos grupos priorit\u00e1rios sejam vacinadas, \u201ctodas as vezes que houver diferen\u00e7a entre dados do Minist\u00e9rio da Sa\u00fade e os repassados pelos munic\u00edpios, com o envio de quantitativo de doses menor do que o esperado, a SES-MG far\u00e1 um comunicado ao Minist\u00e9rio da Sa\u00fade com pedido de reposi\u00e7\u00e3o das doses\u201d.<\/p>\n\n\n\n<p>Para que o Vacin\u00f4metro apresente dados compat\u00edveis entre o quantitativo de doses distribu\u00eddas e o n\u00famero de vacinados, \u00e9 preciso que os munic\u00edpios alimentem a ferramenta diariamente por meio do Painel Vacina\u00e7\u00e3o Sars-Cov-2-MG, que segue a mesma l\u00f3gica do Boletim Epidemiol\u00f3gico Covid-19. Os dados s\u00e3o compilados a partir das informa\u00e7\u00f5es enviadas para a SES-MG.<\/p>\n\n\n\n<p>&#8212;&#8212;&#8212;&#8212;&#8212;&#8212;<br><em>Quer receber as not\u00edcias do <strong>Aconteceu no Vale<\/strong> em primeira m\u00e3o? Siga-nos no Facebook <a rel=\"noreferrer noopener\" href=\"http:\/\/facebook.com\/aconteceunovale\" target=\"_blank\">@aconteceunovale<\/a>, Twitter <a rel=\"noreferrer noopener\" href=\"https:\/\/twitter.com\/noticiadosvales\" target=\"_blank\">@noticiadosvales<\/a> e Instagram <a rel=\"noreferrer noopener\" href=\"https:\/\/www.instagram.com\/aconteceunovale\" target=\"_blank\">@aconteceunovale<\/a>.<\/em><\/p>\n","protected":false},"excerpt":{"rendered":"<p>O Vacin\u00f4metro de Minas Gerais, que acompanha o avan\u00e7o da imuniza\u00e7\u00e3o contra a covid-19 no estado,\u00a0passa, a partir desta segunda-feira (22\/2\/2021), a apresentar o quantitativo de doses aplicadas em idosos acima de 90 anos. Nos pr\u00f3ximos dias tamb\u00e9m ser\u00e3o inclu\u00eddos os dados do grupo com idade entre 80 e 89 anos. Al\u00e9m dessa novidade, a [&hellip;]<\/p>\n","protected":false},"author":4,"featured_media":174350,"comment_status":"open","ping_status":"closed","sticky":false,"template":"","format":"standard","meta":{"amp_status":"","footnotes":""},"categories":[123,40242],"tags":[238096,238091,238087,238086,238093,238092,238095,238094,238089,238090,238088],"class_list":["post-174349","post","type-post","status-publish","format-standard","has-post-thumbnail","hentry","category-gerais","category-saude-2","tag-quantidade-de-vacinados-contra-a-covid-19-em-minas-gerais","tag-quantidade-de-vacinados-em-minas-gerais","tag-vacinometro","tag-vacinometro-apresenta-novos-dados-da-imunizacao-contra-covid-19-em-minas-gerais","tag-vacinometro-coronavirus-mg","tag-vacinometro-coronavirus-minas-gerais","tag-vacinometro-covid-19-mg","tag-vacinometro-covid-19-minas-gerais","tag-vacinometro-de-minas-gerais","tag-vacinometro-mg","tag-vacinometro-minas-gerais"],"_links":{"self":[{"href":"https:\/\/aconteceunovale.com.br\/portal\/index.php?rest_route=\/wp\/v2\/posts\/174349","targetHints":{"allow":["GET"]}}],"collection":[{"href":"https:\/\/aconteceunovale.com.br\/portal\/index.php?rest_route=\/wp\/v2\/posts"}],"about":[{"href":"https:\/\/aconteceunovale.com.br\/portal\/index.php?rest_route=\/wp\/v2\/types\/post"}],"author":[{"embeddable":true,"href":"https:\/\/aconteceunovale.com.br\/portal\/index.php?rest_route=\/wp\/v2\/users\/4"}],"replies":[{"embeddable":true,"href":"https:\/\/aconteceunovale.com.br\/portal\/index.php?rest_route=%2Fwp%2Fv2%2Fcomments&post=174349"}],"version-history":[{"count":1,"href":"https:\/\/aconteceunovale.com.br\/portal\/index.php?rest_route=\/wp\/v2\/posts\/174349\/revisions"}],"predecessor-version":[{"id":174351,"href":"https:\/\/aconteceunovale.com.br\/portal\/index.php?rest_route=\/wp\/v2\/posts\/174349\/revisions\/174351"}],"wp:featuredmedia":[{"embeddable":true,"href":"https:\/\/aconteceunovale.com.br\/portal\/index.php?rest_route=\/wp\/v2\/media\/174350"}],"wp:attachment":[{"href":"https:\/\/aconteceunovale.com.br\/portal\/index.php?rest_route=%2Fwp%2Fv2%2Fmedia&parent=174349"}],"wp:term":[{"taxonomy":"category","embeddable":true,"href":"https:\/\/aconteceunovale.com.br\/portal\/index.php?rest_route=%2Fwp%2Fv2%2Fcategories&post=174349"},{"taxonomy":"post_tag","embeddable":true,"href":"https:\/\/aconteceunovale.com.br\/portal\/index.php?rest_route=%2Fwp%2Fv2%2Ftags&post=174349"}],"curies":[{"name":"wp","href":"https:\/\/api.w.org\/{rel}","templated":true}]}}