{"id":17434,"date":"2014-01-02T23:04:09","date_gmt":"2014-01-03T01:04:09","guid":{"rendered":"http:\/\/aconteceunovale.com.br\/portal\/?p=17434"},"modified":"2014-01-02T23:04:09","modified_gmt":"2014-01-03T01:04:09","slug":"acidentes-deixam-um-morto-e-seis-feridos-na-br-262","status":"publish","type":"post","link":"https:\/\/aconteceunovale.com.br\/portal\/?p=17434","title":{"rendered":"Acidentes deixam um morto e seis feridos na BR-262"},"content":{"rendered":"<p>A volta das festas de fim de ano \u00e9 tr\u00e1gica na BR-262, entre Manhua\u00e7u e Reduto, na Regi\u00e3o da Zona da Mata mineira. Um idoso morreu e outras seis pessoas ficaram feridas em dois acidentes nesta quinta-feira. Na primeira ocorr\u00eancia, dois carros bateram de frente no km 29 da rodovia.<\/p>\n<p>De acordo com a Pol\u00edcia Rodovi\u00e1ria Federal (PRF), um Gol, placa GZS 7073 de Martins Soares, e um Palio, bateram de frente. O motorista do Gol, identificado como Edson dos Santos Huebra, de 73 anos, morreu na hora. A esposa dele, Nicolina Rime Gon\u00e7alves Huebra, de 63 anos, foi socorrida em estado grave e encaminhada para a Unidade de Pronto-Atendimento (UPA) de Manhua\u00e7u.<\/p>\n<p>Uma passageira do Palio, que estava no banco de tr\u00e1s do ve\u00edculo, tamb\u00e9m foi socorrida pelo Corpo de Bombeiros e encaminhada para a unidade de sa\u00fade. Conforme os militares, Janete da Silva de Menezes, de 55 anos, queixava-se de dores no peito. Ela n\u00e3o corre risco de morrer.<\/p>\n<p>A rodovia chegou a ficar fechada em uma das pistas para o atendimento a ocorr\u00eancia. O tr\u00e2nsito no local seguiu na opera\u00e7\u00e3o siga\/pare. As causas do acidente ainda n\u00e3o foram esclarecidas.<\/p>\n<p><img decoding=\"async\" src=\"http:\/\/aconteceunovale.com.br\/portal\/wp-content\/uploads\/2014\/01\/acidentes_manhuacu_1.jpg\" alt=\"\" \/><br \/>\n<em>Ve\u00edculo conduzido por um idoso parou \u00e0s margens da pista (Foto: Abel Carneiro)<\/em><\/p>\n<p>O segundo acidente registrado na rodovia, aconteceu na tarde desta quinta-feira. Um caminh\u00e3o e outros tr\u00eas carros se envolveram na batida no km 49. Quatro pessoas tiveram ferimentos leves e foram encaminhadas para um hospital da regi\u00e3o.<\/p>\n<p>De acordo com a PRF, o motorista de um Gol perdeu o controle da dire\u00e7\u00e3o e bateu de frente com um caminh\u00e3o. Com o impacto, o ve\u00edculo de carga invadiu a pista contr\u00e1ria e atingiu um Logan. Quatro pessoas ficaram feridas. Segundo o Corpo de Bombeiros, as v\u00edtimas, que n\u00e3o tiveram os nomes divulgados, sofreram escoria\u00e7\u00f5es e fraturas. Nenhuma corre risco de morrer.<\/p>\n<p><img decoding=\"async\" src=\"http:\/\/aconteceunovale.com.br\/portal\/wp-content\/uploads\/2014\/01\/acidentes_manhuacu_2.jpg\" alt=\"\" \/><br \/>\n<em>Um dos ve\u00edculos envolvidos na batida com o caminh\u00e3o ficou completamente destru\u00eddo (Foto: Abel Carneiro)<\/em><\/p>\n<p><em>Fonte: Estado de Minas<\/em><\/p>\n","protected":false},"excerpt":{"rendered":"<p>A volta das festas de fim de ano \u00e9 tr\u00e1gica na BR-262, entre Manhua\u00e7u e Reduto, na Regi\u00e3o da Zona da Mata mineira. Um idoso morreu e outras seis pessoas ficaram feridas em dois acidentes nesta quinta-feira. Na primeira ocorr\u00eancia, dois carros bateram de frente no km 29 da rodovia. De acordo com a Pol\u00edcia [&hellip;]<\/p>\n","protected":false},"author":1,"featured_media":0,"comment_status":"open","ping_status":"closed","sticky":false,"template":"","format":"standard","meta":{"amp_status":"","footnotes":""},"categories":[123],"tags":[2423,2424,2420,2422,209,2419,2418,2421,1718],"class_list":["post-17434","post","type-post","status-publish","format-standard","hentry","category-gerais","tag-acidente-envolve-quatro-veiculos-perto-de-realeza","tag-acidentes-deixam-um-morto-e-seis-feridos-na-br-262-em-manhuacu","tag-edson-dos-santos-huebra","tag-janete-da-silva-de-menezes","tag-manhuacu","tag-martins-soares","tag-morador-de-martins-soares-morre-em-acidente-na-262","tag-nicolina-rime-goncalves-huebra","tag-reduto"],"_links":{"self":[{"href":"https:\/\/aconteceunovale.com.br\/portal\/index.php?rest_route=\/wp\/v2\/posts\/17434","targetHints":{"allow":["GET"]}}],"collection":[{"href":"https:\/\/aconteceunovale.com.br\/portal\/index.php?rest_route=\/wp\/v2\/posts"}],"about":[{"href":"https:\/\/aconteceunovale.com.br\/portal\/index.php?rest_route=\/wp\/v2\/types\/post"}],"author":[{"embeddable":true,"href":"https:\/\/aconteceunovale.com.br\/portal\/index.php?rest_route=\/wp\/v2\/users\/1"}],"replies":[{"embeddable":true,"href":"https:\/\/aconteceunovale.com.br\/portal\/index.php?rest_route=%2Fwp%2Fv2%2Fcomments&post=17434"}],"version-history":[{"count":0,"href":"https:\/\/aconteceunovale.com.br\/portal\/index.php?rest_route=\/wp\/v2\/posts\/17434\/revisions"}],"wp:attachment":[{"href":"https:\/\/aconteceunovale.com.br\/portal\/index.php?rest_route=%2Fwp%2Fv2%2Fmedia&parent=17434"}],"wp:term":[{"taxonomy":"category","embeddable":true,"href":"https:\/\/aconteceunovale.com.br\/portal\/index.php?rest_route=%2Fwp%2Fv2%2Fcategories&post=17434"},{"taxonomy":"post_tag","embeddable":true,"href":"https:\/\/aconteceunovale.com.br\/portal\/index.php?rest_route=%2Fwp%2Fv2%2Ftags&post=17434"}],"curies":[{"name":"wp","href":"https:\/\/api.w.org\/{rel}","templated":true}]}}