{"id":174313,"date":"2021-02-22T09:29:25","date_gmt":"2021-02-22T12:29:25","guid":{"rendered":"https:\/\/aconteceunovale.com.br\/portal\/?p=174313"},"modified":"2021-02-22T09:30:14","modified_gmt":"2021-02-22T12:30:14","slug":"periodo-de-escolha-de-vagas-para-processos-on-line-da-secretaria-estadual-de-educacao-comeca-hoje","status":"publish","type":"post","link":"https:\/\/aconteceunovale.com.br\/portal\/?p=174313","title":{"rendered":"Per\u00edodo de escolha de vagas para processos on-line da Secretaria Estadual de Educa\u00e7\u00e3o come\u00e7a hoje"},"content":{"rendered":"\n<p>A\u00a0Secretaria de Estado de Educa\u00e7\u00e3o de Minas Gerais (SEE\/MG)\u00a0abre, nesta segunda-feira (22\/2\/2021), a partir das 15h, o prazo para a escolha de vagas referentes \u00e0s inscri\u00e7\u00f5es efetuadas para contrata\u00e7\u00e3o tempor\u00e1ria do Quadro Administrativo e de convoca\u00e7\u00e3o para o Quadro do Magist\u00e9rio. Devido \u00e0 pandemia da covid-19, neste ano\u00a0os processos ser\u00e3o realizados no formato on-line.<br><br>Os candidatos ter\u00e3o at\u00e9 a pr\u00f3xima quinta-feira (25\/2), \u00e0s 17h, para participar deste processo pelo endere\u00e7o eletr\u00f4nico\u00a0<a rel=\"noreferrer noopener\" href=\"http:\/\/www.see.processoseletivo2021.educacao.mg.gov.br\/\" target=\"_blank\">www.see.processoseletivo2021.educacao.mg.gov.br<\/a>, conforme termos definidos nas Resolu\u00e7\u00f5es SEE n\u00ba 4.474\/2021 e SEE n\u00ba 4.475\/2021.<br><br>Na sexta-feira (19\/2), a SEE\/MG divulgou uma\u00a0instru\u00e7\u00e3o complementar, que traz o cronograma e orienta\u00e7\u00f5es dos processos. O documento tamb\u00e9m\u00a0foi encaminhado\u00a0a todas as Superintend\u00eancias Regionais de Ensino e escolas estaduais (<a rel=\"noreferrer noopener\" href=\"http:\/\/agenciaminas.mg.gov.br\/ckeditor_assets\/attachments\/10494\/texto_publicacao_online_19_02_2021_as_2241_docx.pdf\" target=\"_blank\">Clique aqui<\/a>\u00a0para acessar a instru\u00e7\u00e3o complementar).<br><br>Os crit\u00e9rios e os procedimentos para os processos de contrata\u00e7\u00e3o tempor\u00e1ria e a convoca\u00e7\u00e3o est\u00e3o definidos na Resolu\u00e7\u00e3o SEE N\u00ba 4.498, e tamb\u00e9m constam\u00a0na edi\u00e7\u00e3o de 18\/2, p\u00e1gina 24, do\u00a0<a rel=\"noreferrer noopener\" href=\"http:\/\/www.jornalminasgerais.mg.gov.br\/\" target=\"_blank\">Di\u00e1rio Oficial de Minas Gerais<\/a>.<\/p>\n\n\n\n<h2 class=\"wp-block-heading\"><strong>Convoca\u00e7\u00e3o<\/strong><\/h2>\n\n\n\n<p>Participam da convoca\u00e7\u00e3o on-line os candidatos inscritos para as seguintes fun\u00e7\u00f5es: Professor de Educa\u00e7\u00e3o B\u00e1sica (PEB)\u00a0Regente de Aulas, Regente de Turma, Eventual e Professor para o Ensino do Uso da Biblioteca \/ Mediador de Leitura, Especialista em Educa\u00e7\u00e3o B\u00e1sica (EEB) e Inspetor Escolar (ANE-IE). Para a contra\u00e7\u00e3o tempor\u00e1ria participaram os candidatos inscritos para: Analista de Educa\u00e7\u00e3o B\u00e1sica (AEB), Assistente T\u00e9cnico de Educa\u00e7\u00e3o B\u00e1sica (ATB) e Auxiliar de servi\u00e7o de Educa\u00e7\u00e3o B\u00e1sica (ASB).<br><br>A contrata\u00e7\u00e3o tempor\u00e1ria e a convoca\u00e7\u00e3o on-line ser\u00e3o processadas em rodadas de distribui\u00e7\u00e3o de vagas. Na primeira etapa ser\u00e3o disponibilizadas para preenchimento as vagas de acordo com o Comporta da Escola (total de servidores de que a unidade necessita). O resultado da primeira etapa ser\u00e1 divulgado no dia 3\u00a0de mar\u00e7o (quarta-feira), a partir das 13h.<\/p>\n\n\n\n<h2 class=\"wp-block-heading\"><strong>Outras fases<\/strong><\/h2>\n\n\n\n<p>Nas demais etapas de atribui\u00e7\u00e3o ser\u00e3o consideradas as vagas disponibilizadas nas chamadas anteriores e n\u00e3o preenchidas, em decorr\u00eancia da n\u00e3o comprova\u00e7\u00e3o das informa\u00e7\u00f5es prestadas pelo candidato selecionado ou de seu n\u00e3o comparecimento em tempo h\u00e1bil. Ao servidor contratado ou convocado na rodada inicial do processo on-line e dispensado da fun\u00e7\u00e3o, por conta\u00a0de provimento da vaga (nomea\u00e7\u00e3o e movimenta\u00e7\u00e3o de pessoal), ser\u00e1 assegurada nova participa\u00e7\u00e3o na rodada subsequente.<\/p>\n\n\n\n<h2 class=\"wp-block-heading\"><strong>Escolha das vagas<\/strong><\/h2>\n\n\n\n<p>No site\u00a0<a rel=\"noreferrer noopener\" href=\"http:\/\/www.see.processoseletivo2021.educacao.mg.gov.br\/\" target=\"_blank\">www.see.processoseletivo2021.educacao.mg.gov.br<\/a>, o interessante dever\u00e1 inserir o CPF como \u201cLogin\u201d e a senha cadastrada no ato da inscri\u00e7\u00e3o.<\/p>\n\n\n\n<p>Ao iniciar o processo de escolha de vagas, o candidato dever\u00e1 indicar a ordem de prefer\u00eancia quanto aos munic\u00edpios e\/ou fun\u00e7\u00f5es para os quais se inscreveu. O candidato realizar\u00e1 as escolhas de vagas\u00a0assinalando e considerando o turno, ordenando-as de acordo com sua prefer\u00eancia. Ser\u00e1 poss\u00edvel selecionar de uma at\u00e9 a totalidade das unidades de ensino do munic\u00edpio.<br><br>O resultado dos processos on-line de contrata\u00e7\u00e3o tempor\u00e1ria e convoca\u00e7\u00e3o tamb\u00e9m ser\u00e1 disponibilizado no endere\u00e7o eletr\u00f4nico\u00a0<a href=\"http:\/\/www.see.processoseletivo2021.educacao.mg.gov.br\/\" target=\"_blank\" rel=\"noreferrer noopener\">www.see.processoseletivo2021.educacao.mg.gov.br<\/a>. O candidato selecionado receber\u00e1 no e-mail cadastrado no ato da sua inscri\u00e7\u00e3o a informa\u00e7\u00e3o da unidade de exerc\u00edcio em que dever\u00e1 se apresentar, munido da documenta\u00e7\u00e3o comprobat\u00f3ria.<\/p>\n\n\n\n<h2 class=\"wp-block-heading\"><strong>Entrega dos documentos<\/strong><\/h2>\n\n\n\n<p>A dire\u00e7\u00e3o da unidade de ensino ir\u00e1 elaborar cronograma onde constar\u00e1 o hor\u00e1rio de comparecimento do candidato selecionado na rodada inicial, para que a escolha de vaga seja realizada de acordo com a ordem de classifica\u00e7\u00e3o e com o disposto na Instru\u00e7\u00e3o Complementar.<br><br>Durante o processo de formaliza\u00e7\u00e3o de contrata\u00e7\u00e3o tempor\u00e1ria e de convoca\u00e7\u00e3o, a dire\u00e7\u00e3o da escola dever\u00e1 observar as orienta\u00e7\u00f5es de restri\u00e7\u00e3o \u00e0 aglomera\u00e7\u00e3o de pessoas, de manuten\u00e7\u00e3o de distanciamento m\u00ednimo, de ado\u00e7\u00e3o de mecanismos de profilaxia, assepsia, sanit\u00e1rios e de informa\u00e7\u00e3o em rela\u00e7\u00e3o \u00e0 covid-19.<\/p>\n\n\n\n<h2 class=\"wp-block-heading\"><strong>Cronograma<\/strong><\/h2>\n\n\n\n<p>Al\u00e9m das datas j\u00e1 informadas, o cronograma ainda prev\u00ea, para os dias 5, 8 e 9 de mar\u00e7o, a apresenta\u00e7\u00e3o do candidato na primeira rodada da contrata\u00e7\u00e3o tempor\u00e1ria e da convoca\u00e7\u00e3o on-line, na unidade de exerc\u00edcio, com documenta\u00e7\u00e3o completa para assinatura do QI e do Contrato Tempor\u00e1rio e\/ou Termo de Convoca\u00e7\u00e3o, quando for o caso.<br><br>O resultado da segunda rodada de atribui\u00e7\u00f5es de vagas da contrata\u00e7\u00e3o tempor\u00e1ria e da convoca\u00e7\u00e3o on-line ser\u00e1 divulgado no dia 13 de mar\u00e7o e a apresenta\u00e7\u00e3o do candidato na unidade de ensino dever\u00e1 acontecer no dia 15 do mesmo m\u00eas.<\/p>\n\n\n\n<h2 class=\"wp-block-heading\"><strong>Listagens de inscri\u00e7\u00e3o com a classifica\u00e7\u00e3o definitiva<\/strong><\/h2>\n\n\n\n<p>As listagens com a classifica\u00e7\u00e3o definitiva dos candidatos inscritos para participar do processo de convoca\u00e7\u00e3o poder\u00e3o ser consultadas no endere\u00e7o\u00a0<a rel=\"noreferrer noopener\" href=\"https:\/\/convocacao.educacao.mg.gov.br\/\" target=\"_blank\">convocacao.educacao.mg.gov.br\/<\/a>\u00a0 e, para os candidatos a contrata\u00e7\u00e3o tempor\u00e1ria, em\u00a0<a rel=\"noreferrer noopener\" href=\"https:\/\/contratacao.educacao.mg.gov.br\/\" target=\"_blank\">contratacao.educacao.mg.gov.br\/<\/a>.<\/p>\n\n\n\n<p>&#8212;&#8212;&#8212;&#8212;&#8212;&#8212;<br><em>Quer receber as not\u00edcias do <strong>Aconteceu no Vale<\/strong> em primeira m\u00e3o? Siga-nos no Facebook <a rel=\"noreferrer noopener\" href=\"http:\/\/facebook.com\/aconteceunovale\" target=\"_blank\">@aconteceunovale<\/a>, Twitter <a rel=\"noreferrer noopener\" href=\"https:\/\/twitter.com\/noticiadosvales\" target=\"_blank\">@noticiadosvales<\/a> e Instagram <a rel=\"noreferrer noopener\" href=\"https:\/\/www.instagram.com\/aconteceunovale\" target=\"_blank\">@aconteceunovale<\/a>.<\/em><\/p>\n","protected":false},"excerpt":{"rendered":"<p>A\u00a0Secretaria de Estado de Educa\u00e7\u00e3o de Minas Gerais (SEE\/MG)\u00a0abre, nesta segunda-feira (22\/2\/2021), a partir das 15h, o prazo para a escolha de vagas referentes \u00e0s inscri\u00e7\u00f5es efetuadas para contrata\u00e7\u00e3o tempor\u00e1ria do Quadro Administrativo e de convoca\u00e7\u00e3o para o Quadro do Magist\u00e9rio. Devido \u00e0 pandemia da covid-19, neste ano\u00a0os processos ser\u00e3o realizados no formato on-line. Os [&hellip;]<\/p>\n","protected":false},"author":4,"featured_media":114832,"comment_status":"open","ping_status":"closed","sticky":false,"template":"","format":"standard","meta":{"amp_status":"","footnotes":""},"categories":[40238,123],"tags":[235378,235380,235379,13425,236135,235381,133841],"class_list":["post-174313","post","type-post","status-publish","format-standard","has-post-thumbnail","hentry","category-educacao-2","category-gerais","tag-contratacao-educacao-mg","tag-contratacao-para-a-educacao-em-minas-gerais","tag-contratacao-temporaria-see-mg","tag-educacao","tag-governo-divulga-classificacao-definitiva-nos-processos-de-convocacao-e-de-contratacao-temporaria","tag-processo-seletivo-educacao-minas-gerais","tag-see-mg"],"_links":{"self":[{"href":"https:\/\/aconteceunovale.com.br\/portal\/index.php?rest_route=\/wp\/v2\/posts\/174313","targetHints":{"allow":["GET"]}}],"collection":[{"href":"https:\/\/aconteceunovale.com.br\/portal\/index.php?rest_route=\/wp\/v2\/posts"}],"about":[{"href":"https:\/\/aconteceunovale.com.br\/portal\/index.php?rest_route=\/wp\/v2\/types\/post"}],"author":[{"embeddable":true,"href":"https:\/\/aconteceunovale.com.br\/portal\/index.php?rest_route=\/wp\/v2\/users\/4"}],"replies":[{"embeddable":true,"href":"https:\/\/aconteceunovale.com.br\/portal\/index.php?rest_route=%2Fwp%2Fv2%2Fcomments&post=174313"}],"version-history":[{"count":1,"href":"https:\/\/aconteceunovale.com.br\/portal\/index.php?rest_route=\/wp\/v2\/posts\/174313\/revisions"}],"predecessor-version":[{"id":174314,"href":"https:\/\/aconteceunovale.com.br\/portal\/index.php?rest_route=\/wp\/v2\/posts\/174313\/revisions\/174314"}],"wp:featuredmedia":[{"embeddable":true,"href":"https:\/\/aconteceunovale.com.br\/portal\/index.php?rest_route=\/wp\/v2\/media\/114832"}],"wp:attachment":[{"href":"https:\/\/aconteceunovale.com.br\/portal\/index.php?rest_route=%2Fwp%2Fv2%2Fmedia&parent=174313"}],"wp:term":[{"taxonomy":"category","embeddable":true,"href":"https:\/\/aconteceunovale.com.br\/portal\/index.php?rest_route=%2Fwp%2Fv2%2Fcategories&post=174313"},{"taxonomy":"post_tag","embeddable":true,"href":"https:\/\/aconteceunovale.com.br\/portal\/index.php?rest_route=%2Fwp%2Fv2%2Ftags&post=174313"}],"curies":[{"name":"wp","href":"https:\/\/api.w.org\/{rel}","templated":true}]}}