{"id":174310,"date":"2021-02-21T20:37:13","date_gmt":"2021-02-21T23:37:13","guid":{"rendered":"https:\/\/aconteceunovale.com.br\/portal\/?p=174310"},"modified":"2021-02-21T20:39:21","modified_gmt":"2021-02-21T23:39:21","slug":"codevasf-prepara-diagnostico-para-revitalizar-a-bacia-do-rio-pandeiros","status":"publish","type":"post","link":"https:\/\/aconteceunovale.com.br\/portal\/?p=174310","title":{"rendered":"Codevasf prepara diagn\u00f3stico para revitalizar a bacia do rio Pandeiros"},"content":{"rendered":"\n<p>A Companhia de Desenvolvimento dos Vales do S\u00e3o Francisco e do Parna\u00edba (Codevasf) ir\u00e1 realizar diagn\u00f3stico para revitalizar a bacia hidrogr\u00e1fica do rio Pandeiros, no Norte de Minas Gerais, uma das mais importantes formadoras do S\u00e3o Francisco. A empresa j\u00e1 contratou os servi\u00e7os que incluem a elabora\u00e7\u00e3o do projeto de engenharia hidroambiental da \u00e1rea. O investimento do governo federal, por meio da Companhia, \u00e9 da ordem de R$ 314 mil. A a\u00e7\u00e3o faz parte do Programa de Revitaliza\u00e7\u00e3o da Bacia do S\u00e3o Francisco.<\/p>\n\n\n\n<p>Para o superintendente regional da Codevasf em Minas Gerais, Marco Ant\u00f4nio Gra\u00e7a C\u00e2mara, o projeto \u00e9 necess\u00e1rio para que a empresa tenha o conhecimento das condi\u00e7\u00f5es de degrada\u00e7\u00e3o da bacia e promova a\u00e7\u00f5es para reverter o problema. \u201cCom essas informa\u00e7\u00f5es, temos condi\u00e7\u00f5es de realizar as interven\u00e7\u00f5es necess\u00e1rias por meio das indica\u00e7\u00f5es e solu\u00e7\u00f5es t\u00e9cnicas, objetivando a revitaliza\u00e7\u00e3o hidroambiental da bacia do rio Pandeiros\u201d, explica C\u00e2mara.&nbsp;<\/p>\n\n\n\n<p>De acordo com Dom\u00eanico Morano J\u00fanior, chefe da Unidade de Meio Ambiente da Codevasf em Minas Gerais, a bacia hidrogr\u00e1fica do rio Pandeiros \u00e9 de extrema import\u00e2ncia para o S\u00e3o Francisco. \u201cAp\u00f3s a elabora\u00e7\u00e3o do diagn\u00f3stico e com o projeto finalizado, a Codevasf buscar\u00e1 os recursos para a implanta\u00e7\u00e3o das a\u00e7\u00f5es de revitaliza\u00e7\u00e3o na bacia. A previs\u00e3o \u00e9 de emiss\u00e3o da Ordem de Servi\u00e7o para o in\u00edcio dos trabalhos no in\u00edcio do m\u00eas&nbsp;de mar\u00e7o e o prazo de execu\u00e7\u00e3o \u00e9 de 180 dias\u201d, explica.<\/p>\n\n\n\n<p>O diagn\u00f3stico ir\u00e1 avaliar as condi\u00e7\u00f5es de degrada\u00e7\u00e3o ambiental da bacia com foco no controle de processos erosivos. A proposta \u00e9 identificar as \u00e1reas de maior vulnerabilidade ambiental, como as nascentes e \u00e1reas de APP (\u00c1rea de Preserva\u00e7\u00e3o Permanente), indicando os principais focos de eros\u00e3o e propondo a\u00e7\u00f5es para interromper ou minimizar o problema, visando a recupera\u00e7\u00e3o das \u00e1reas degradadas e amplia\u00e7\u00e3o da infiltra\u00e7\u00e3o da \u00e1gua no solo para promover a recarga dos aqu\u00edferos e, consequentemente, das nascentes.<\/p>\n\n\n\n<figure class=\"wp-block-gallery columns-1 is-cropped wp-block-gallery-1 is-layout-flex wp-block-gallery-is-layout-flex\"><ul class=\"blocks-gallery-grid\"><li class=\"blocks-gallery-item\"><figure><img loading=\"lazy\" decoding=\"async\" width=\"639\" height=\"423\" src=\"https:\/\/aconteceunovale.com.br\/portal\/wp-content\/uploads\/2021\/02\/rio_pandeiros.jpg\" alt=\"\" data-id=\"174311\" data-full-url=\"https:\/\/aconteceunovale.com.br\/portal\/wp-content\/uploads\/2021\/02\/rio_pandeiros.jpg\" data-link=\"https:\/\/aconteceunovale.com.br\/portal\/?attachment_id=174311\" class=\"wp-image-174311\" srcset=\"https:\/\/aconteceunovale.com.br\/portal\/wp-content\/uploads\/2021\/02\/rio_pandeiros.jpg 639w, https:\/\/aconteceunovale.com.br\/portal\/wp-content\/uploads\/2021\/02\/rio_pandeiros-300x199.jpg 300w, https:\/\/aconteceunovale.com.br\/portal\/wp-content\/uploads\/2021\/02\/rio_pandeiros-634x420.jpg 634w\" sizes=\"auto, (max-width: 639px) 100vw, 639px\" \/><figcaption class=\"blocks-gallery-item__caption\"><em>Foto: Codevasf \/ Divulga\u00e7\u00e3o<\/em><\/figcaption><\/figure><\/li><\/ul><\/figure>\n\n\n\n<h2 class=\"wp-block-heading\"><strong>Import\u00e2ncia hidroambiental<\/strong><\/h2>\n\n\n\n<p>A bacia hidrogr\u00e1fica do rio Pandeiros, localizada nos munic\u00edpios de Bonito de Minas, C\u00f4nego Marinho e Janu\u00e1ria, est\u00e1 situada na margem esquerda do Velho Chico. A sua extens\u00e3o \u00e9 de aproximadamente 398 mil hectares.<\/p>\n\n\n\n<p>A \u00e1rea \u00e9 considerada unidade de conserva\u00e7\u00e3o de uso sustent\u00e1vel desde 1995, quando foi criada a \u00c1rea de Prote\u00e7\u00e3o Ambiental da Bacia Hidrogr\u00e1fica do Pandeiros &#8211; APA Pandeiros. Em raz\u00e3o de sua enorme biodiversidade, ele \u00e9 conhecido como o \u201cPantanal Mineiro\u201d, constituindo-se como um ber\u00e7\u00e1rio natural, respons\u00e1vel pela reprodu\u00e7\u00e3o de aproximadamente 70% dos peixes do rio S\u00e3o Francisco.<\/p>\n\n\n\n<p>Ao longo dos anos, a bacia tem sofrido com a\u00e7\u00f5es de degrada\u00e7\u00e3o e assoreamento, principalmente devido \u00e0 monocultura irrigada, pecu\u00e1ria tradicional, desmatamento clandestino e o uso mal planejado do fogo, o que vem levando \u00e0 r\u00e1pida deteriora\u00e7\u00e3o do seu ambiente natural com a ocorr\u00eancia de processos de eros\u00e3o, forma\u00e7\u00e3o de vo\u00e7orocas e assoreamento.<\/p>\n\n\n\n<p>&#8212;&#8212;&#8212;&#8212;&#8212;&#8212;<br><em>Quer receber as not\u00edcias do <strong>Aconteceu no Vale<\/strong> em primeira m\u00e3o? Siga-nos no Facebook <a rel=\"noreferrer noopener\" href=\"http:\/\/facebook.com\/aconteceunovale\" target=\"_blank\">@aconteceunovale<\/a>, Twitter <a rel=\"noreferrer noopener\" href=\"https:\/\/twitter.com\/noticiadosvales\" target=\"_blank\">@noticiadosvales<\/a> e Instagram <a rel=\"noreferrer noopener\" href=\"https:\/\/www.instagram.com\/aconteceunovale\" target=\"_blank\">@aconteceunovale<\/a>.<\/em>\u00a0<\/p>\n","protected":false},"excerpt":{"rendered":"<p>A Companhia de Desenvolvimento dos Vales do S\u00e3o Francisco e do Parna\u00edba (Codevasf) ir\u00e1 realizar diagn\u00f3stico para revitalizar a bacia hidrogr\u00e1fica do rio Pandeiros, no Norte de Minas Gerais, uma das mais importantes formadoras do S\u00e3o Francisco. A empresa j\u00e1 contratou os servi\u00e7os que incluem a elabora\u00e7\u00e3o do projeto de engenharia hidroambiental da \u00e1rea. O [&hellip;]<\/p>\n","protected":false},"author":4,"featured_media":174311,"comment_status":"open","ping_status":"closed","sticky":false,"template":"","format":"standard","meta":{"amp_status":"","footnotes":""},"categories":[1236],"tags":[37035,32563,126112,238021,238020,1799,22496,184899,238014,22495,3055,238019,205,238018,238017,238016,238015,41347,40854,6330,16646],"class_list":["post-174310","post","type-post","status-publish","format-standard","has-post-thumbnail","hentry","category-norte_de_minas","tag-apa-pandeiros","tag-bacia-do-rio-pandeiros","tag-bacia-hidrografica-do-rio-pandeiros","tag-bercario-do-rio-sao-francisco","tag-bercario-do-velho-chico","tag-bonito-de-minas","tag-codevasf","tag-codevasf-em-minas-gerais","tag-codevasf-prepara-diagnostico-para-revitalizar-a-bacia-do-rio-pandeiros","tag-companhia-de-desenvolvimento-dos-vales-do-sao-francisco-e-do-parnaiba","tag-conego-marinho","tag-domenico-morano-junior","tag-januaria","tag-marco-antonio-graca-camara","tag-programa-de-revitalizacao-da-bacia-do-sao-francisco","tag-recuperacao-da-bacia-do-rio-pandeiros","tag-revitalizacao-da-bacia-do-rio-pandeiros","tag-revitalizacao-da-bacia-do-sao-francisco","tag-rio-pandeiros","tag-rio-sao-francisco","tag-velho-chico"],"_links":{"self":[{"href":"https:\/\/aconteceunovale.com.br\/portal\/index.php?rest_route=\/wp\/v2\/posts\/174310","targetHints":{"allow":["GET"]}}],"collection":[{"href":"https:\/\/aconteceunovale.com.br\/portal\/index.php?rest_route=\/wp\/v2\/posts"}],"about":[{"href":"https:\/\/aconteceunovale.com.br\/portal\/index.php?rest_route=\/wp\/v2\/types\/post"}],"author":[{"embeddable":true,"href":"https:\/\/aconteceunovale.com.br\/portal\/index.php?rest_route=\/wp\/v2\/users\/4"}],"replies":[{"embeddable":true,"href":"https:\/\/aconteceunovale.com.br\/portal\/index.php?rest_route=%2Fwp%2Fv2%2Fcomments&post=174310"}],"version-history":[{"count":1,"href":"https:\/\/aconteceunovale.com.br\/portal\/index.php?rest_route=\/wp\/v2\/posts\/174310\/revisions"}],"predecessor-version":[{"id":174312,"href":"https:\/\/aconteceunovale.com.br\/portal\/index.php?rest_route=\/wp\/v2\/posts\/174310\/revisions\/174312"}],"wp:featuredmedia":[{"embeddable":true,"href":"https:\/\/aconteceunovale.com.br\/portal\/index.php?rest_route=\/wp\/v2\/media\/174311"}],"wp:attachment":[{"href":"https:\/\/aconteceunovale.com.br\/portal\/index.php?rest_route=%2Fwp%2Fv2%2Fmedia&parent=174310"}],"wp:term":[{"taxonomy":"category","embeddable":true,"href":"https:\/\/aconteceunovale.com.br\/portal\/index.php?rest_route=%2Fwp%2Fv2%2Fcategories&post=174310"},{"taxonomy":"post_tag","embeddable":true,"href":"https:\/\/aconteceunovale.com.br\/portal\/index.php?rest_route=%2Fwp%2Fv2%2Ftags&post=174310"}],"curies":[{"name":"wp","href":"https:\/\/api.w.org\/{rel}","templated":true}]}}