{"id":174300,"date":"2021-02-21T19:33:42","date_gmt":"2021-02-21T22:33:42","guid":{"rendered":"https:\/\/aconteceunovale.com.br\/portal\/?p=174300"},"modified":"2021-02-21T19:34:43","modified_gmt":"2021-02-21T22:34:43","slug":"flamengo-vence-o-internacional-e-assume-a-lideranca-do-brasileirao","status":"publish","type":"post","link":"https:\/\/aconteceunovale.com.br\/portal\/?p=174300","title":{"rendered":"Flamengo vence o Internacional e assume a lideran\u00e7a do Brasileir\u00e3o"},"content":{"rendered":"\n<p>O Flamengo venceu o Internacional de virada por 2 a 1, na tarde deste\u00a0domingo\u00a0(21\/2\/2021), no Maracan\u00e3, em partida v\u00e1lida pela 37\u00aa rodada do Campeonato Brasileiro. Com o resultado, o time do t\u00e9cnico Rog\u00e9rio Ceni assume a ponta da tabela de classifica\u00e7\u00e3o pela primeira vez nessa edi\u00e7\u00e3o do torneio, com 71 pontos. O Inter caiu para vice-l\u00edder com 69.<\/p>\n\n\n\n<figure class=\"wp-block-gallery columns-1 is-cropped wp-block-gallery-1 is-layout-flex wp-block-gallery-is-layout-flex\"><ul class=\"blocks-gallery-grid\"><li class=\"blocks-gallery-item\"><figure><img loading=\"lazy\" decoding=\"async\" width=\"678\" height=\"406\" src=\"https:\/\/aconteceunovale.com.br\/portal\/wp-content\/uploads\/2021\/02\/flamengo_arrascaeta.jpg\" alt=\"\" data-id=\"174301\" data-full-url=\"https:\/\/aconteceunovale.com.br\/portal\/wp-content\/uploads\/2021\/02\/flamengo_arrascaeta.jpg\" data-link=\"https:\/\/aconteceunovale.com.br\/portal\/?attachment_id=174301\" class=\"wp-image-174301\" srcset=\"https:\/\/aconteceunovale.com.br\/portal\/wp-content\/uploads\/2021\/02\/flamengo_arrascaeta.jpg 678w, https:\/\/aconteceunovale.com.br\/portal\/wp-content\/uploads\/2021\/02\/flamengo_arrascaeta-300x180.jpg 300w\" sizes=\"auto, (max-width: 678px) 100vw, 678px\" \/><figcaption class=\"blocks-gallery-item__caption\"><em>Foto: Alexandre Vidal \/ Flamengo<\/em><\/figcaption><\/figure><\/li><\/ul><\/figure>\n\n\n\n<p>O Colorado, que entrou em campo precisando de uma vit\u00f3ria para conquistar o tetracampeonato brasileiro, pulou na frente do placar aos 11 minutos com uma cobran\u00e7a perfeita de p\u00eanalti de Eden\u00edlson. A infra\u00e7\u00e3o foi marcada pelo \u00e1rbitro Raphael Klaus depois que o zagueiro Gustavo Henrique puxou Yuri Alberto em cruzamento na \u00e1rea rubro-negra.<\/p>\n\n\n\n<p>Com a vantagem no placar, os ga\u00fachos at\u00e9 que tentaram se manter no campo de ataque. Mas, o Flamengo foi aumentando o ritmo e come\u00e7ou a pressionar cada vez mais. At\u00e9 que, aos 28, Filipe Lu\u00eds aproveitou uma bola na frente da \u00e1rea e abriu de primeira para Bruno Henrique. Depois da disputa com Rodinei, o atacante carioca foi no fundo e deixou o meia Arrascaeta de frente para o gol. O uruguaio s\u00f3 rolou. A bola ainda bateu na trave e entrou para empatar a partida. Aos 42, teve outra chegada forte do Inter. Depois de boa jogada de Caio Vidal pelo lado direito, Rodinei pegou a sobra e mandou uma bomba na trave.<\/p>\n\n\n\n<p>Na volta do intervalo, ocorreu o lance capital do jogo. Aos tr\u00eas minutos. Rodinei dominou mal uma bola e ao tentar se recuperar entrou duro no lateral-esquerdo Filipe Lu\u00eds. O \u00e1rbitro Raphael Klaus, com o aux\u00edlio do VAR, expulsou o jogador do Inter. Depois disso, s\u00f3 deu Flamengo. Aos nove, Pedro perdeu boa chance. Aos 17, em brilhante jogada de Arrascaeta, Gabriel Barbosa s\u00f3 deslocou o goleiro Marcelo Lomba e virou a partida. Aos 34, Pedro marcou o terceiro,&nbsp;mas o lance foi invalidado por impedimento. Aos 46, outra vez o centroavante Pedro balan\u00e7ou as redes coloradas, mas&nbsp;com o aux\u00edlio do VAR, Raphael Klaus invalidou dando falta no in\u00edcio da jogada em cima de Lucas Ribeiro. Aos 49, Bruno Henrique ainda desperdi\u00e7ou outra excelente chance. E o placar ficou mesmo no 2 a 1 para os cariocas.<\/p>\n\n\n\n<p>Agora, na \u00faltima rodada,\u00a0quinta-feira (25\/2), o Rubro-Negro depende apenas de uma vit\u00f3ria sobre o S\u00e3o Paulo no Morumbi para ser octacampe\u00e3o nacional. Dois pontos atr\u00e1s do Flamengo, o Inter precisa vencer o Corinthians, em Porto Alegre, na\u00a0quinta-feira e torcer para que os cariocas no m\u00e1ximo empatem o jogo na capital paulista.<\/p>\n\n\n\n<p>&#8212;&#8212;&#8212;&#8212;&#8212;&#8212;<br><em>Quer receber as not\u00edcias do <strong>Aconteceu no Vale<\/strong> em primeira m\u00e3o? Siga-nos no Facebook <a rel=\"noreferrer noopener\" href=\"http:\/\/facebook.com\/aconteceunovale\" target=\"_blank\">@aconteceunovale<\/a>, Twitter <a rel=\"noreferrer noopener\" href=\"https:\/\/twitter.com\/noticiadosvales\" target=\"_blank\">@noticiadosvales<\/a> e Instagram <a rel=\"noreferrer noopener\" href=\"https:\/\/www.instagram.com\/aconteceunovale\" target=\"_blank\">@aconteceunovale<\/a>.<\/em><\/p>\n","protected":false},"excerpt":{"rendered":"<p>O Flamengo venceu o Internacional de virada por 2 a 1, na tarde deste\u00a0domingo\u00a0(21\/2\/2021), no Maracan\u00e3, em partida v\u00e1lida pela 37\u00aa rodada do Campeonato Brasileiro. Com o resultado, o time do t\u00e9cnico Rog\u00e9rio Ceni assume a ponta da tabela de classifica\u00e7\u00e3o pela primeira vez nessa edi\u00e7\u00e3o do torneio, com 71 pontos. O Inter caiu para [&hellip;]<\/p>\n","protected":false},"author":4,"featured_media":174301,"comment_status":"open","ping_status":"closed","sticky":false,"template":"","format":"standard","meta":{"amp_status":"","footnotes":""},"categories":[6,59],"tags":[238013,13044,13043,14357,1018,21070,14190,238010,14358,14356,15606,1104,207853,25960,238012,238011],"class_list":["post-174300","post","type-post","status-publish","format-standard","has-post-thumbnail","hentry","category-br","category-sports","tag-abel-braga","tag-brasileirao","tag-campeonato-brasileiro","tag-colorado","tag-destaque","tag-fla","tag-flamengo","tag-flamengo-vence-o-internacional-e-assume-a-lideranca-do-brasileirao","tag-inter","tag-internacional","tag-maracana","tag-rio-de-janeiro","tag-rogerio-ceni","tag-serie-a","tag-titulo-do-brasileirao","tag-titulo-do-campeonato-brasileiro"],"_links":{"self":[{"href":"https:\/\/aconteceunovale.com.br\/portal\/index.php?rest_route=\/wp\/v2\/posts\/174300","targetHints":{"allow":["GET"]}}],"collection":[{"href":"https:\/\/aconteceunovale.com.br\/portal\/index.php?rest_route=\/wp\/v2\/posts"}],"about":[{"href":"https:\/\/aconteceunovale.com.br\/portal\/index.php?rest_route=\/wp\/v2\/types\/post"}],"author":[{"embeddable":true,"href":"https:\/\/aconteceunovale.com.br\/portal\/index.php?rest_route=\/wp\/v2\/users\/4"}],"replies":[{"embeddable":true,"href":"https:\/\/aconteceunovale.com.br\/portal\/index.php?rest_route=%2Fwp%2Fv2%2Fcomments&post=174300"}],"version-history":[{"count":1,"href":"https:\/\/aconteceunovale.com.br\/portal\/index.php?rest_route=\/wp\/v2\/posts\/174300\/revisions"}],"predecessor-version":[{"id":174302,"href":"https:\/\/aconteceunovale.com.br\/portal\/index.php?rest_route=\/wp\/v2\/posts\/174300\/revisions\/174302"}],"wp:featuredmedia":[{"embeddable":true,"href":"https:\/\/aconteceunovale.com.br\/portal\/index.php?rest_route=\/wp\/v2\/media\/174301"}],"wp:attachment":[{"href":"https:\/\/aconteceunovale.com.br\/portal\/index.php?rest_route=%2Fwp%2Fv2%2Fmedia&parent=174300"}],"wp:term":[{"taxonomy":"category","embeddable":true,"href":"https:\/\/aconteceunovale.com.br\/portal\/index.php?rest_route=%2Fwp%2Fv2%2Fcategories&post=174300"},{"taxonomy":"post_tag","embeddable":true,"href":"https:\/\/aconteceunovale.com.br\/portal\/index.php?rest_route=%2Fwp%2Fv2%2Ftags&post=174300"}],"curies":[{"name":"wp","href":"https:\/\/api.w.org\/{rel}","templated":true}]}}