{"id":174283,"date":"2021-02-21T18:40:17","date_gmt":"2021-02-21T21:40:17","guid":{"rendered":"https:\/\/aconteceunovale.com.br\/portal\/?p=174283"},"modified":"2021-02-21T19:47:33","modified_gmt":"2021-02-21T22:47:33","slug":"colisao-entre-caminhoes-deixa-quatro-feridos-na-br-251","status":"publish","type":"post","link":"https:\/\/aconteceunovale.com.br\/portal\/?p=174283","title":{"rendered":"Colis\u00e3o entre caminh\u00f5es deixa quatro feridos na BR-251"},"content":{"rendered":"\n<p>Um acidente entre um caminh\u00e3o-tanque e um ve\u00edculo prancha, utilizado como guincho, deixou quatro pessoas feridas na BR-251, no Norte de Minas Gerais.<\/p>\n\n\n\n<p>Segundo informa\u00e7\u00f5es da Pol\u00edcia Rodovi\u00e1ria Federal (PRF), os ve\u00edculos colidiram lateralmente na madrugada deste domingo (21\/2\/2021), por volta de 1h20, pr\u00f3ximo a Salinas (MG). Os feridos foram socorridos ao hospital do munic\u00edpio.<\/p>\n\n\n\n<p>Devido \u00e0 colis\u00e3o, o caminh\u00e3o-tanque tombou e houve derramamento de combust\u00edvel na pista, sendo necess\u00e1rio interditar a rodovia nos dois sentidos.<\/p>\n\n\n\n<figure class=\"wp-block-gallery columns-1 is-cropped wp-block-gallery-1 is-layout-flex wp-block-gallery-is-layout-flex\"><ul class=\"blocks-gallery-grid\"><li class=\"blocks-gallery-item\"><figure><img loading=\"lazy\" decoding=\"async\" width=\"678\" height=\"441\" src=\"https:\/\/aconteceunovale.com.br\/portal\/wp-content\/uploads\/2021\/02\/acidente_salinas.jpg\" alt=\"\" data-id=\"174284\" data-link=\"https:\/\/aconteceunovale.com.br\/portal\/?attachment_id=174284\" class=\"wp-image-174284\" srcset=\"https:\/\/aconteceunovale.com.br\/portal\/wp-content\/uploads\/2021\/02\/acidente_salinas.jpg 678w, https:\/\/aconteceunovale.com.br\/portal\/wp-content\/uploads\/2021\/02\/acidente_salinas-300x195.jpg 300w, https:\/\/aconteceunovale.com.br\/portal\/wp-content\/uploads\/2021\/02\/acidente_salinas-646x420.jpg 646w\" sizes=\"auto, (max-width: 678px) 100vw, 678px\" \/><figcaption class=\"blocks-gallery-item__caption\"><em>Acidente causou congestionamento na rodovia &#8211; Foto: Pol\u00edcia Militar\/Divulga\u00e7\u00e3o<\/em><\/figcaption><\/figure><\/li><li class=\"blocks-gallery-item\"><figure><img loading=\"lazy\" decoding=\"async\" width=\"678\" height=\"355\" src=\"https:\/\/aconteceunovale.com.br\/portal\/wp-content\/uploads\/2021\/02\/acidente_salinas_1.jpg\" alt=\"\" data-id=\"174303\" data-full-url=\"https:\/\/aconteceunovale.com.br\/portal\/wp-content\/uploads\/2021\/02\/acidente_salinas_1.jpg\" data-link=\"https:\/\/aconteceunovale.com.br\/portal\/?attachment_id=174303\" class=\"wp-image-174303\" srcset=\"https:\/\/aconteceunovale.com.br\/portal\/wp-content\/uploads\/2021\/02\/acidente_salinas_1.jpg 678w, https:\/\/aconteceunovale.com.br\/portal\/wp-content\/uploads\/2021\/02\/acidente_salinas_1-300x157.jpg 300w\" sizes=\"auto, (max-width: 678px) 100vw, 678px\" \/><figcaption class=\"blocks-gallery-item__caption\"><em>Acidente aconteceu na BR-251 (Foto: Reprodu\u00e7\u00e3o\/WhatsApp<\/em><\/figcaption><\/figure><\/li><\/ul><\/figure>\n\n\n\n<p>&#8212;&#8212;&#8212;&#8212;&#8212;&#8212;<br><em>Quer receber as not\u00edcias do <strong>Aconteceu no Vale<\/strong> em primeira m\u00e3o? Siga-nos no Facebook <a rel=\"noreferrer noopener\" href=\"http:\/\/facebook.com\/aconteceunovale\" target=\"_blank\">@aconteceunovale<\/a>, Twitter <a rel=\"noreferrer noopener\" href=\"https:\/\/twitter.com\/noticiadosvales\" target=\"_blank\">@noticiadosvales<\/a> e Instagram <a rel=\"noreferrer noopener\" href=\"https:\/\/www.instagram.com\/aconteceunovale\" target=\"_blank\">@aconteceunovale<\/a>.<\/em><\/p>\n","protected":false},"excerpt":{"rendered":"<p>Um acidente entre um caminh\u00e3o-tanque e um ve\u00edculo prancha, utilizado como guincho, deixou quatro pessoas feridas na BR-251, no Norte de Minas Gerais. Segundo informa\u00e7\u00f5es da Pol\u00edcia Rodovi\u00e1ria Federal (PRF), os ve\u00edculos colidiram lateralmente na madrugada deste domingo (21\/2\/2021), por volta de 1h20, pr\u00f3ximo a Salinas (MG). Os feridos foram socorridos ao hospital do munic\u00edpio. [&hellip;]<\/p>\n","protected":false},"author":4,"featured_media":174284,"comment_status":"open","ping_status":"closed","sticky":false,"template":"","format":"standard","meta":{"amp_status":"","footnotes":""},"categories":[1236],"tags":[13619,238001,163630,206350,60072,80801,206349,238000,1018],"class_list":["post-174283","post","type-post","status-publish","format-standard","has-post-thumbnail","hentry","category-norte_de_minas","tag-acidente-em-salinas","tag-acidente-entre-caminhoes-em-salinas","tag-acidente-entre-caminhoes-na-br-251","tag-acidente-na-br-251-2","tag-acidente-na-br-251-em-salinas","tag-acidente-perto-de-salinas","tag-br-251-2","tag-colisao-entre-caminhoes-deixa-quatro-feridos-na-br-251","tag-destaque"],"_links":{"self":[{"href":"https:\/\/aconteceunovale.com.br\/portal\/index.php?rest_route=\/wp\/v2\/posts\/174283","targetHints":{"allow":["GET"]}}],"collection":[{"href":"https:\/\/aconteceunovale.com.br\/portal\/index.php?rest_route=\/wp\/v2\/posts"}],"about":[{"href":"https:\/\/aconteceunovale.com.br\/portal\/index.php?rest_route=\/wp\/v2\/types\/post"}],"author":[{"embeddable":true,"href":"https:\/\/aconteceunovale.com.br\/portal\/index.php?rest_route=\/wp\/v2\/users\/4"}],"replies":[{"embeddable":true,"href":"https:\/\/aconteceunovale.com.br\/portal\/index.php?rest_route=%2Fwp%2Fv2%2Fcomments&post=174283"}],"version-history":[{"count":2,"href":"https:\/\/aconteceunovale.com.br\/portal\/index.php?rest_route=\/wp\/v2\/posts\/174283\/revisions"}],"predecessor-version":[{"id":174304,"href":"https:\/\/aconteceunovale.com.br\/portal\/index.php?rest_route=\/wp\/v2\/posts\/174283\/revisions\/174304"}],"wp:featuredmedia":[{"embeddable":true,"href":"https:\/\/aconteceunovale.com.br\/portal\/index.php?rest_route=\/wp\/v2\/media\/174284"}],"wp:attachment":[{"href":"https:\/\/aconteceunovale.com.br\/portal\/index.php?rest_route=%2Fwp%2Fv2%2Fmedia&parent=174283"}],"wp:term":[{"taxonomy":"category","embeddable":true,"href":"https:\/\/aconteceunovale.com.br\/portal\/index.php?rest_route=%2Fwp%2Fv2%2Fcategories&post=174283"},{"taxonomy":"post_tag","embeddable":true,"href":"https:\/\/aconteceunovale.com.br\/portal\/index.php?rest_route=%2Fwp%2Fv2%2Ftags&post=174283"}],"curies":[{"name":"wp","href":"https:\/\/api.w.org\/{rel}","templated":true}]}}