{"id":174255,"date":"2021-02-20T20:40:45","date_gmt":"2021-02-20T23:40:45","guid":{"rendered":"https:\/\/aconteceunovale.com.br\/portal\/?p=174255"},"modified":"2021-02-21T19:52:25","modified_gmt":"2021-02-21T22:52:25","slug":"colisao-frontal-entre-van-e-carreta-deixa-dois-feridos-na-br-135","status":"publish","type":"post","link":"https:\/\/aconteceunovale.com.br\/portal\/?p=174255","title":{"rendered":"Colis\u00e3o frontal entre van e carreta deixa dois feridos na BR-135"},"content":{"rendered":"\n<p>Duas pessoas ficaram feridas em um acidente entre uma van e uma carreta na BR-135, em Corinto, na tarde deste s\u00e1bado (20\/2\/2021). Chovia no momento da batida.<\/p>\n\n\n\n<p>Segundo informa\u00e7\u00f5es da Pol\u00edcia Militar Rodovi\u00e1ria, o condutor da carreta disse que seguia pela rodovia, no sentido Montes Claros, quando a van rodou na pista e invadiu a contram\u00e3o de dire\u00e7\u00e3o.<\/p>\n\n\n\n<p>Os dois ve\u00edculos colidiram frontalmente e o motorista da van foi socorrido em estado grave. Um passageiro tamb\u00e9m ficou ferido. Os dois foram levados para o Hospital Imaculada Concei\u00e7\u00e3o, em Curvelo. O condutor da carreta n\u00e3o sofreu ferimentos.<\/p>\n\n\n\n<p>A rodovia ficou parcialmente interditada.<\/p>\n\n\n\n<figure class=\"wp-block-gallery columns-1 is-cropped wp-block-gallery-1 is-layout-flex wp-block-gallery-is-layout-flex\"><ul class=\"blocks-gallery-grid\"><li class=\"blocks-gallery-item\"><figure><img loading=\"lazy\" decoding=\"async\" width=\"678\" height=\"382\" src=\"https:\/\/aconteceunovale.com.br\/portal\/wp-content\/uploads\/2021\/02\/acidente_corinto.jpeg\" alt=\"\" data-id=\"174256\" data-link=\"https:\/\/aconteceunovale.com.br\/portal\/?attachment_id=174256\" class=\"wp-image-174256\" srcset=\"https:\/\/aconteceunovale.com.br\/portal\/wp-content\/uploads\/2021\/02\/acidente_corinto.jpeg 678w, https:\/\/aconteceunovale.com.br\/portal\/wp-content\/uploads\/2021\/02\/acidente_corinto-300x169.jpeg 300w\" sizes=\"auto, (max-width: 678px) 100vw, 678px\" \/><figcaption class=\"blocks-gallery-item__caption\"><em>Foto: Pol\u00edcia Militar Rodovi\u00e1ria\/Divulga\u00e7\u00e3o<\/em><\/figcaption><\/figure><\/li><li class=\"blocks-gallery-item\"><figure><img loading=\"lazy\" decoding=\"async\" width=\"960\" height=\"540\" src=\"https:\/\/aconteceunovale.com.br\/portal\/wp-content\/uploads\/2021\/02\/acidente_corinto_3.jpg\" alt=\"\" data-id=\"174305\" data-full-url=\"https:\/\/aconteceunovale.com.br\/portal\/wp-content\/uploads\/2021\/02\/acidente_corinto_3.jpg\" data-link=\"https:\/\/aconteceunovale.com.br\/portal\/?attachment_id=174305\" class=\"wp-image-174305\" srcset=\"https:\/\/aconteceunovale.com.br\/portal\/wp-content\/uploads\/2021\/02\/acidente_corinto_3.jpg 960w, https:\/\/aconteceunovale.com.br\/portal\/wp-content\/uploads\/2021\/02\/acidente_corinto_3-300x169.jpg 300w, https:\/\/aconteceunovale.com.br\/portal\/wp-content\/uploads\/2021\/02\/acidente_corinto_3-768x432.jpg 768w, https:\/\/aconteceunovale.com.br\/portal\/wp-content\/uploads\/2021\/02\/acidente_corinto_3-696x392.jpg 696w, https:\/\/aconteceunovale.com.br\/portal\/wp-content\/uploads\/2021\/02\/acidente_corinto_3-747x420.jpg 747w\" sizes=\"auto, (max-width: 960px) 100vw, 960px\" \/><figcaption class=\"blocks-gallery-item__caption\"><em>Foto: Reprodu\u00e7\u00e3o\/Corinto em Pauta<\/em><\/figcaption><\/figure><\/li><li class=\"blocks-gallery-item\"><figure><img loading=\"lazy\" decoding=\"async\" width=\"678\" height=\"381\" src=\"https:\/\/aconteceunovale.com.br\/portal\/wp-content\/uploads\/2021\/02\/acidente_corinto_2.jpg\" alt=\"\" data-id=\"174306\" data-full-url=\"https:\/\/aconteceunovale.com.br\/portal\/wp-content\/uploads\/2021\/02\/acidente_corinto_2.jpg\" data-link=\"https:\/\/aconteceunovale.com.br\/portal\/?attachment_id=174306\" class=\"wp-image-174306\" srcset=\"https:\/\/aconteceunovale.com.br\/portal\/wp-content\/uploads\/2021\/02\/acidente_corinto_2.jpg 678w, https:\/\/aconteceunovale.com.br\/portal\/wp-content\/uploads\/2021\/02\/acidente_corinto_2-300x169.jpg 300w\" sizes=\"auto, (max-width: 678px) 100vw, 678px\" \/><figcaption class=\"blocks-gallery-item__caption\"><em>Foto: Reprodu\u00e7\u00e3o\/Corinto em Pauta<\/em><\/figcaption><\/figure><\/li><li class=\"blocks-gallery-item\"><figure><img loading=\"lazy\" decoding=\"async\" width=\"960\" height=\"540\" src=\"https:\/\/aconteceunovale.com.br\/portal\/wp-content\/uploads\/2021\/02\/acidente_corinto_1.jpg\" alt=\"\" data-id=\"174307\" data-full-url=\"https:\/\/aconteceunovale.com.br\/portal\/wp-content\/uploads\/2021\/02\/acidente_corinto_1.jpg\" data-link=\"https:\/\/aconteceunovale.com.br\/portal\/?attachment_id=174307\" class=\"wp-image-174307\" srcset=\"https:\/\/aconteceunovale.com.br\/portal\/wp-content\/uploads\/2021\/02\/acidente_corinto_1.jpg 960w, https:\/\/aconteceunovale.com.br\/portal\/wp-content\/uploads\/2021\/02\/acidente_corinto_1-300x169.jpg 300w, https:\/\/aconteceunovale.com.br\/portal\/wp-content\/uploads\/2021\/02\/acidente_corinto_1-768x432.jpg 768w, https:\/\/aconteceunovale.com.br\/portal\/wp-content\/uploads\/2021\/02\/acidente_corinto_1-696x392.jpg 696w, https:\/\/aconteceunovale.com.br\/portal\/wp-content\/uploads\/2021\/02\/acidente_corinto_1-747x420.jpg 747w\" sizes=\"auto, (max-width: 960px) 100vw, 960px\" \/><figcaption class=\"blocks-gallery-item__caption\"><em>Foto: Reprodu\u00e7\u00e3o\/Corinto em Pauta<\/em><\/figcaption><\/figure><\/li><\/ul><\/figure>\n\n\n\n<p>&#8212;&#8212;&#8212;&#8212;&#8212;&#8212;<br><em>Quer receber as not\u00edcias do <strong>Aconteceu no Vale<\/strong> em primeira m\u00e3o? Siga-nos no Facebook <a rel=\"noreferrer noopener\" href=\"http:\/\/facebook.com\/aconteceunovale\" target=\"_blank\">@aconteceunovale<\/a>, Twitter <a rel=\"noreferrer noopener\" href=\"https:\/\/twitter.com\/noticiadosvales\" target=\"_blank\">@noticiadosvales<\/a> e Instagram <a rel=\"noreferrer noopener\" href=\"https:\/\/www.instagram.com\/aconteceunovale\" target=\"_blank\">@aconteceunovale<\/a>.<\/em><\/p>\n","protected":false},"excerpt":{"rendered":"<p>Duas pessoas ficaram feridas em um acidente entre uma van e uma carreta na BR-135, em Corinto, na tarde deste s\u00e1bado (20\/2\/2021). Chovia no momento da batida. Segundo informa\u00e7\u00f5es da Pol\u00edcia Militar Rodovi\u00e1ria, o condutor da carreta disse que seguia pela rodovia, no sentido Montes Claros, quando a van rodou na pista e invadiu a [&hellip;]<\/p>\n","protected":false},"author":4,"featured_media":174256,"comment_status":"open","ping_status":"closed","sticky":false,"template":"","format":"standard","meta":{"amp_status":"","footnotes":""},"categories":[123],"tags":[237945,237947,237946,210060,211674,207131,237944,197],"class_list":["post-174255","post","type-post","status-publish","format-standard","has-post-thumbnail","hentry","category-gerais","tag-acidente-em-br-135","tag-acidente-entre-van-e-carreta-em-corinto","tag-acidente-entre-van-e-carreta-na-br-135","tag-acidente-na-br-135-2","tag-acidente-na-br-135-em-corinto-2","tag-br-135-2","tag-colisao-frontal-entre-van-e-carreta-deixa-dois-feridos-na-br-135","tag-curvelo"],"_links":{"self":[{"href":"https:\/\/aconteceunovale.com.br\/portal\/index.php?rest_route=\/wp\/v2\/posts\/174255","targetHints":{"allow":["GET"]}}],"collection":[{"href":"https:\/\/aconteceunovale.com.br\/portal\/index.php?rest_route=\/wp\/v2\/posts"}],"about":[{"href":"https:\/\/aconteceunovale.com.br\/portal\/index.php?rest_route=\/wp\/v2\/types\/post"}],"author":[{"embeddable":true,"href":"https:\/\/aconteceunovale.com.br\/portal\/index.php?rest_route=\/wp\/v2\/users\/4"}],"replies":[{"embeddable":true,"href":"https:\/\/aconteceunovale.com.br\/portal\/index.php?rest_route=%2Fwp%2Fv2%2Fcomments&post=174255"}],"version-history":[{"count":2,"href":"https:\/\/aconteceunovale.com.br\/portal\/index.php?rest_route=\/wp\/v2\/posts\/174255\/revisions"}],"predecessor-version":[{"id":174309,"href":"https:\/\/aconteceunovale.com.br\/portal\/index.php?rest_route=\/wp\/v2\/posts\/174255\/revisions\/174309"}],"wp:featuredmedia":[{"embeddable":true,"href":"https:\/\/aconteceunovale.com.br\/portal\/index.php?rest_route=\/wp\/v2\/media\/174256"}],"wp:attachment":[{"href":"https:\/\/aconteceunovale.com.br\/portal\/index.php?rest_route=%2Fwp%2Fv2%2Fmedia&parent=174255"}],"wp:term":[{"taxonomy":"category","embeddable":true,"href":"https:\/\/aconteceunovale.com.br\/portal\/index.php?rest_route=%2Fwp%2Fv2%2Fcategories&post=174255"},{"taxonomy":"post_tag","embeddable":true,"href":"https:\/\/aconteceunovale.com.br\/portal\/index.php?rest_route=%2Fwp%2Fv2%2Ftags&post=174255"}],"curies":[{"name":"wp","href":"https:\/\/api.w.org\/{rel}","templated":true}]}}