{"id":174253,"date":"2021-02-20T20:36:04","date_gmt":"2021-02-20T23:36:04","guid":{"rendered":"https:\/\/aconteceunovale.com.br\/portal\/?p=174253"},"modified":"2021-02-20T20:36:12","modified_gmt":"2021-02-20T23:36:12","slug":"jovem-e-assassinado-apos-sair-de-festa-em-coronel-fabriciano","status":"publish","type":"post","link":"https:\/\/aconteceunovale.com.br\/portal\/?p=174253","title":{"rendered":"Jovem \u00e9 assassinado ap\u00f3s sair de festa em Coronel Fabriciano"},"content":{"rendered":"\n<p>Um jovem de 21 anos morreu e outro ficou ferido depois de serem baleados na sa\u00edda de uma festa em Coronel Fabriciano, no Vale do A\u00e7o, neste s\u00e1bado (20\/2\/2021). O crime foi registrado no Bairro Universit\u00e1rio e ningu\u00e9m foi preso.<\/p>\n\n\n\n<p>Segundo informa\u00e7\u00f5es da Pol\u00edcia Militar, as duas v\u00edtimas estavam em uma motocicleta e foram cercados por dois carros. O ocupante de um dos ve\u00edculos efetuou os disparos.<\/p>\n\n\n\n<p>Andr\u00e9 Luiz Miranda Amaral Filho n\u00e3o resistiu e morreu no local. O outro jovem foi socorrido e encaminhado para o Hospital Jos\u00e9 Maria de Morais. Ele foi baleado no ombro e contou \u00e0 pol\u00edcia que caiu da garupa no momento dos tiros e conseguiu correr.<\/p>\n\n\n\n<p>A suspeita \u00e9 de que o crime foi motivado por conta de uma confus\u00e3o que ocorreu durante o evento. De acordo com a PM, estava ocorrendo duas festas em andares diferentes no mesmo pr\u00e9dio, e moradores vizinhos teriam chamado \u00e0 pol\u00edcia por causa do barulho, mas integrantes de uma das festas deduziram que quem chamou a pol\u00edcia participava do outro evento.<\/p>\n\n\n\n<p>O caso \u00e9 investigado pela Pol\u00edcia Civil.<\/p>\n\n\n\n<p>&#8212;&#8212;&#8212;&#8212;&#8212;&#8212;<br><em>Quer receber as not\u00edcias do <strong>Aconteceu no Vale<\/strong> em primeira m\u00e3o? Siga-nos no Facebook <a rel=\"noreferrer noopener\" href=\"http:\/\/facebook.com\/aconteceunovale\" target=\"_blank\">@aconteceunovale<\/a>, Twitter <a rel=\"noreferrer noopener\" href=\"https:\/\/twitter.com\/noticiadosvales\" target=\"_blank\">@noticiadosvales<\/a> e Instagram <a rel=\"noreferrer noopener\" href=\"https:\/\/www.instagram.com\/aconteceunovale\" target=\"_blank\">@aconteceunovale<\/a>.<\/em><\/p>\n","protected":false},"excerpt":{"rendered":"<p>Um jovem de 21 anos morreu e outro ficou ferido depois de serem baleados na sa\u00edda de uma festa em Coronel Fabriciano, no Vale do A\u00e7o, neste s\u00e1bado (20\/2\/2021). O crime foi registrado no Bairro Universit\u00e1rio e ningu\u00e9m foi preso. Segundo informa\u00e7\u00f5es da Pol\u00edcia Militar, as duas v\u00edtimas estavam em uma motocicleta e foram cercados [&hellip;]<\/p>\n","protected":false},"author":4,"featured_media":151866,"comment_status":"open","ping_status":"closed","sticky":false,"template":"","format":"standard","meta":{"amp_status":"","footnotes":""},"categories":[121],"tags":[49176,1524,34758,237941,171562,237943,237942],"class_list":["post-174253","post","type-post","status-publish","format-standard","has-post-thumbnail","hentry","category-leste","tag-assassinado-em-coronel-fabriciano","tag-coronel-fabriciano","tag-homicidio-em-coronel-fabriciano","tag-jovem-e-assassinado-apos-sair-de-festa-em-coronel-fabriciano","tag-jovem-morto-em-coronel-fabriciano","tag-luiz-miranda-amaral-filho","tag-morto-apos-festa-em-coronel-fabriciano"],"_links":{"self":[{"href":"https:\/\/aconteceunovale.com.br\/portal\/index.php?rest_route=\/wp\/v2\/posts\/174253","targetHints":{"allow":["GET"]}}],"collection":[{"href":"https:\/\/aconteceunovale.com.br\/portal\/index.php?rest_route=\/wp\/v2\/posts"}],"about":[{"href":"https:\/\/aconteceunovale.com.br\/portal\/index.php?rest_route=\/wp\/v2\/types\/post"}],"author":[{"embeddable":true,"href":"https:\/\/aconteceunovale.com.br\/portal\/index.php?rest_route=\/wp\/v2\/users\/4"}],"replies":[{"embeddable":true,"href":"https:\/\/aconteceunovale.com.br\/portal\/index.php?rest_route=%2Fwp%2Fv2%2Fcomments&post=174253"}],"version-history":[{"count":1,"href":"https:\/\/aconteceunovale.com.br\/portal\/index.php?rest_route=\/wp\/v2\/posts\/174253\/revisions"}],"predecessor-version":[{"id":174254,"href":"https:\/\/aconteceunovale.com.br\/portal\/index.php?rest_route=\/wp\/v2\/posts\/174253\/revisions\/174254"}],"wp:featuredmedia":[{"embeddable":true,"href":"https:\/\/aconteceunovale.com.br\/portal\/index.php?rest_route=\/wp\/v2\/media\/151866"}],"wp:attachment":[{"href":"https:\/\/aconteceunovale.com.br\/portal\/index.php?rest_route=%2Fwp%2Fv2%2Fmedia&parent=174253"}],"wp:term":[{"taxonomy":"category","embeddable":true,"href":"https:\/\/aconteceunovale.com.br\/portal\/index.php?rest_route=%2Fwp%2Fv2%2Fcategories&post=174253"},{"taxonomy":"post_tag","embeddable":true,"href":"https:\/\/aconteceunovale.com.br\/portal\/index.php?rest_route=%2Fwp%2Fv2%2Ftags&post=174253"}],"curies":[{"name":"wp","href":"https:\/\/api.w.org\/{rel}","templated":true}]}}