{"id":174250,"date":"2021-02-20T20:27:20","date_gmt":"2021-02-20T23:27:20","guid":{"rendered":"https:\/\/aconteceunovale.com.br\/portal\/?p=174250"},"modified":"2021-02-20T20:28:58","modified_gmt":"2021-02-20T23:28:58","slug":"policia-militar-localiza-pes-de-maconha-na-zona-rural-de-salinas-e-prende-suspeito-em-taiobeiras","status":"publish","type":"post","link":"https:\/\/aconteceunovale.com.br\/portal\/?p=174250","title":{"rendered":"Pol\u00edcia Militar localiza p\u00e9s de maconha na zona rural de Salinas e prende suspeito em Taiobeiras"},"content":{"rendered":"\n<p>Um homem foi preso depois que a Pol\u00edcia Militar encontrou p\u00e9s de maconha na casa dele, na zona rural de Salinas, no Norte de Minas. A ocorr\u00eancia foi divulgada nesta sexta-feira (19\/2\/2021). Al\u00e9m das plantas, tamb\u00e9m foram apreendidas um tablete da droga e duas balan\u00e7as.<\/p>\n\n\n\n<p>Segundo a PM, uma equipe foi at\u00e9 a comunidade Baixa do Ba\u00e9 ap\u00f3s receber den\u00fancias de que uma pessoa estaria cultivando maconha nos fundos de um im\u00f3vel rural.<\/p>\n\n\n\n<p>Por uma fresta na porta, os policiais conseguiram ver as plantas dentro da resid\u00eancia. Os militares descobriram que o alvo da den\u00fancia tinha deixado o local h\u00e1 duas horas. A equipe entrou e fez a apreens\u00e3o das plantas e de uma balan\u00e7a.<\/p>\n\n\n\n<p>Durante levantamentos, a PM conseguiu descobrir que o homem poderia estar em outra casa, no bairro Planalto, em Taiobeiras. Uma equipe foi at\u00e9 l\u00e1 e o localizou.<\/p>\n\n\n\n<p>Ao ser questionando, ele confirmou \u00e0 PM que cultivava maconha. No segundo local foram apreendidos materiais usados para embalar entorpecentes, uma balan\u00e7a e um tablete da droga. Uma tesoura que, segundo ele, era usada para podar as plantas tamb\u00e9m foi apreendida.<\/p>\n\n\n\n<p>O homem foi levado para a Delegacia de Pol\u00edcia Civil.<\/p>\n\n\n\n<figure class=\"wp-block-gallery columns-1 is-cropped wp-block-gallery-1 is-layout-flex wp-block-gallery-is-layout-flex\"><ul class=\"blocks-gallery-grid\"><li class=\"blocks-gallery-item\"><figure><img loading=\"lazy\" decoding=\"async\" width=\"661\" height=\"450\" src=\"https:\/\/aconteceunovale.com.br\/portal\/wp-content\/uploads\/2021\/02\/maconha_salinas.jpeg\" alt=\"\" data-id=\"174251\" data-full-url=\"https:\/\/aconteceunovale.com.br\/portal\/wp-content\/uploads\/2021\/02\/maconha_salinas.jpeg\" data-link=\"https:\/\/aconteceunovale.com.br\/portal\/?attachment_id=174251\" class=\"wp-image-174251\" srcset=\"https:\/\/aconteceunovale.com.br\/portal\/wp-content\/uploads\/2021\/02\/maconha_salinas.jpeg 661w, https:\/\/aconteceunovale.com.br\/portal\/wp-content\/uploads\/2021\/02\/maconha_salinas-300x204.jpeg 300w, https:\/\/aconteceunovale.com.br\/portal\/wp-content\/uploads\/2021\/02\/maconha_salinas-617x420.jpeg 617w\" sizes=\"auto, (max-width: 661px) 100vw, 661px\" \/><figcaption class=\"blocks-gallery-item__caption\"><em>Foto: Pol\u00edcia Militar\/Divulga\u00e7\u00e3o<\/em><\/figcaption><\/figure><\/li><\/ul><\/figure>\n\n\n\n<p>&#8212;&#8212;&#8212;&#8212;&#8212;&#8212;<br><em>Quer receber as not\u00edcias do <strong>Aconteceu no Vale<\/strong> em primeira m\u00e3o? Siga-nos no Facebook <a rel=\"noreferrer noopener\" href=\"http:\/\/facebook.com\/aconteceunovale\" target=\"_blank\">@aconteceunovale<\/a>, Twitter <a rel=\"noreferrer noopener\" href=\"https:\/\/twitter.com\/noticiadosvales\" target=\"_blank\">@noticiadosvales<\/a> e Instagram <a rel=\"noreferrer noopener\" href=\"https:\/\/www.instagram.com\/aconteceunovale\" target=\"_blank\">@aconteceunovale<\/a>.<\/em><\/p>\n","protected":false},"excerpt":{"rendered":"<p>Um homem foi preso depois que a Pol\u00edcia Militar encontrou p\u00e9s de maconha na casa dele, na zona rural de Salinas, no Norte de Minas. A ocorr\u00eancia foi divulgada nesta sexta-feira (19\/2\/2021). Al\u00e9m das plantas, tamb\u00e9m foram apreendidas um tablete da droga e duas balan\u00e7as. Segundo a PM, uma equipe foi at\u00e9 a comunidade Baixa [&hellip;]<\/p>\n","protected":false},"author":4,"featured_media":174251,"comment_status":"open","ping_status":"closed","sticky":false,"template":"","format":"standard","meta":{"amp_status":"","footnotes":""},"categories":[1236],"tags":[237938,237940,237936,237939,237937,419],"class_list":["post-174250","post","type-post","status-publish","format-standard","has-post-thumbnail","hentry","category-norte_de_minas","tag-apreensao-de-pes-de-maconha-em-salinas","tag-baixa-do-bae","tag-homem-e-preso-por-cultivar-maconha-em-salinas","tag-pes-de-maconha-apreendidos-em-salinas","tag-policia-militar-localiza-pes-de-maconha-na-zona-rural-de-salinas-e-prende-suspeito-em-taiobeiras","tag-taiobeiras"],"_links":{"self":[{"href":"https:\/\/aconteceunovale.com.br\/portal\/index.php?rest_route=\/wp\/v2\/posts\/174250","targetHints":{"allow":["GET"]}}],"collection":[{"href":"https:\/\/aconteceunovale.com.br\/portal\/index.php?rest_route=\/wp\/v2\/posts"}],"about":[{"href":"https:\/\/aconteceunovale.com.br\/portal\/index.php?rest_route=\/wp\/v2\/types\/post"}],"author":[{"embeddable":true,"href":"https:\/\/aconteceunovale.com.br\/portal\/index.php?rest_route=\/wp\/v2\/users\/4"}],"replies":[{"embeddable":true,"href":"https:\/\/aconteceunovale.com.br\/portal\/index.php?rest_route=%2Fwp%2Fv2%2Fcomments&post=174250"}],"version-history":[{"count":1,"href":"https:\/\/aconteceunovale.com.br\/portal\/index.php?rest_route=\/wp\/v2\/posts\/174250\/revisions"}],"predecessor-version":[{"id":174252,"href":"https:\/\/aconteceunovale.com.br\/portal\/index.php?rest_route=\/wp\/v2\/posts\/174250\/revisions\/174252"}],"wp:featuredmedia":[{"embeddable":true,"href":"https:\/\/aconteceunovale.com.br\/portal\/index.php?rest_route=\/wp\/v2\/media\/174251"}],"wp:attachment":[{"href":"https:\/\/aconteceunovale.com.br\/portal\/index.php?rest_route=%2Fwp%2Fv2%2Fmedia&parent=174250"}],"wp:term":[{"taxonomy":"category","embeddable":true,"href":"https:\/\/aconteceunovale.com.br\/portal\/index.php?rest_route=%2Fwp%2Fv2%2Fcategories&post=174250"},{"taxonomy":"post_tag","embeddable":true,"href":"https:\/\/aconteceunovale.com.br\/portal\/index.php?rest_route=%2Fwp%2Fv2%2Ftags&post=174250"}],"curies":[{"name":"wp","href":"https:\/\/api.w.org\/{rel}","templated":true}]}}