{"id":174246,"date":"2021-02-20T20:17:13","date_gmt":"2021-02-20T23:17:13","guid":{"rendered":"https:\/\/aconteceunovale.com.br\/portal\/?p=174246"},"modified":"2021-02-20T20:18:27","modified_gmt":"2021-02-20T23:18:27","slug":"caminhoneiro-morre-apos-acidente-na-br-251","status":"publish","type":"post","link":"https:\/\/aconteceunovale.com.br\/portal\/?p=174246","title":{"rendered":"Caminhoneiro morre ap\u00f3s acidente na BR-251"},"content":{"rendered":"\n<p>Um caminhoneiro de 45 anos morreu ap\u00f3s um acidente na BR-251, na Serra de Francisco S\u00e1, na madrugada de sexta-feira (19\/2\/2021). Segundo informa\u00e7\u00f5es do Corpo de Bombeiros, o motorista ficou preso \u00e0s ferragens e veio a \u00f3bito durante o desencarceramento. Uma equipe do Samu foi acionada e atestou o \u00f3bito.<\/p>\n\n\n\n<p>A per\u00edcia da Pol\u00edcia Civil esteve no local e as causas do acidente ser\u00e3o apuradas.<\/p>\n\n\n\n<p>O caminh\u00e3o estava carregado com cocos e a carga ficou espalhada na pista. Segundo a Pol\u00edcia Rodovi\u00e1ria Federal, o tr\u00e2nsito foi liberado no in\u00edcio da manh\u00e3.<\/p>\n\n\n\n<figure class=\"wp-block-gallery columns-1 is-cropped wp-block-gallery-1 is-layout-flex wp-block-gallery-is-layout-flex\"><ul class=\"blocks-gallery-grid\"><li class=\"blocks-gallery-item\"><figure><img loading=\"lazy\" decoding=\"async\" width=\"678\" height=\"446\" src=\"https:\/\/aconteceunovale.com.br\/portal\/wp-content\/uploads\/2021\/02\/acidente_serrafs_1.jpeg\" alt=\"\" data-id=\"174247\" data-full-url=\"https:\/\/aconteceunovale.com.br\/portal\/wp-content\/uploads\/2021\/02\/acidente_serrafs_1.jpeg\" data-link=\"https:\/\/aconteceunovale.com.br\/portal\/?attachment_id=174247\" class=\"wp-image-174247\" srcset=\"https:\/\/aconteceunovale.com.br\/portal\/wp-content\/uploads\/2021\/02\/acidente_serrafs_1.jpeg 678w, https:\/\/aconteceunovale.com.br\/portal\/wp-content\/uploads\/2021\/02\/acidente_serrafs_1-300x197.jpeg 300w, https:\/\/aconteceunovale.com.br\/portal\/wp-content\/uploads\/2021\/02\/acidente_serrafs_1-638x420.jpeg 638w\" sizes=\"auto, (max-width: 678px) 100vw, 678px\" \/><figcaption class=\"blocks-gallery-item__caption\"><em>Foto: Corpo de Bombeiros\/ Divulga\u00e7\u00e3o<\/em><\/figcaption><\/figure><\/li><li class=\"blocks-gallery-item\"><figure><img loading=\"lazy\" decoding=\"async\" width=\"678\" height=\"443\" src=\"https:\/\/aconteceunovale.com.br\/portal\/wp-content\/uploads\/2021\/02\/acidente_serrafs_2.jpeg\" alt=\"\" data-id=\"174248\" data-full-url=\"https:\/\/aconteceunovale.com.br\/portal\/wp-content\/uploads\/2021\/02\/acidente_serrafs_2.jpeg\" data-link=\"https:\/\/aconteceunovale.com.br\/portal\/?attachment_id=174248\" class=\"wp-image-174248\" srcset=\"https:\/\/aconteceunovale.com.br\/portal\/wp-content\/uploads\/2021\/02\/acidente_serrafs_2.jpeg 678w, https:\/\/aconteceunovale.com.br\/portal\/wp-content\/uploads\/2021\/02\/acidente_serrafs_2-300x196.jpeg 300w, https:\/\/aconteceunovale.com.br\/portal\/wp-content\/uploads\/2021\/02\/acidente_serrafs_2-643x420.jpeg 643w\" sizes=\"auto, (max-width: 678px) 100vw, 678px\" \/><figcaption class=\"blocks-gallery-item__caption\"><em>Foto: Corpo de Bombeiros\/ Divulga\u00e7\u00e3o<\/em><\/figcaption><\/figure><\/li><\/ul><\/figure>\n\n\n\n<p>&#8212;&#8212;&#8212;&#8212;&#8212;&#8212;<br><em>Quer receber as not\u00edcias do <strong>Aconteceu no Vale<\/strong> em primeira m\u00e3o? Siga-nos no Facebook <a rel=\"noreferrer noopener\" href=\"http:\/\/facebook.com\/aconteceunovale\" target=\"_blank\">@aconteceunovale<\/a>, Twitter <a rel=\"noreferrer noopener\" href=\"https:\/\/twitter.com\/noticiadosvales\" target=\"_blank\">@noticiadosvales<\/a> e Instagram <a rel=\"noreferrer noopener\" href=\"https:\/\/www.instagram.com\/aconteceunovale\" target=\"_blank\">@aconteceunovale<\/a>.<\/em><\/p>\n","protected":false},"excerpt":{"rendered":"<p>Um caminhoneiro de 45 anos morreu ap\u00f3s um acidente na BR-251, na Serra de Francisco S\u00e1, na madrugada de sexta-feira (19\/2\/2021). Segundo informa\u00e7\u00f5es do Corpo de Bombeiros, o motorista ficou preso \u00e0s ferragens e veio a \u00f3bito durante o desencarceramento. Uma equipe do Samu foi acionada e atestou o \u00f3bito. A per\u00edcia da Pol\u00edcia Civil [&hellip;]<\/p>\n","protected":false},"author":4,"featured_media":174248,"comment_status":"open","ping_status":"closed","sticky":false,"template":"","format":"standard","meta":{"amp_status":"","footnotes":""},"categories":[1236],"tags":[53784,237935,206350,213588,83223,206349,237934],"class_list":["post-174246","post","type-post","status-publish","format-standard","has-post-thumbnail","hentry","category-norte_de_minas","tag-acidente-com-caminhao-de-coco-na-br-251","tag-acidente-com-caminhao-de-coco-na-serra-de-francisco-sa","tag-acidente-na-br-251-2","tag-acidente-na-br-251-na-serra-de-francisco-sa-2","tag-acidente-na-serra-de-francisco-sa","tag-br-251-2","tag-caminhoneiro-morre-apos-acidente-na-br-251"],"_links":{"self":[{"href":"https:\/\/aconteceunovale.com.br\/portal\/index.php?rest_route=\/wp\/v2\/posts\/174246","targetHints":{"allow":["GET"]}}],"collection":[{"href":"https:\/\/aconteceunovale.com.br\/portal\/index.php?rest_route=\/wp\/v2\/posts"}],"about":[{"href":"https:\/\/aconteceunovale.com.br\/portal\/index.php?rest_route=\/wp\/v2\/types\/post"}],"author":[{"embeddable":true,"href":"https:\/\/aconteceunovale.com.br\/portal\/index.php?rest_route=\/wp\/v2\/users\/4"}],"replies":[{"embeddable":true,"href":"https:\/\/aconteceunovale.com.br\/portal\/index.php?rest_route=%2Fwp%2Fv2%2Fcomments&post=174246"}],"version-history":[{"count":1,"href":"https:\/\/aconteceunovale.com.br\/portal\/index.php?rest_route=\/wp\/v2\/posts\/174246\/revisions"}],"predecessor-version":[{"id":174249,"href":"https:\/\/aconteceunovale.com.br\/portal\/index.php?rest_route=\/wp\/v2\/posts\/174246\/revisions\/174249"}],"wp:featuredmedia":[{"embeddable":true,"href":"https:\/\/aconteceunovale.com.br\/portal\/index.php?rest_route=\/wp\/v2\/media\/174248"}],"wp:attachment":[{"href":"https:\/\/aconteceunovale.com.br\/portal\/index.php?rest_route=%2Fwp%2Fv2%2Fmedia&parent=174246"}],"wp:term":[{"taxonomy":"category","embeddable":true,"href":"https:\/\/aconteceunovale.com.br\/portal\/index.php?rest_route=%2Fwp%2Fv2%2Fcategories&post=174246"},{"taxonomy":"post_tag","embeddable":true,"href":"https:\/\/aconteceunovale.com.br\/portal\/index.php?rest_route=%2Fwp%2Fv2%2Ftags&post=174246"}],"curies":[{"name":"wp","href":"https:\/\/api.w.org\/{rel}","templated":true}]}}