{"id":17415,"date":"2014-01-02T20:12:32","date_gmt":"2014-01-02T22:12:32","guid":{"rendered":"http:\/\/aconteceunovale.com.br\/portal\/?p=17415"},"modified":"2014-01-02T22:43:01","modified_gmt":"2014-01-03T00:43:01","slug":"acidente-entre-carro-e-carreta-deixa-3-mortos-e-2-feridos-na-br-251","status":"publish","type":"post","link":"https:\/\/aconteceunovale.com.br\/portal\/?p=17415","title":{"rendered":"Acidente entre carro e carreta deixa 3 mortos e 2 feridos na BR-251"},"content":{"rendered":"<p>Uma batida frontal entre uma carreta placa CNI-5303 de Araras\/SP e um carro Corsa placa EXM-3054 com placas de S\u00e3o Paulo\/SP deixou tr\u00eas v\u00edtimas fatais e duas feridas na tarde desta quinta-feira (02\/01), no KM 283 da BR-251, pr\u00f3ximo a Salinas no Norte de Minas.<\/p>\n<p><img decoding=\"async\" src=\"http:\/\/aconteceunovale.com.br\/portal\/wp-content\/uploads\/2014\/01\/acidente_salinas_taiobeiras.jpg\" alt=\"\" \/><br \/>\n<em>Todas as v\u00edtimas estavam no carro de passeio.<\/em><\/p>\n<p>As v\u00edtimas fatais s\u00e3o Ionice Bastos dos Santos, Henrique Wilian Cordeiro Bastos e uma terceira v\u00edtima que n\u00e3o p\u00f4de ser identificada devido ao fato de n\u00e3o ter seus documentos localizados.  Todos eles estavam no carro. Outros dois ocupantes sofreram ferimentos leves, s\u00e3o eles: Rayssa Beatriz de Souza Bastos de 05 anos e Juarez Moreira dos Santos de 52 anos. Eles foram levados para o Hospital de Taiobeiras\/MG. O condutor da carreta, Lenaldo Santos da Silva de 63 anos, n\u00e3o sofreu ferimentos.<\/p>\n<p>As causas do acidente ainda s\u00e3o desconhecidas.<\/p>\n<p>Outras informa\u00e7\u00f5es a qualquer momento.<\/p>\n<p><img decoding=\"async\" src=\"http:\/\/aconteceunovale.com.br\/portal\/wp-content\/uploads\/2014\/01\/acidente_salinas_taiobeiras_2.jpg\" alt=\"\" \/><br \/>\n<em>Helic\u00f3ptero da Pol\u00edcia Militar (PM) ajudou no resgate<\/em><\/p>\n","protected":false},"excerpt":{"rendered":"<p>Uma batida frontal entre uma carreta placa CNI-5303 de Araras\/SP e um carro Corsa placa EXM-3054 com placas de S\u00e3o Paulo\/SP deixou tr\u00eas v\u00edtimas fatais e duas feridas na tarde desta quinta-feira (02\/01), no KM 283 da BR-251, pr\u00f3ximo a Salinas no Norte de Minas. Todas as v\u00edtimas estavam no carro de passeio. As v\u00edtimas [&hellip;]<\/p>\n","protected":false},"author":1,"featured_media":0,"comment_status":"open","ping_status":"closed","sticky":false,"template":"","format":"standard","meta":{"amp_status":"","footnotes":""},"categories":[1236],"tags":[2405,2412,2406,2408,2407,2411,2409,2410,190,419],"class_list":["post-17415","post","type-post","status-publish","format-standard","hentry","category-norte_de_minas","tag-acidente-entre-carro-e-carreta-deixa-3-mortos-e-2-feridos-na-br-251","tag-acidente-envolvendo-carro-de-ararassp","tag-batida-entre-carro-e-carreta-deixa-3-mortos-e-2-feridos-na-br-251","tag-henrique-wilian-cordeiro-bastos","tag-ionice-bastos-dos-santos","tag-juarez-moreira-dos-santos","tag-lenaldo-santos-da-silva","tag-rayssa-beatriz-de-souza-bastos","tag-salinas","tag-taiobeiras"],"_links":{"self":[{"href":"https:\/\/aconteceunovale.com.br\/portal\/index.php?rest_route=\/wp\/v2\/posts\/17415","targetHints":{"allow":["GET"]}}],"collection":[{"href":"https:\/\/aconteceunovale.com.br\/portal\/index.php?rest_route=\/wp\/v2\/posts"}],"about":[{"href":"https:\/\/aconteceunovale.com.br\/portal\/index.php?rest_route=\/wp\/v2\/types\/post"}],"author":[{"embeddable":true,"href":"https:\/\/aconteceunovale.com.br\/portal\/index.php?rest_route=\/wp\/v2\/users\/1"}],"replies":[{"embeddable":true,"href":"https:\/\/aconteceunovale.com.br\/portal\/index.php?rest_route=%2Fwp%2Fv2%2Fcomments&post=17415"}],"version-history":[{"count":0,"href":"https:\/\/aconteceunovale.com.br\/portal\/index.php?rest_route=\/wp\/v2\/posts\/17415\/revisions"}],"wp:attachment":[{"href":"https:\/\/aconteceunovale.com.br\/portal\/index.php?rest_route=%2Fwp%2Fv2%2Fmedia&parent=17415"}],"wp:term":[{"taxonomy":"category","embeddable":true,"href":"https:\/\/aconteceunovale.com.br\/portal\/index.php?rest_route=%2Fwp%2Fv2%2Fcategories&post=17415"},{"taxonomy":"post_tag","embeddable":true,"href":"https:\/\/aconteceunovale.com.br\/portal\/index.php?rest_route=%2Fwp%2Fv2%2Ftags&post=17415"}],"curies":[{"name":"wp","href":"https:\/\/api.w.org\/{rel}","templated":true}]}}