{"id":174082,"date":"2021-02-17T12:56:29","date_gmt":"2021-02-17T15:56:29","guid":{"rendered":"https:\/\/aconteceunovale.com.br\/portal\/?p=174082"},"modified":"2021-02-17T22:08:42","modified_gmt":"2021-02-18T01:08:42","slug":"suspeito-de-abusar-sexualmente-dos-proprios-filhos-e-preso-em-rio-vermelho","status":"publish","type":"post","link":"https:\/\/aconteceunovale.com.br\/portal\/?p=174082","title":{"rendered":"Suspeito de abusar sexualmente dos pr\u00f3prios filhos \u00e9 preso em Rio Vermelho"},"content":{"rendered":"\n<p>Na manh\u00e3 desta quarta-feira (17\/2\/2021), as pol\u00edcias Civil e Militar cumpriram, em Rio Vermelho, no Leste de Minas, mandado de pris\u00e3o preventiva contra um homem suspeito de estuprar e amea\u00e7ar a pr\u00f3pria filha, desde quando ela tinha 13 anos de idade. Ele tamb\u00e9m \u00e9 investigado pelo crime de satisfa\u00e7\u00e3o de lasc\u00edvia mediante a presen\u00e7a de seu outro filho, de 10.<\/p>\n\n\n\n<p>As investiga\u00e7\u00f5es tiveram in\u00edcio ap\u00f3s den\u00fancia an\u00f4nima, na qual foram relatados abusos sexuais por parte do homem, de 49 anos. Durante a apura\u00e7\u00e3o, foi verificada a proced\u00eancia das informa\u00e7\u00f5es, sendo constatados claros ind\u00edcios de que o suspeito, pai de oito filhos, estava praticando crimes sexuais contra esses. Uma das filhas, de 19 anos de idade, teria sido molestada desde os 13.<\/p>\n\n\n\n<p>Diante dos fatos, a PCMG representou pela pris\u00e3o preventiva do suspeito e a medida foi deferida pela Justi\u00e7a. \u201cA pris\u00e3o dele \u00e9 importante para que a integridade sexual das v\u00edtimas fosse assegurada, bem como para que outros elementos de informa\u00e7\u00e3o sejam formalizados sem coa\u00e7\u00e3o por parte do investigado, que \u00e9 pai das v\u00edtimas e morava na mesma casa com elas&#8221;, ressalta o delegado S\u00e1vio Assis Machado Moraes.<\/p>\n\n\n\n<p>Ainda de acordo com Moraes, no ano de 2014, tamb\u00e9m no munic\u00edpio de Rio Vermelho, o suspeito foi investigado, inclusive preso preventivamente, em virtude de crime de estupro de vulner\u00e1vel, que teria sido praticado contra outra filha que, \u00e0 \u00e9poca, tinha 14 anos.<\/p>\n\n\n\n<p>O suspeito foi encaminhado ao Sistema Prisional e se encontra \u00e0 disposi\u00e7\u00e3o da Justi\u00e7a. A PCMG prossegue com as investiga\u00e7\u00f5es.<\/p>\n\n\n\n<figure class=\"wp-block-gallery columns-1 is-cropped wp-block-gallery-1 is-layout-flex wp-block-gallery-is-layout-flex\"><ul class=\"blocks-gallery-grid\"><li class=\"blocks-gallery-item\"><figure><img loading=\"lazy\" decoding=\"async\" width=\"678\" height=\"382\" src=\"https:\/\/aconteceunovale.com.br\/portal\/wp-content\/uploads\/2021\/02\/policia_civil_rio_vermelho.jpeg\" alt=\"\" data-id=\"174116\" data-full-url=\"https:\/\/aconteceunovale.com.br\/portal\/wp-content\/uploads\/2021\/02\/policia_civil_rio_vermelho.jpeg\" data-link=\"https:\/\/aconteceunovale.com.br\/portal\/?attachment_id=174116\" class=\"wp-image-174116\" srcset=\"https:\/\/aconteceunovale.com.br\/portal\/wp-content\/uploads\/2021\/02\/policia_civil_rio_vermelho.jpeg 678w, https:\/\/aconteceunovale.com.br\/portal\/wp-content\/uploads\/2021\/02\/policia_civil_rio_vermelho-300x169.jpeg 300w\" sizes=\"auto, (max-width: 678px) 100vw, 678px\" \/><figcaption class=\"blocks-gallery-item__caption\"><em>Foto: Divulga\u00e7\u00e3o \/ PCMG<\/em><\/figcaption><\/figure><\/li><\/ul><\/figure>\n\n\n\n<p>&#8212;&#8212;&#8212;&#8212;&#8212;&#8212;<br><em>Quer receber as not\u00edcias do <strong>Aconteceu no Vale<\/strong> em primeira m\u00e3o? Siga-nos no Facebook <a rel=\"noreferrer noopener\" href=\"http:\/\/facebook.com\/aconteceunovale\" target=\"_blank\">@aconteceunovale<\/a>, Twitter <a rel=\"noreferrer noopener\" href=\"https:\/\/twitter.com\/noticiadosvales\" target=\"_blank\">@noticiadosvales<\/a> e Instagram <a rel=\"noreferrer noopener\" href=\"https:\/\/www.instagram.com\/aconteceunovale\" target=\"_blank\">@aconteceunovale<\/a>.<\/em><\/p>\n","protected":false},"excerpt":{"rendered":"<p>Na manh\u00e3 desta quarta-feira (17\/2\/2021), as pol\u00edcias Civil e Militar cumpriram, em Rio Vermelho, no Leste de Minas, mandado de pris\u00e3o preventiva contra um homem suspeito de estuprar e amea\u00e7ar a pr\u00f3pria filha, desde quando ela tinha 13 anos de idade. Ele tamb\u00e9m \u00e9 investigado pelo crime de satisfa\u00e7\u00e3o de lasc\u00edvia mediante a presen\u00e7a de [&hellip;]<\/p>\n","protected":false},"author":4,"featured_media":174116,"comment_status":"open","ping_status":"closed","sticky":false,"template":"","format":"standard","meta":{"amp_status":"","footnotes":""},"categories":[121],"tags":[221461,227291,237706,237707,44364,237705,237704,445,237703],"class_list":["post-174082","post","type-post","status-publish","format-standard","has-post-thumbnail","hentry","category-leste","tag-delegado-savio-assis-machado-moraes","tag-estuprador-preso-em-rio-vermelho","tag-pcmg-rio-vermelho","tag-pmmg-rio-vermelho","tag-preso-em-rio-vermelho","tag-preso-por-estuprar-filhos-em-rio-vermelho","tag-preso-por-estupro-em-rio-vermelho","tag-rio-vermelho","tag-suspeito-de-abusar-sexualmente-dos-proprios-filhos-e-preso-em-rio-vermelho"],"_links":{"self":[{"href":"https:\/\/aconteceunovale.com.br\/portal\/index.php?rest_route=\/wp\/v2\/posts\/174082","targetHints":{"allow":["GET"]}}],"collection":[{"href":"https:\/\/aconteceunovale.com.br\/portal\/index.php?rest_route=\/wp\/v2\/posts"}],"about":[{"href":"https:\/\/aconteceunovale.com.br\/portal\/index.php?rest_route=\/wp\/v2\/types\/post"}],"author":[{"embeddable":true,"href":"https:\/\/aconteceunovale.com.br\/portal\/index.php?rest_route=\/wp\/v2\/users\/4"}],"replies":[{"embeddable":true,"href":"https:\/\/aconteceunovale.com.br\/portal\/index.php?rest_route=%2Fwp%2Fv2%2Fcomments&post=174082"}],"version-history":[{"count":2,"href":"https:\/\/aconteceunovale.com.br\/portal\/index.php?rest_route=\/wp\/v2\/posts\/174082\/revisions"}],"predecessor-version":[{"id":174118,"href":"https:\/\/aconteceunovale.com.br\/portal\/index.php?rest_route=\/wp\/v2\/posts\/174082\/revisions\/174118"}],"wp:featuredmedia":[{"embeddable":true,"href":"https:\/\/aconteceunovale.com.br\/portal\/index.php?rest_route=\/wp\/v2\/media\/174116"}],"wp:attachment":[{"href":"https:\/\/aconteceunovale.com.br\/portal\/index.php?rest_route=%2Fwp%2Fv2%2Fmedia&parent=174082"}],"wp:term":[{"taxonomy":"category","embeddable":true,"href":"https:\/\/aconteceunovale.com.br\/portal\/index.php?rest_route=%2Fwp%2Fv2%2Fcategories&post=174082"},{"taxonomy":"post_tag","embeddable":true,"href":"https:\/\/aconteceunovale.com.br\/portal\/index.php?rest_route=%2Fwp%2Fv2%2Ftags&post=174082"}],"curies":[{"name":"wp","href":"https:\/\/api.w.org\/{rel}","templated":true}]}}