{"id":174063,"date":"2021-02-17T10:35:47","date_gmt":"2021-02-17T13:35:47","guid":{"rendered":"https:\/\/aconteceunovale.com.br\/portal\/?p=174063"},"modified":"2021-02-17T22:13:16","modified_gmt":"2021-02-18T01:13:16","slug":"onibus-que-seguia-de-nanuque-para-sao-paulo-pega-fogo-em-governador-valadares","status":"publish","type":"post","link":"https:\/\/aconteceunovale.com.br\/portal\/?p=174063","title":{"rendered":"\u00d4nibus que seguia de Nanuque para S\u00e3o Paulo pega fogo em Governador Valadares"},"content":{"rendered":"\n<p>Um \u00f4nibus da Via\u00e7\u00e3o Itapemirim, que saiu de Nanuque, no Vale do Mucuri, com destino a S\u00e3o Paulo, pegou fogo em Governador Valadares. A fuma\u00e7a do inc\u00eandio foi vista de v\u00e1rios pontos da cidade no fim da tarde desta ter\u00e7a-feira (16\/2\/2021).<\/p>\n\n\n\n<p>O \u00f4nibus modelo Paradiso G7 1200, equipado com chassi Mercedes-Benz 0-500 RSD, transportava 25 passageiros. Testemunhas informaram que o ve\u00edculo entrou no per\u00edmetro urbano de Governador Valadares, na BR-116, logo depois do trevo da BR-259, soltando muita fuma\u00e7a na parte traseira.<\/p>\n\n\n\n<p>Motoristas e motociclistas que viam a fuma\u00e7a e as chamas, come\u00e7aram a buzinar e acenar para o motorista do \u00f4nibus e para os passageiros, mostrando que o fogo j\u00e1 estava se alastrando. O motorista parou na margem da rodovia, no bairro Planalto, e acionou o Corpo de Bombeiros.<\/p>\n\n\n\n<p>Os passageiros desceram rapidamente do \u00f4nibus e conseguiram retirar as malas dos bagageiros e amontoar no acostamento da rodovia. O motorista, assustado, disse que a causa do fogo pode ter sido uma pane no sistema el\u00e9trico do ve\u00edculo.<\/p>\n\n\n\n<p>As viaturas do Corpo de Bombeiros chegaram rapidamente e os militares conseguiram controlar o fogo. Os passageiros ficaram na margem da BR-116 em um local que n\u00e3o havia como se proteger da chuva fina que come\u00e7ou a cair no in\u00edcio da noite em Governador Valadares.<\/p>\n\n\n\n<p>A empresa respons\u00e1vel pelo transporte providenciou um outro \u00f4nibus para continuar a viagem at\u00e9 S\u00e3o Paulo. As causas do inc\u00eandio ser\u00e3o apuradas.<\/p>\n\n\n\n<h2 class=\"wp-block-heading\"><strong>Fotos<\/strong><\/h2>\n\n\n\n<figure class=\"wp-block-gallery columns-1 is-cropped wp-block-gallery-1 is-layout-flex wp-block-gallery-is-layout-flex\"><ul class=\"blocks-gallery-grid\"><li class=\"blocks-gallery-item\"><figure><img loading=\"lazy\" decoding=\"async\" width=\"650\" height=\"427\" src=\"https:\/\/aconteceunovale.com.br\/portal\/wp-content\/uploads\/2021\/02\/incendio_bus_gv_2.jpg\" alt=\"\" data-id=\"174065\" data-full-url=\"https:\/\/aconteceunovale.com.br\/portal\/wp-content\/uploads\/2021\/02\/incendio_bus_gv_2.jpg\" data-link=\"https:\/\/aconteceunovale.com.br\/portal\/?attachment_id=174065\" class=\"wp-image-174065\" srcset=\"https:\/\/aconteceunovale.com.br\/portal\/wp-content\/uploads\/2021\/02\/incendio_bus_gv_2.jpg 650w, https:\/\/aconteceunovale.com.br\/portal\/wp-content\/uploads\/2021\/02\/incendio_bus_gv_2-300x197.jpg 300w, https:\/\/aconteceunovale.com.br\/portal\/wp-content\/uploads\/2021\/02\/incendio_bus_gv_2-639x420.jpg 639w\" sizes=\"auto, (max-width: 650px) 100vw, 650px\" \/><figcaption class=\"blocks-gallery-item__caption\"><em>Foto: Reprodu\u00e7\u00e3o \/ WhatsApp<\/em><\/figcaption><\/figure><\/li><li class=\"blocks-gallery-item\"><figure><img loading=\"lazy\" decoding=\"async\" width=\"650\" height=\"422\" src=\"https:\/\/aconteceunovale.com.br\/portal\/wp-content\/uploads\/2021\/02\/incendio_bus_gv_3.jpg\" alt=\"\" data-id=\"174064\" data-full-url=\"https:\/\/aconteceunovale.com.br\/portal\/wp-content\/uploads\/2021\/02\/incendio_bus_gv_3.jpg\" data-link=\"https:\/\/aconteceunovale.com.br\/portal\/?attachment_id=174064\" class=\"wp-image-174064\" srcset=\"https:\/\/aconteceunovale.com.br\/portal\/wp-content\/uploads\/2021\/02\/incendio_bus_gv_3.jpg 650w, https:\/\/aconteceunovale.com.br\/portal\/wp-content\/uploads\/2021\/02\/incendio_bus_gv_3-300x195.jpg 300w, https:\/\/aconteceunovale.com.br\/portal\/wp-content\/uploads\/2021\/02\/incendio_bus_gv_3-647x420.jpg 647w\" sizes=\"auto, (max-width: 650px) 100vw, 650px\" \/><figcaption class=\"blocks-gallery-item__caption\"><em>Foto: Reprodu\u00e7\u00e3o \/ WhatsApp<\/em><\/figcaption><\/figure><\/li><li class=\"blocks-gallery-item\"><figure><img loading=\"lazy\" decoding=\"async\" width=\"650\" height=\"439\" src=\"https:\/\/aconteceunovale.com.br\/portal\/wp-content\/uploads\/2021\/02\/incendio_bus_gv_1.jpg\" alt=\"\" data-id=\"174066\" data-full-url=\"https:\/\/aconteceunovale.com.br\/portal\/wp-content\/uploads\/2021\/02\/incendio_bus_gv_1.jpg\" data-link=\"https:\/\/aconteceunovale.com.br\/portal\/?attachment_id=174066\" class=\"wp-image-174066\" srcset=\"https:\/\/aconteceunovale.com.br\/portal\/wp-content\/uploads\/2021\/02\/incendio_bus_gv_1.jpg 650w, https:\/\/aconteceunovale.com.br\/portal\/wp-content\/uploads\/2021\/02\/incendio_bus_gv_1-300x203.jpg 300w, https:\/\/aconteceunovale.com.br\/portal\/wp-content\/uploads\/2021\/02\/incendio_bus_gv_1-622x420.jpg 622w\" sizes=\"auto, (max-width: 650px) 100vw, 650px\" \/><figcaption class=\"blocks-gallery-item__caption\"><em>Foto: Reprodu\u00e7\u00e3o \/ WhatsApp<\/em><\/figcaption><\/figure><\/li><\/ul><\/figure>\n\n\n\n<p>&#8212;&#8212;&#8212;&#8212;&#8212;&#8212;<br><em>Quer receber as not\u00edcias do <strong>Aconteceu no Vale<\/strong> em primeira m\u00e3o? Siga-nos no Facebook <a rel=\"noreferrer noopener\" href=\"http:\/\/facebook.com\/aconteceunovale\" target=\"_blank\">@aconteceunovale<\/a>, Twitter <a rel=\"noreferrer noopener\" href=\"https:\/\/twitter.com\/noticiadosvales\" target=\"_blank\">@noticiadosvales<\/a> e Instagram <a rel=\"noreferrer noopener\" href=\"https:\/\/www.instagram.com\/aconteceunovale\" target=\"_blank\">@aconteceunovale<\/a>.<\/em><\/p>\n","protected":false},"excerpt":{"rendered":"<p>Um \u00f4nibus da Via\u00e7\u00e3o Itapemirim, que saiu de Nanuque, no Vale do Mucuri, com destino a S\u00e3o Paulo, pegou fogo em Governador Valadares. A fuma\u00e7a do inc\u00eandio foi vista de v\u00e1rios pontos da cidade no fim da tarde desta ter\u00e7a-feira (16\/2\/2021). O \u00f4nibus modelo Paradiso G7 1200, equipado com chassi Mercedes-Benz 0-500 RSD, transportava 25 [&hellip;]<\/p>\n","protected":false},"author":4,"featured_media":174065,"comment_status":"open","ping_status":"closed","sticky":false,"template":"","format":"standard","meta":{"amp_status":"","footnotes":""},"categories":[121,122],"tags":[182,1018,237770,237771,18800,237668,205612,252,237669,237667,237670,146604,237665,237666,237664,2382,18801],"class_list":["post-174063","post","type-post","status-publish","format-standard","has-post-thumbnail","hentry","category-leste","category-mucuri","tag-br-116","tag-destaque","tag-emanuel-ferreira","tag-emanuel-ferreira-da-silva","tag-gv","tag-incendio-em-onibus-da-itapemirim","tag-incendio-em-onibus-em-governador-valadares","tag-nanuque","tag-onibus-da-itapemirim-pega-fogo","tag-onibus-da-itapemirim-pega-fogo-em-governador-valadares","tag-onibus-paradiso-g7-1200","tag-onibus-pega-fogo-na-br-116","tag-onibus-que-saiu-de-nanuque","tag-onibus-que-saiu-de-nanuque-e-seguia-para-sao-paulo","tag-onibus-que-seguia-de-nanuque-para-sao-paulo-pega-fogo-em-governador-valadares","tag-sao-paulo","tag-valadares"],"_links":{"self":[{"href":"https:\/\/aconteceunovale.com.br\/portal\/index.php?rest_route=\/wp\/v2\/posts\/174063","targetHints":{"allow":["GET"]}}],"collection":[{"href":"https:\/\/aconteceunovale.com.br\/portal\/index.php?rest_route=\/wp\/v2\/posts"}],"about":[{"href":"https:\/\/aconteceunovale.com.br\/portal\/index.php?rest_route=\/wp\/v2\/types\/post"}],"author":[{"embeddable":true,"href":"https:\/\/aconteceunovale.com.br\/portal\/index.php?rest_route=\/wp\/v2\/users\/4"}],"replies":[{"embeddable":true,"href":"https:\/\/aconteceunovale.com.br\/portal\/index.php?rest_route=%2Fwp%2Fv2%2Fcomments&post=174063"}],"version-history":[{"count":1,"href":"https:\/\/aconteceunovale.com.br\/portal\/index.php?rest_route=\/wp\/v2\/posts\/174063\/revisions"}],"predecessor-version":[{"id":174067,"href":"https:\/\/aconteceunovale.com.br\/portal\/index.php?rest_route=\/wp\/v2\/posts\/174063\/revisions\/174067"}],"wp:featuredmedia":[{"embeddable":true,"href":"https:\/\/aconteceunovale.com.br\/portal\/index.php?rest_route=\/wp\/v2\/media\/174065"}],"wp:attachment":[{"href":"https:\/\/aconteceunovale.com.br\/portal\/index.php?rest_route=%2Fwp%2Fv2%2Fmedia&parent=174063"}],"wp:term":[{"taxonomy":"category","embeddable":true,"href":"https:\/\/aconteceunovale.com.br\/portal\/index.php?rest_route=%2Fwp%2Fv2%2Fcategories&post=174063"},{"taxonomy":"post_tag","embeddable":true,"href":"https:\/\/aconteceunovale.com.br\/portal\/index.php?rest_route=%2Fwp%2Fv2%2Ftags&post=174063"}],"curies":[{"name":"wp","href":"https:\/\/api.w.org\/{rel}","templated":true}]}}