{"id":174057,"date":"2021-02-17T10:01:51","date_gmt":"2021-02-17T13:01:51","guid":{"rendered":"https:\/\/aconteceunovale.com.br\/portal\/?p=174057"},"modified":"2021-02-17T22:12:41","modified_gmt":"2021-02-18T01:12:41","slug":"homem-morre-em-acidente-no-municipio-de-sardoa","status":"publish","type":"post","link":"https:\/\/aconteceunovale.com.br\/portal\/?p=174057","title":{"rendered":"Homem morre em acidente no munic\u00edpio de Sardo\u00e1"},"content":{"rendered":"\n<p>Um homem de 30 anos morreu em um acidente na MGC-259, no munic\u00edpio de Sardo\u00e1, no final da tarde dessa ter\u00e7a-feira (16\/2\/2021). De acordo com informa\u00e7\u00f5es da Pol\u00edcia Militar Rodovi\u00e1ria, Emanuel Ferreira conduzia um Toyota Corolla, GKS-3934 &#8211; Governador Valadares\/MG, quando perdeu o controle da dire\u00e7\u00e3o na altura do km 232 da rodovia.<\/p>\n\n\n\n<p>O carro saiu da pista e colidiu violentamente contra uma \u00e1rvore. Emanuel ficou preso \u00e0s ferragens e morreu no local.<\/p>\n\n\n\n<p>Uma Ford Ranger, que transitava na dire\u00e7\u00e3o contr\u00e1ria, capotou ap\u00f3s o condutor desviar do Corolla. Dois ocupantes do ve\u00edculo foram resgatados com ferimentos leves.<\/p>\n\n\n\n<p>As causas do acidente ser\u00e3o apuradas.<\/p>\n\n\n\n<figure class=\"wp-block-gallery columns-1 is-cropped wp-block-gallery-1 is-layout-flex wp-block-gallery-is-layout-flex\"><ul class=\"blocks-gallery-grid\"><li class=\"blocks-gallery-item\"><figure><img loading=\"lazy\" decoding=\"async\" width=\"678\" height=\"439\" src=\"https:\/\/aconteceunovale.com.br\/portal\/wp-content\/uploads\/2021\/02\/acidente_sardoa_1.jpg\" alt=\"\" data-id=\"174061\" data-full-url=\"https:\/\/aconteceunovale.com.br\/portal\/wp-content\/uploads\/2021\/02\/acidente_sardoa_1.jpg\" data-link=\"https:\/\/aconteceunovale.com.br\/portal\/?attachment_id=174061\" class=\"wp-image-174061\" srcset=\"https:\/\/aconteceunovale.com.br\/portal\/wp-content\/uploads\/2021\/02\/acidente_sardoa_1.jpg 678w, https:\/\/aconteceunovale.com.br\/portal\/wp-content\/uploads\/2021\/02\/acidente_sardoa_1-300x194.jpg 300w, https:\/\/aconteceunovale.com.br\/portal\/wp-content\/uploads\/2021\/02\/acidente_sardoa_1-649x420.jpg 649w\" sizes=\"auto, (max-width: 678px) 100vw, 678px\" \/><figcaption class=\"blocks-gallery-item__caption\"><em>Foto: Reprodu\u00e7\u00e3o \/ WhatsApp<\/em><\/figcaption><\/figure><\/li><li class=\"blocks-gallery-item\"><figure><img loading=\"lazy\" decoding=\"async\" width=\"678\" height=\"389\" src=\"https:\/\/aconteceunovale.com.br\/portal\/wp-content\/uploads\/2021\/02\/acidente_sardoa_3.jpg\" alt=\"\" data-id=\"174059\" data-full-url=\"https:\/\/aconteceunovale.com.br\/portal\/wp-content\/uploads\/2021\/02\/acidente_sardoa_3.jpg\" data-link=\"https:\/\/aconteceunovale.com.br\/portal\/?attachment_id=174059\" class=\"wp-image-174059\" srcset=\"https:\/\/aconteceunovale.com.br\/portal\/wp-content\/uploads\/2021\/02\/acidente_sardoa_3.jpg 678w, https:\/\/aconteceunovale.com.br\/portal\/wp-content\/uploads\/2021\/02\/acidente_sardoa_3-300x172.jpg 300w\" sizes=\"auto, (max-width: 678px) 100vw, 678px\" \/><figcaption class=\"blocks-gallery-item__caption\"><em>Foto: Reprodu\u00e7\u00e3o \/ WhatsApp<\/em><\/figcaption><\/figure><\/li><li class=\"blocks-gallery-item\"><figure><img loading=\"lazy\" decoding=\"async\" width=\"678\" height=\"420\" src=\"https:\/\/aconteceunovale.com.br\/portal\/wp-content\/uploads\/2021\/02\/acidente_sardoa_2.jpg\" alt=\"\" data-id=\"174060\" data-full-url=\"https:\/\/aconteceunovale.com.br\/portal\/wp-content\/uploads\/2021\/02\/acidente_sardoa_2.jpg\" data-link=\"https:\/\/aconteceunovale.com.br\/portal\/?attachment_id=174060\" class=\"wp-image-174060\" srcset=\"https:\/\/aconteceunovale.com.br\/portal\/wp-content\/uploads\/2021\/02\/acidente_sardoa_2.jpg 678w, https:\/\/aconteceunovale.com.br\/portal\/wp-content\/uploads\/2021\/02\/acidente_sardoa_2-300x186.jpg 300w, https:\/\/aconteceunovale.com.br\/portal\/wp-content\/uploads\/2021\/02\/acidente_sardoa_2-356x220.jpg 356w\" sizes=\"auto, (max-width: 678px) 100vw, 678px\" \/><figcaption class=\"blocks-gallery-item__caption\"><em>Foto: Reprodu\u00e7\u00e3o \/ WhatsApp<\/em><\/figcaption><\/figure><\/li><li class=\"blocks-gallery-item\"><figure><img loading=\"lazy\" decoding=\"async\" width=\"678\" height=\"450\" src=\"https:\/\/aconteceunovale.com.br\/portal\/wp-content\/uploads\/2021\/02\/acidente_sardoa_4.jpg\" alt=\"\" data-id=\"174058\" data-full-url=\"https:\/\/aconteceunovale.com.br\/portal\/wp-content\/uploads\/2021\/02\/acidente_sardoa_4.jpg\" data-link=\"https:\/\/aconteceunovale.com.br\/portal\/?attachment_id=174058\" class=\"wp-image-174058\" srcset=\"https:\/\/aconteceunovale.com.br\/portal\/wp-content\/uploads\/2021\/02\/acidente_sardoa_4.jpg 678w, https:\/\/aconteceunovale.com.br\/portal\/wp-content\/uploads\/2021\/02\/acidente_sardoa_4-300x199.jpg 300w, https:\/\/aconteceunovale.com.br\/portal\/wp-content\/uploads\/2021\/02\/acidente_sardoa_4-633x420.jpg 633w\" sizes=\"auto, (max-width: 678px) 100vw, 678px\" \/><figcaption class=\"blocks-gallery-item__caption\"><em>Foto: Reprodu\u00e7\u00e3o \/ WhatsApp<\/em><\/figcaption><\/figure><\/li><\/ul><\/figure>\n\n\n\n<p>&#8212;&#8212;&#8212;&#8212;&#8212;&#8212;<br><em>Quer receber as not\u00edcias do <strong>Aconteceu no Vale<\/strong> em primeira m\u00e3o? Siga-nos no Facebook <a rel=\"noreferrer noopener\" href=\"http:\/\/facebook.com\/aconteceunovale\" target=\"_blank\">@aconteceunovale<\/a>, Twitter <a rel=\"noreferrer noopener\" href=\"https:\/\/twitter.com\/noticiadosvales\" target=\"_blank\">@noticiadosvales<\/a> e Instagram <a rel=\"noreferrer noopener\" href=\"https:\/\/www.instagram.com\/aconteceunovale\" target=\"_blank\">@aconteceunovale<\/a>.<\/em><\/p>\n","protected":false},"excerpt":{"rendered":"<p>Um homem de 30 anos morreu em um acidente na MGC-259, no munic\u00edpio de Sardo\u00e1, no final da tarde dessa ter\u00e7a-feira (16\/2\/2021). De acordo com informa\u00e7\u00f5es da Pol\u00edcia Militar Rodovi\u00e1ria, Emanuel Ferreira conduzia um Toyota Corolla, GKS-3934 &#8211; Governador Valadares\/MG, quando perdeu o controle da dire\u00e7\u00e3o na altura do km 232 da rodovia. O carro [&hellip;]<\/p>\n","protected":false},"author":4,"featured_media":174061,"comment_status":"open","ping_status":"closed","sticky":false,"template":"","format":"standard","meta":{"amp_status":"","footnotes":""},"categories":[121],"tags":[23500,228552,237660,167166,237659,167168,71975,1018,237663,247,237662,156297,237661,107905,3992],"class_list":["post-174057","post","type-post","status-publish","format-standard","has-post-thumbnail","hentry","category-leste","tag-acidente-com-carro-de-governador-valadares","tag-acidente-com-corolla-de-governador-valadares","tag-acidente-com-moradores-de-sao-domingos-do-norte","tag-acidente-em-sardoa","tag-acidente-ford-ranger-sao-domingos-do-norte","tag-acidente-perto-de-sardoa","tag-br-259","tag-destaque","tag-emanuel-ferreira-dos-santos","tag-governador-valadares","tag-homem-morre-em-acidente-na-br-259","tag-homem-morre-em-acidente-na-mgc-259","tag-homem-morre-em-acidente-no-municipio-de-sardoa","tag-mgc-259","tag-sao-domingos-do-norte"],"_links":{"self":[{"href":"https:\/\/aconteceunovale.com.br\/portal\/index.php?rest_route=\/wp\/v2\/posts\/174057","targetHints":{"allow":["GET"]}}],"collection":[{"href":"https:\/\/aconteceunovale.com.br\/portal\/index.php?rest_route=\/wp\/v2\/posts"}],"about":[{"href":"https:\/\/aconteceunovale.com.br\/portal\/index.php?rest_route=\/wp\/v2\/types\/post"}],"author":[{"embeddable":true,"href":"https:\/\/aconteceunovale.com.br\/portal\/index.php?rest_route=\/wp\/v2\/users\/4"}],"replies":[{"embeddable":true,"href":"https:\/\/aconteceunovale.com.br\/portal\/index.php?rest_route=%2Fwp%2Fv2%2Fcomments&post=174057"}],"version-history":[{"count":2,"href":"https:\/\/aconteceunovale.com.br\/portal\/index.php?rest_route=\/wp\/v2\/posts\/174057\/revisions"}],"predecessor-version":[{"id":174119,"href":"https:\/\/aconteceunovale.com.br\/portal\/index.php?rest_route=\/wp\/v2\/posts\/174057\/revisions\/174119"}],"wp:featuredmedia":[{"embeddable":true,"href":"https:\/\/aconteceunovale.com.br\/portal\/index.php?rest_route=\/wp\/v2\/media\/174061"}],"wp:attachment":[{"href":"https:\/\/aconteceunovale.com.br\/portal\/index.php?rest_route=%2Fwp%2Fv2%2Fmedia&parent=174057"}],"wp:term":[{"taxonomy":"category","embeddable":true,"href":"https:\/\/aconteceunovale.com.br\/portal\/index.php?rest_route=%2Fwp%2Fv2%2Fcategories&post=174057"},{"taxonomy":"post_tag","embeddable":true,"href":"https:\/\/aconteceunovale.com.br\/portal\/index.php?rest_route=%2Fwp%2Fv2%2Ftags&post=174057"}],"curies":[{"name":"wp","href":"https:\/\/api.w.org\/{rel}","templated":true}]}}