{"id":17404,"date":"2014-01-02T17:19:07","date_gmt":"2014-01-02T19:19:07","guid":{"rendered":"http:\/\/aconteceunovale.com.br\/portal\/?p=17404"},"modified":"2014-01-02T17:19:24","modified_gmt":"2014-01-02T19:19:24","slug":"menor-e-apreendido-com-uma-carabina-em-almenara","status":"publish","type":"post","link":"https:\/\/aconteceunovale.com.br\/portal\/?p=17404","title":{"rendered":"Menor \u00e9 apreendido com uma carabina em Almenara"},"content":{"rendered":"<p>Um adolescente de 17 anos foi apreendido por um Policial Militar que estava em hor\u00e1rio de folga na noite da \u00faltima ter\u00e7a-feira (31\/12) em Almenara\/MG, no Vale do Jequitinhonha.<\/p>\n<p>O Soldado Diego transitava pelo bairro Tereza Cristina quando avistou dois rapazes em uma bicicleta, sendo que um deles portava uma arma de fogo embaixo da camisa.<\/p>\n<p>Ao perceberem a presen\u00e7a do policial, os suspeitos jogaram uma carabina calibre 44 no ch\u00e3o e  fugiram.<br \/>\nUm dos rapazes foi encontrado pelo policial dentro de uma resid\u00eancia enquanto tentava se esconder.<\/p>\n<p>Com ele  foram encontrados um rel\u00f3gio e um suporte de bolsa que haviam sido furtados. Os objetos foram reconhecidos pela v\u00edtima do furto, que reconheceu tamb\u00e9m a carabina, que seria do pai dele j\u00e1 falecido.<\/p>\n<p><img decoding=\"async\" src=\"http:\/\/aconteceunovale.com.br\/portal\/wp-content\/uploads\/2014\/01\/carabina_presa_almenara.jpg\" alt=\"\" \/><br \/>\nFoto: Pol\u00edcia Militar<\/p>\n","protected":false},"excerpt":{"rendered":"<p>Um adolescente de 17 anos foi apreendido por um Policial Militar que estava em hor\u00e1rio de folga na noite da \u00faltima ter\u00e7a-feira (31\/12) em Almenara\/MG, no Vale do Jequitinhonha. O Soldado Diego transitava pelo bairro Tereza Cristina quando avistou dois rapazes em uma bicicleta, sendo que um deles portava uma arma de fogo embaixo da [&hellip;]<\/p>\n","protected":false},"author":1,"featured_media":0,"comment_status":"open","ping_status":"closed","sticky":false,"template":"","format":"standard","meta":{"amp_status":"","footnotes":""},"categories":[120],"tags":[142,2400],"class_list":["post-17404","post","type-post","status-publish","format-standard","hentry","category-jequi","tag-almenara","tag-menor-e-apreendido-com-uma-carabina-em-almenara"],"_links":{"self":[{"href":"https:\/\/aconteceunovale.com.br\/portal\/index.php?rest_route=\/wp\/v2\/posts\/17404","targetHints":{"allow":["GET"]}}],"collection":[{"href":"https:\/\/aconteceunovale.com.br\/portal\/index.php?rest_route=\/wp\/v2\/posts"}],"about":[{"href":"https:\/\/aconteceunovale.com.br\/portal\/index.php?rest_route=\/wp\/v2\/types\/post"}],"author":[{"embeddable":true,"href":"https:\/\/aconteceunovale.com.br\/portal\/index.php?rest_route=\/wp\/v2\/users\/1"}],"replies":[{"embeddable":true,"href":"https:\/\/aconteceunovale.com.br\/portal\/index.php?rest_route=%2Fwp%2Fv2%2Fcomments&post=17404"}],"version-history":[{"count":0,"href":"https:\/\/aconteceunovale.com.br\/portal\/index.php?rest_route=\/wp\/v2\/posts\/17404\/revisions"}],"wp:attachment":[{"href":"https:\/\/aconteceunovale.com.br\/portal\/index.php?rest_route=%2Fwp%2Fv2%2Fmedia&parent=17404"}],"wp:term":[{"taxonomy":"category","embeddable":true,"href":"https:\/\/aconteceunovale.com.br\/portal\/index.php?rest_route=%2Fwp%2Fv2%2Fcategories&post=17404"},{"taxonomy":"post_tag","embeddable":true,"href":"https:\/\/aconteceunovale.com.br\/portal\/index.php?rest_route=%2Fwp%2Fv2%2Ftags&post=17404"}],"curies":[{"name":"wp","href":"https:\/\/api.w.org\/{rel}","templated":true}]}}