{"id":174023,"date":"2021-02-16T18:14:51","date_gmt":"2021-02-16T21:14:51","guid":{"rendered":"https:\/\/aconteceunovale.com.br\/portal\/?p=174023"},"modified":"2021-02-16T18:21:53","modified_gmt":"2021-02-16T21:21:53","slug":"familia-de-santa-maria-do-suacui-registra-desaparecimento-e-policia-civil-descobre-que-homem-esta-preso","status":"publish","type":"post","link":"https:\/\/aconteceunovale.com.br\/portal\/?p=174023","title":{"rendered":"Fam\u00edlia de Santa Maria do Sua\u00e7u\u00ed registra desaparecimento e Pol\u00edcia Civil descobre que homem est\u00e1 preso no Rio"},"content":{"rendered":"\n<p>A Pol\u00edcia Civil de Minas Gerais (PCMG) localizou, ontem (15\/2\/2021), no Estado do Rio de Janeiro, um homem que, em tese, estava desaparecido desde o dia 10 de fevereiro deste ano. Ap\u00f3s investiga\u00e7\u00f5es, segundo nota divulgada na tarde desta ter\u00e7a-feira (16), foi verificado que ele est\u00e1 em uma unidade prisional por envolvimento com o tr\u00e1fico de drogas. O flagrante ocorreu no munic\u00edpio de Petr\u00f3polis (RJ).<\/p>\n\n\n\n<p>De acordo com familiares, que registraram o desaparecimento do homem, ele \u00e9 taxista na cidade de Santa Maria do Sua\u00e7u\u00ed, regi\u00e3o Leste de Minas, e teria ido para Belo Horizonte fazer uma corrida. No \u00faltimo contato feito com a fam\u00edlia, o motorista afirmou que estava na capital mineira.<\/p>\n\n\n\n<p>Durante as apura\u00e7\u00f5es, conduzidas pela equipe da Delegacia de Pol\u00edcia Civil em Santa Maria do Sua\u00e7u\u00ed, foram realizados diversos levantamentos, com o emprego de t\u00e9cnicas de investiga\u00e7\u00e3o e intelig\u00eancia policial, que constataram atitudes suspeitas do homem. Conforme levantado, ele teria ido pelo menos duas vezes ao Rio de Janeiro, em menos de uma semana.<\/p>\n\n\n\n<p>Dando continuidade \u00e0 investiga\u00e7\u00e3o, a equipe comprovou a pris\u00e3o do taxista em Petr\u00f3polis. Ele foi flagrado, no dia 11 de fevereiro, quando tentava retornar para Santa Maria do Sua\u00e7u\u00ed transportando entorpecentes.<\/p>\n\n\n\n<p>O homem permanece preso no Rio de Janeiro e est\u00e1 \u00e0 disposi\u00e7\u00e3o da Justi\u00e7a.<\/p>\n\n\n\n<p>&#8212;&#8212;&#8212;&#8212;&#8212;&#8212;<br><em>Quer receber as not\u00edcias do <strong>Aconteceu no Vale<\/strong> em primeira m\u00e3o? Siga-nos no Facebook <a rel=\"noreferrer noopener\" href=\"http:\/\/facebook.com\/aconteceunovale\" target=\"_blank\">@aconteceunovale<\/a>, Twitter <a rel=\"noreferrer noopener\" href=\"https:\/\/twitter.com\/noticiadosvales\" target=\"_blank\">@noticiadosvales<\/a> e Instagram <a rel=\"noreferrer noopener\" href=\"https:\/\/www.instagram.com\/aconteceunovale\" target=\"_blank\">@aconteceunovale<\/a>.<\/em><\/p>\n","protected":false},"excerpt":{"rendered":"<p>A Pol\u00edcia Civil de Minas Gerais (PCMG) localizou, ontem (15\/2\/2021), no Estado do Rio de Janeiro, um homem que, em tese, estava desaparecido desde o dia 10 de fevereiro deste ano. Ap\u00f3s investiga\u00e7\u00f5es, segundo nota divulgada na tarde desta ter\u00e7a-feira (16), foi verificado que ele est\u00e1 em uma unidade prisional por envolvimento com o tr\u00e1fico [&hellip;]<\/p>\n","protected":false},"author":4,"featured_media":102361,"comment_status":"open","ping_status":"closed","sticky":false,"template":"","format":"standard","meta":{"amp_status":"","footnotes":""},"categories":[6,121],"tags":[1018,237614,604,10897,237616,240,237615,237618,237617,237619],"class_list":["post-174023","post","type-post","status-publish","format-standard","has-post-thumbnail","hentry","category-br","category-leste","tag-destaque","tag-familia-de-santa-maria-do-suacui-registra-desaparecimento-e-policia-civil-descobre-que-homem-esta-preso","tag-pcmg","tag-petropolis","tag-prisao-de-taxista-de-santa-maria-do-suacui","tag-santa-maria-do-suacui","tag-taxista-de-santa-maria-do-suacui","tag-taxista-de-santa-maria-do-suacui-e-preso-em-petropolis","tag-taxista-de-santa-maria-do-suacui-e-preso-no-rio-de-janeiro","tag-taxista-preso-em-petropolis"],"_links":{"self":[{"href":"https:\/\/aconteceunovale.com.br\/portal\/index.php?rest_route=\/wp\/v2\/posts\/174023","targetHints":{"allow":["GET"]}}],"collection":[{"href":"https:\/\/aconteceunovale.com.br\/portal\/index.php?rest_route=\/wp\/v2\/posts"}],"about":[{"href":"https:\/\/aconteceunovale.com.br\/portal\/index.php?rest_route=\/wp\/v2\/types\/post"}],"author":[{"embeddable":true,"href":"https:\/\/aconteceunovale.com.br\/portal\/index.php?rest_route=\/wp\/v2\/users\/4"}],"replies":[{"embeddable":true,"href":"https:\/\/aconteceunovale.com.br\/portal\/index.php?rest_route=%2Fwp%2Fv2%2Fcomments&post=174023"}],"version-history":[{"count":3,"href":"https:\/\/aconteceunovale.com.br\/portal\/index.php?rest_route=\/wp\/v2\/posts\/174023\/revisions"}],"predecessor-version":[{"id":174027,"href":"https:\/\/aconteceunovale.com.br\/portal\/index.php?rest_route=\/wp\/v2\/posts\/174023\/revisions\/174027"}],"wp:featuredmedia":[{"embeddable":true,"href":"https:\/\/aconteceunovale.com.br\/portal\/index.php?rest_route=\/wp\/v2\/media\/102361"}],"wp:attachment":[{"href":"https:\/\/aconteceunovale.com.br\/portal\/index.php?rest_route=%2Fwp%2Fv2%2Fmedia&parent=174023"}],"wp:term":[{"taxonomy":"category","embeddable":true,"href":"https:\/\/aconteceunovale.com.br\/portal\/index.php?rest_route=%2Fwp%2Fv2%2Fcategories&post=174023"},{"taxonomy":"post_tag","embeddable":true,"href":"https:\/\/aconteceunovale.com.br\/portal\/index.php?rest_route=%2Fwp%2Fv2%2Ftags&post=174023"}],"curies":[{"name":"wp","href":"https:\/\/api.w.org\/{rel}","templated":true}]}}