{"id":174020,"date":"2021-02-16T18:03:21","date_gmt":"2021-02-16T21:03:21","guid":{"rendered":"https:\/\/aconteceunovale.com.br\/portal\/?p=174020"},"modified":"2021-02-16T18:04:10","modified_gmt":"2021-02-16T21:04:10","slug":"operacao-arcanjo-reprime-crimes-contra-criancas-e-adolescentes-em-governador-valadares","status":"publish","type":"post","link":"https:\/\/aconteceunovale.com.br\/portal\/?p=174020","title":{"rendered":"Opera\u00e7\u00e3o Arcanjo reprime crimes contra crian\u00e7as e adolescentes em Governador Valadares"},"content":{"rendered":"\n<p>A Pol\u00edcia Civil de Minas Gerais (PCMG) deflagrou nesta ter\u00e7a-feira (16\/2\/2021), em Governador Valadares, a opera\u00e7\u00e3o Arcanjo. A a\u00e7\u00e3o teve como principal objetivo o cumprimento mandado de pris\u00e3o preventiva contra um homem, de 34 anos, suspeito de cometer estupro de vulner\u00e1vel.<\/p>\n\n\n\n<p>De acordo com as investiga\u00e7\u00f5es, no dia 30 de janeiro de 2021, o suspeito, que era namorado da m\u00e3e da v\u00edtima, teria se aproveitado que a mulher n\u00e3o estava em casa, entrado na resid\u00eancia e abusado de uma crian\u00e7a de 11 anos. Com medo, a menor somente relatou o ocorrido \u00e0 m\u00e3e no dia 3 de fevereiro.<\/p>\n\n\n\n<p>Segundo a delegada Carolina Bomfim, o nome da a\u00e7\u00e3o faz refer\u00eancia ao Arcanjo Gabriel, protetor das crian\u00e7as e adolescentes. \u201cEsta \u00e9 a primeira fase da opera\u00e7\u00e3o Arcanjo, que visa \u00e0 execu\u00e7\u00e3o de diversas medidas cautelares e de pris\u00e3o com a finalidade de reprimir e prevenir a pr\u00e1tica de infra\u00e7\u00f5es penais em desfavor de crian\u00e7as e adolescentes\u201d, ressalta.<\/p>\n\n\n\n<p>O suspeito foi encaminhado ao Sistema Prisional e est\u00e1 \u00e0 disposi\u00e7\u00e3o da Justi\u00e7a.<\/p>\n\n\n\n<figure class=\"wp-block-gallery columns-1 is-cropped wp-block-gallery-1 is-layout-flex wp-block-gallery-is-layout-flex\"><ul class=\"blocks-gallery-grid\"><li class=\"blocks-gallery-item\"><figure><img loading=\"lazy\" decoding=\"async\" width=\"678\" height=\"381\" src=\"https:\/\/aconteceunovale.com.br\/portal\/wp-content\/uploads\/2021\/02\/pcmg_valadares.jpeg\" alt=\"\" data-id=\"174021\" data-full-url=\"https:\/\/aconteceunovale.com.br\/portal\/wp-content\/uploads\/2021\/02\/pcmg_valadares.jpeg\" data-link=\"https:\/\/aconteceunovale.com.br\/portal\/?attachment_id=174021\" class=\"wp-image-174021\" srcset=\"https:\/\/aconteceunovale.com.br\/portal\/wp-content\/uploads\/2021\/02\/pcmg_valadares.jpeg 678w, https:\/\/aconteceunovale.com.br\/portal\/wp-content\/uploads\/2021\/02\/pcmg_valadares-300x169.jpeg 300w\" sizes=\"auto, (max-width: 678px) 100vw, 678px\" \/><figcaption class=\"blocks-gallery-item__caption\"><em>Foto: Divulga\u00e7\u00e3o\/PCMG<\/em><\/figcaption><\/figure><\/li><\/ul><\/figure>\n\n\n\n<p>&#8212;&#8212;&#8212;&#8212;&#8212;&#8212;<br><em>Quer receber as not\u00edcias do <strong>Aconteceu no Vale<\/strong> em primeira m\u00e3o? Siga-nos no Facebook <a rel=\"noreferrer noopener\" href=\"http:\/\/facebook.com\/aconteceunovale\" target=\"_blank\">@aconteceunovale<\/a>, Twitter <a rel=\"noreferrer noopener\" href=\"https:\/\/twitter.com\/noticiadosvales\" target=\"_blank\">@noticiadosvales<\/a> e Instagram <a rel=\"noreferrer noopener\" href=\"https:\/\/www.instagram.com\/aconteceunovale\" target=\"_blank\">@aconteceunovale<\/a>.<\/em><\/p>\n","protected":false},"excerpt":{"rendered":"<p>A Pol\u00edcia Civil de Minas Gerais (PCMG) deflagrou nesta ter\u00e7a-feira (16\/2\/2021), em Governador Valadares, a opera\u00e7\u00e3o Arcanjo. A a\u00e7\u00e3o teve como principal objetivo o cumprimento mandado de pris\u00e3o preventiva contra um homem, de 34 anos, suspeito de cometer estupro de vulner\u00e1vel. De acordo com as investiga\u00e7\u00f5es, no dia 30 de janeiro de 2021, o suspeito, [&hellip;]<\/p>\n","protected":false},"author":4,"featured_media":174021,"comment_status":"open","ping_status":"closed","sticky":false,"template":"","format":"standard","meta":{"amp_status":"","footnotes":""},"categories":[121],"tags":[237613,174181,237611,247,237609,237608,233142,42590,48037,237610,237612],"class_list":["post-174020","post","type-post","status-publish","format-standard","has-post-thumbnail","hentry","category-leste","tag-delegada-carolina-bomfim","tag-estuprador-preso-em-governador-valadares","tag-estupro-de-vulneravel-em-governador-valadares","tag-governador-valadares","tag-operacao-arcanjo-em-governador-valadares","tag-operacao-arcanjo-reprime-crimes-contra-criancas-e-adolescentes-em-governador-valadares","tag-pcmg-governador-valadares","tag-policia-civil-de-governador-valadares","tag-preso-em-governador-valadares","tag-preso-por-estupro-de-vulneravel-em-governador-valadares","tag-prisao-de-estuprador-em-governador-valadares"],"_links":{"self":[{"href":"https:\/\/aconteceunovale.com.br\/portal\/index.php?rest_route=\/wp\/v2\/posts\/174020","targetHints":{"allow":["GET"]}}],"collection":[{"href":"https:\/\/aconteceunovale.com.br\/portal\/index.php?rest_route=\/wp\/v2\/posts"}],"about":[{"href":"https:\/\/aconteceunovale.com.br\/portal\/index.php?rest_route=\/wp\/v2\/types\/post"}],"author":[{"embeddable":true,"href":"https:\/\/aconteceunovale.com.br\/portal\/index.php?rest_route=\/wp\/v2\/users\/4"}],"replies":[{"embeddable":true,"href":"https:\/\/aconteceunovale.com.br\/portal\/index.php?rest_route=%2Fwp%2Fv2%2Fcomments&post=174020"}],"version-history":[{"count":1,"href":"https:\/\/aconteceunovale.com.br\/portal\/index.php?rest_route=\/wp\/v2\/posts\/174020\/revisions"}],"predecessor-version":[{"id":174022,"href":"https:\/\/aconteceunovale.com.br\/portal\/index.php?rest_route=\/wp\/v2\/posts\/174020\/revisions\/174022"}],"wp:featuredmedia":[{"embeddable":true,"href":"https:\/\/aconteceunovale.com.br\/portal\/index.php?rest_route=\/wp\/v2\/media\/174021"}],"wp:attachment":[{"href":"https:\/\/aconteceunovale.com.br\/portal\/index.php?rest_route=%2Fwp%2Fv2%2Fmedia&parent=174020"}],"wp:term":[{"taxonomy":"category","embeddable":true,"href":"https:\/\/aconteceunovale.com.br\/portal\/index.php?rest_route=%2Fwp%2Fv2%2Fcategories&post=174020"},{"taxonomy":"post_tag","embeddable":true,"href":"https:\/\/aconteceunovale.com.br\/portal\/index.php?rest_route=%2Fwp%2Fv2%2Ftags&post=174020"}],"curies":[{"name":"wp","href":"https:\/\/api.w.org\/{rel}","templated":true}]}}