{"id":174017,"date":"2021-02-16T17:55:55","date_gmt":"2021-02-16T20:55:55","guid":{"rendered":"https:\/\/aconteceunovale.com.br\/portal\/?p=174017"},"modified":"2021-02-16T17:57:07","modified_gmt":"2021-02-16T20:57:07","slug":"policia-civil-prende-homem-apontado-como-lider-do-trafico-em-bairro-de-diamantina","status":"publish","type":"post","link":"https:\/\/aconteceunovale.com.br\/portal\/?p=174017","title":{"rendered":"Pol\u00edcia Civil prende homem apontado como l\u00edder do tr\u00e1fico em bairro de Diamantina"},"content":{"rendered":"\n<p>A Pol\u00edcia Civil de Minas Gerais (PCMG) prendeu, em Diamantina, no Vale do Jequitinhonha, um homem suspeito de liderar um esquema voltado para distribui\u00e7\u00e3o de drogas, com atua\u00e7\u00e3o no bairro Bela Vista. Os mandados de pris\u00e3o preventiva e de busca e apreens\u00e3o contra o investigado, de 45 anos, foram cumpridos durante a opera\u00e7\u00e3o Fundo de Quintal, deflagrada no \u00faltimo domingo (14\/2\/2021). Ele foi localizado em casa.<\/p>\n\n\n\n<p>O trabalho investigativo aponta que o tr\u00e1fico de drogas ocorria em um local de mata, nos limites dos bairros Bela Vista e Jardim Imperial, onde s\u00e3o criados animais. De acordo com o delegado Juliano Alencar, as apura\u00e7\u00f5es indicam que o l\u00edder do grupo e demais suspeitos de envolvimento no com\u00e9rcio de drogas aproveitavam a situa\u00e7\u00e3o, passando-se por prestadores de servi\u00e7o, para desviar o foco da atividade il\u00edcita praticada ali.<\/p>\n\n\n\n<p>Os levantamos da equipe come\u00e7aram h\u00e1 quatro meses, sendo que entre janeiro e fevereiro as a\u00e7\u00f5es foram intensificadas no local, com resultados relevantes para o procedimento investigat\u00f3rio, como a apreens\u00e3o de maconha e crack, em tabletes e por\u00e7\u00f5es j\u00e1 fracionadas, al\u00e9m de materiais de interesse da investiga\u00e7\u00e3o, a exemplo de aparelhos celulares e apetrechos para separa\u00e7\u00e3o e distribui\u00e7\u00e3o. Ainda foi poss\u00edvel identificar e verificar a participa\u00e7\u00e3o de envolvidos no grupo criminoso.<\/p>\n\n\n\n<p>Conforme conta o delegado, foi observada a utiliza\u00e7\u00e3o de adolescentes nas atividades de venda de drogas. &#8220;Por essa raz\u00e3o, as apreens\u00f5es deles com subst\u00e2ncias tornaram-se frequentes. As investiga\u00e7\u00f5es tamb\u00e9m possibilitaram conectar tais adolescentes e outros indiv\u00edduos ao l\u00edder do grupo, que comparecia ao ponto de tr\u00e1fico de forma bastante espor\u00e1dica&#8221;, explica.<\/p>\n\n\n\n<figure class=\"wp-block-gallery columns-1 is-cropped wp-block-gallery-1 is-layout-flex wp-block-gallery-is-layout-flex\"><ul class=\"blocks-gallery-grid\"><li class=\"blocks-gallery-item\"><figure><img loading=\"lazy\" decoding=\"async\" width=\"678\" height=\"409\" src=\"https:\/\/aconteceunovale.com.br\/portal\/wp-content\/uploads\/2021\/02\/trafico_diamantina.jpeg\" alt=\"\" data-id=\"174018\" data-full-url=\"https:\/\/aconteceunovale.com.br\/portal\/wp-content\/uploads\/2021\/02\/trafico_diamantina.jpeg\" data-link=\"https:\/\/aconteceunovale.com.br\/portal\/?attachment_id=174018\" class=\"wp-image-174018\" srcset=\"https:\/\/aconteceunovale.com.br\/portal\/wp-content\/uploads\/2021\/02\/trafico_diamantina.jpeg 678w, https:\/\/aconteceunovale.com.br\/portal\/wp-content\/uploads\/2021\/02\/trafico_diamantina-300x181.jpeg 300w\" sizes=\"auto, (max-width: 678px) 100vw, 678px\" \/><figcaption class=\"blocks-gallery-item__caption\"><em>Foto: Divulga\u00e7\u00e3o\/PCMG<\/em><\/figcaption><\/figure><\/li><\/ul><\/figure>\n\n\n\n<h2 class=\"wp-block-heading\"><strong>Apura\u00e7\u00f5es<\/strong><\/h2>\n\n\n\n<p>Segundo Alencar, a partir dos elementos de prova, a PCMG representou pelos mandados judiciais. \u201cNo decorrer das investiga\u00e7\u00f5es, obtivemos mais detalhes da mec\u00e2nica organizada para o varejo de entorpecentes e, de fato, a confirma\u00e7\u00e3o do envolvimento do suspeito no comando da pr\u00e1tica il\u00edcita investigada. Como \u2018dono da boca\u2019, conseguimos elementos que o coloca no topo do esquema, bem como pelo menos dois de seus comparsas e os adolescentes sob seu comando\u201d, detalha.<\/p>\n\n\n\n<p>Outra constata\u00e7\u00e3o dos policiais civis foi quanto ao ponto explorado para o tr\u00e1fico. \u201cO local chamou aten\u00e7\u00e3o da equipe devido \u00e0 localiza\u00e7\u00e3o privilegiada que os investigados mantinham durante o com\u00e9rcio ilegal. Realizavam a venda de drogas tendo boa vis\u00e3o da movimenta\u00e7\u00e3o do policiamento nas proximidades. Al\u00e9m de estar em mata fechada, com v\u00e1rios acessos por trilhas no meio da vegeta\u00e7\u00e3o\u201d, descreve o delegado.<\/p>\n\n\n\n<h2 class=\"wp-block-heading\"><strong>Den\u00fancia<\/strong><\/h2>\n\n\n\n<p>Uma den\u00fancia encaminhada \u00e0 PCMG em Diamantina originou a investiga\u00e7\u00e3o. \u201cA Pol\u00edcia Civil exalta a colabora\u00e7\u00e3o de pessoas que, de forma honrosa, s\u00e3o part\u00edcipes no sucesso dessa investiga\u00e7\u00e3o policial. Reafirmamos, por meio da Delegacia Especializada Antidrogas, o compromisso com a popula\u00e7\u00e3o de mais opera\u00e7\u00f5es com investiga\u00e7\u00f5es de qualidade e intelig\u00eancia, para efetiva repress\u00e3o ao tr\u00e1fico de drogas e demais crimes ligados a esse com\u00e9rcio il\u00edcito. Denuncie\u201d, ressalta Juliano Alencar.<\/p>\n\n\n\n<p>As den\u00fancias podem ser feitas pelo Disque 181, de forma an\u00f4nima, ou diretamente na unidade policial.<\/p>\n\n\n\n<p>&#8212;&#8212;&#8212;&#8212;&#8212;&#8212;<br><em>Quer receber as not\u00edcias do <strong>Aconteceu no Vale<\/strong> em primeira m\u00e3o? Siga-nos no Facebook <a rel=\"noreferrer noopener\" href=\"http:\/\/facebook.com\/aconteceunovale\" target=\"_blank\">@aconteceunovale<\/a>, Twitter <a rel=\"noreferrer noopener\" href=\"https:\/\/twitter.com\/noticiadosvales\" target=\"_blank\">@noticiadosvales<\/a> e Instagram <a rel=\"noreferrer noopener\" href=\"https:\/\/www.instagram.com\/aconteceunovale\" target=\"_blank\">@aconteceunovale<\/a>.<\/em><\/p>\n","protected":false},"excerpt":{"rendered":"<p>A Pol\u00edcia Civil de Minas Gerais (PCMG) prendeu, em Diamantina, no Vale do Jequitinhonha, um homem suspeito de liderar um esquema voltado para distribui\u00e7\u00e3o de drogas, com atua\u00e7\u00e3o no bairro Bela Vista. Os mandados de pris\u00e3o preventiva e de busca e apreens\u00e3o contra o investigado, de 45 anos, foram cumpridos durante a opera\u00e7\u00e3o Fundo de [&hellip;]<\/p>\n","protected":false},"author":4,"featured_media":174018,"comment_status":"open","ping_status":"closed","sticky":false,"template":"","format":"standard","meta":{"amp_status":"","footnotes":""},"categories":[120],"tags":[237607,1018,198,604,237602,228982,237601,72803,41866,237604,237603,41865,237605,237606],"class_list":["post-174017","post","type-post","status-publish","format-standard","has-post-thumbnail","hentry","category-jequi","tag-delegado-juliano-alencar","tag-destaque","tag-diamantina","tag-pcmg","tag-pcmg-diamantina","tag-policia-civil-de-diamantina","tag-policia-civil-prende-homem-apontado-como-lider-do-trafico-em-bairro-de-diamantina","tag-preso-em-diamantina","tag-preso-por-trafico-de-drogas-em-diamantina","tag-prisao-de-traficante-em-diamantina","tag-traficante-preso-em-diamantina","tag-trafico-de-drogas-em-diamantina","tag-trafico-em-diamantina","tag-trafico-no-bairro-bela-vista-em-diamantina"],"_links":{"self":[{"href":"https:\/\/aconteceunovale.com.br\/portal\/index.php?rest_route=\/wp\/v2\/posts\/174017","targetHints":{"allow":["GET"]}}],"collection":[{"href":"https:\/\/aconteceunovale.com.br\/portal\/index.php?rest_route=\/wp\/v2\/posts"}],"about":[{"href":"https:\/\/aconteceunovale.com.br\/portal\/index.php?rest_route=\/wp\/v2\/types\/post"}],"author":[{"embeddable":true,"href":"https:\/\/aconteceunovale.com.br\/portal\/index.php?rest_route=\/wp\/v2\/users\/4"}],"replies":[{"embeddable":true,"href":"https:\/\/aconteceunovale.com.br\/portal\/index.php?rest_route=%2Fwp%2Fv2%2Fcomments&post=174017"}],"version-history":[{"count":1,"href":"https:\/\/aconteceunovale.com.br\/portal\/index.php?rest_route=\/wp\/v2\/posts\/174017\/revisions"}],"predecessor-version":[{"id":174019,"href":"https:\/\/aconteceunovale.com.br\/portal\/index.php?rest_route=\/wp\/v2\/posts\/174017\/revisions\/174019"}],"wp:featuredmedia":[{"embeddable":true,"href":"https:\/\/aconteceunovale.com.br\/portal\/index.php?rest_route=\/wp\/v2\/media\/174018"}],"wp:attachment":[{"href":"https:\/\/aconteceunovale.com.br\/portal\/index.php?rest_route=%2Fwp%2Fv2%2Fmedia&parent=174017"}],"wp:term":[{"taxonomy":"category","embeddable":true,"href":"https:\/\/aconteceunovale.com.br\/portal\/index.php?rest_route=%2Fwp%2Fv2%2Fcategories&post=174017"},{"taxonomy":"post_tag","embeddable":true,"href":"https:\/\/aconteceunovale.com.br\/portal\/index.php?rest_route=%2Fwp%2Fv2%2Ftags&post=174017"}],"curies":[{"name":"wp","href":"https:\/\/api.w.org\/{rel}","templated":true}]}}