{"id":174011,"date":"2021-02-16T13:56:55","date_gmt":"2021-02-16T16:56:55","guid":{"rendered":"https:\/\/aconteceunovale.com.br\/portal\/?p=174011"},"modified":"2021-02-16T14:07:55","modified_gmt":"2021-02-16T17:07:55","slug":"igarape-perde-229-doses-de-coronavac-apos-pane-em-equipamento-de-refrigeracao","status":"publish","type":"post","link":"https:\/\/aconteceunovale.com.br\/portal\/?p=174011","title":{"rendered":"Igarap\u00e9 perde 229 doses de CoronaVac ap\u00f3s pane em equipamento de refrigera\u00e7\u00e3o"},"content":{"rendered":"\n<p>O munic\u00edpio de Igarap\u00e9, na Regi\u00e3o Metropolitana de Belo Horizonte, perdeu 229 doses da CoronaVac, imunizante Covid-19 produzido pelo Instituto Butantan, devido a uma pane em um dos tr\u00eas refrigeradores da sala de vacinas, localizada na Policl\u00ednica In\u00e1cio Caetano de Andrade, no Centro da cidade. O problema ocorreu no \u00faltimo fim de semana e s\u00f3 foi constatado na manh\u00e3 dessa segunda-feira, 15\/2, quando as funcion\u00e1rias da equipe de vacina\u00e7\u00e3o iniciaram seu turno de trabalho e verificaram que o equipamento estava com temperatura alterada, registrando 36,6 graus, quando n\u00e3o deveria passar de 8 graus.<\/p>\n\n\n\n<p>Segundo o secret\u00e1rio municipal de Sa\u00fade, Leonardo Barber\u00e1, a Prefeitura acionou imediatamente a empresa respons\u00e1vel pela manuten\u00e7\u00e3o do equipamento para diagnosticar onde ocorreu o problema. E tamb\u00e9m pediu a colabora\u00e7\u00e3o das pol\u00edcias Militar e Civil para identificar poss\u00edveis respons\u00e1veis.<\/p>\n\n\n\n<p>Ele adiantou que o t\u00e9cnico da empresa, ap\u00f3s vistoria no equipamento, verificou defeito raro no termostato do refrigerador, que, segundo informou, em mais de 30 anos de trabalho e mais de 500 manuten\u00e7\u00f5es, constatou apenas cinco semelhantes at\u00e9 hoje.<\/p>\n\n\n\n<figure class=\"wp-block-gallery columns-1 is-cropped wp-block-gallery-1 is-layout-flex wp-block-gallery-is-layout-flex\"><ul class=\"blocks-gallery-grid\"><li class=\"blocks-gallery-item\"><figure><img loading=\"lazy\" decoding=\"async\" width=\"640\" height=\"450\" src=\"https:\/\/aconteceunovale.com.br\/portal\/wp-content\/uploads\/2021\/02\/vacina_perdida_igarape_2.jpeg\" alt=\"\" data-id=\"174013\" data-full-url=\"https:\/\/aconteceunovale.com.br\/portal\/wp-content\/uploads\/2021\/02\/vacina_perdida_igarape_2.jpeg\" data-link=\"https:\/\/aconteceunovale.com.br\/portal\/?attachment_id=174013\" class=\"wp-image-174013\" srcset=\"https:\/\/aconteceunovale.com.br\/portal\/wp-content\/uploads\/2021\/02\/vacina_perdida_igarape_2.jpeg 640w, https:\/\/aconteceunovale.com.br\/portal\/wp-content\/uploads\/2021\/02\/vacina_perdida_igarape_2-300x211.jpeg 300w, https:\/\/aconteceunovale.com.br\/portal\/wp-content\/uploads\/2021\/02\/vacina_perdida_igarape_2-100x70.jpeg 100w, https:\/\/aconteceunovale.com.br\/portal\/wp-content\/uploads\/2021\/02\/vacina_perdida_igarape_2-597x420.jpeg 597w\" sizes=\"auto, (max-width: 640px) 100vw, 640px\" \/><figcaption class=\"blocks-gallery-item__caption\"><em>Foto: Divulga\u00e7\u00e3o \/ Prefeitura de Igarap\u00e9<\/em><\/figcaption><\/figure><\/li><\/ul><\/figure>\n\n\n\n<h2 class=\"wp-block-heading\"><strong>Doses<\/strong><\/h2>\n\n\n\n<p>O munic\u00edpio recebeu do Governo de Minas tr\u00eas lotes com os imunizantes contra a Covid-19, sendo 210 doses da vacina AstraZeneca, aplicadas em sua totalidade, e 604 doses da vacina CoronaVac \u2013 402 destinadas \u00e0 aplica\u00e7\u00e3o de primeiras doses e 202 para a segundas doses.<\/p>\n\n\n\n<p>Do total de doses de CoronaVac, at\u00e9 a sexta-feira passada, j\u00e1 tinham sido aplicadas 375 doses, sendo que 284 pessoas no munic\u00edpio j\u00e1 tinham recebido a primeira dose da vacina e outras 91 tiveram o ciclo de imuniza\u00e7\u00e3o conclu\u00eddo com a aplica\u00e7\u00e3o da segunda dose.<\/p>\n\n\n\n<p>\u201cEsta situa\u00e7\u00e3o deixou todos n\u00f3s da administra\u00e7\u00e3o municipal totalmente consternados. Estamos empenhados no combate \u00e0 covid-19 em nossa cidade e o ocorrido interrompeu nossa campanha de vacina\u00e7\u00e3o\u201d, afirmou o secret\u00e1rio. Barber\u00e1 informou que o prefeito Arnaldo Chaves j\u00e1 fez contato com o Governo do Estado solicitando a reposi\u00e7\u00e3o emergencial das vacinas. E dever\u00e1 se reunir com representantes da Secretaria de Estado da Sa\u00fade para tratar do assunto nos pr\u00f3ximos dias.<\/p>\n\n\n\n<figure class=\"wp-block-gallery columns-1 is-cropped wp-block-gallery-2 is-layout-flex wp-block-gallery-is-layout-flex\"><ul class=\"blocks-gallery-grid\"><li class=\"blocks-gallery-item\"><figure><img loading=\"lazy\" decoding=\"async\" width=\"653\" height=\"450\" src=\"https:\/\/aconteceunovale.com.br\/portal\/wp-content\/uploads\/2021\/02\/vacina_perdida_igarape_1.jpeg\" alt=\"\" data-id=\"174012\" data-full-url=\"https:\/\/aconteceunovale.com.br\/portal\/wp-content\/uploads\/2021\/02\/vacina_perdida_igarape_1.jpeg\" data-link=\"https:\/\/aconteceunovale.com.br\/portal\/?attachment_id=174012\" class=\"wp-image-174012\" srcset=\"https:\/\/aconteceunovale.com.br\/portal\/wp-content\/uploads\/2021\/02\/vacina_perdida_igarape_1.jpeg 653w, https:\/\/aconteceunovale.com.br\/portal\/wp-content\/uploads\/2021\/02\/vacina_perdida_igarape_1-300x207.jpeg 300w, https:\/\/aconteceunovale.com.br\/portal\/wp-content\/uploads\/2021\/02\/vacina_perdida_igarape_1-100x70.jpeg 100w, https:\/\/aconteceunovale.com.br\/portal\/wp-content\/uploads\/2021\/02\/vacina_perdida_igarape_1-218x150.jpeg 218w, https:\/\/aconteceunovale.com.br\/portal\/wp-content\/uploads\/2021\/02\/vacina_perdida_igarape_1-609x420.jpeg 609w\" sizes=\"auto, (max-width: 653px) 100vw, 653px\" \/><figcaption class=\"blocks-gallery-item__caption\"><em>Foto: Divulga\u00e7\u00e3o \/ Prefeitura de Igarap\u00e9<\/em><\/figcaption><\/figure><\/li><\/ul><\/figure>\n\n\n\n<p>&#8212;&#8212;&#8212;&#8212;&#8212;&#8212;<br><em>Quer receber as not\u00edcias do <strong>Aconteceu no Vale<\/strong> em primeira m\u00e3o? Siga-nos no Facebook <a rel=\"noreferrer noopener\" href=\"http:\/\/facebook.com\/aconteceunovale\" target=\"_blank\">@aconteceunovale<\/a>, Twitter <a rel=\"noreferrer noopener\" href=\"https:\/\/twitter.com\/noticiadosvales\" target=\"_blank\">@noticiadosvales<\/a> e Instagram <a rel=\"noreferrer noopener\" href=\"https:\/\/www.instagram.com\/aconteceunovale\" target=\"_blank\">@aconteceunovale<\/a>.<\/em><\/p>\n","protected":false},"excerpt":{"rendered":"<p>O munic\u00edpio de Igarap\u00e9, na Regi\u00e3o Metropolitana de Belo Horizonte, perdeu 229 doses da CoronaVac, imunizante Covid-19 produzido pelo Instituto Butantan, devido a uma pane em um dos tr\u00eas refrigeradores da sala de vacinas, localizada na Policl\u00ednica In\u00e1cio Caetano de Andrade, no Centro da cidade. O problema ocorreu no \u00faltimo fim de semana e s\u00f3 [&hellip;]<\/p>\n","protected":false},"author":4,"featured_media":174013,"comment_status":"open","ping_status":"closed","sticky":false,"template":"","format":"standard","meta":{"amp_status":"","footnotes":""},"categories":[123,40242],"tags":[223372,1018,237597,1493,237593,237600,237596,237598,237599,237594,237595],"class_list":["post-174011","post","type-post","status-publish","format-standard","has-post-thumbnail","hentry","category-gerais","category-saude-2","tag-coronavac","tag-destaque","tag-doses-da-coronavac-perdidas-em-igarape","tag-igarape","tag-igarape-perde-229-doses-de-coronavac-apos-pane-em-equipamento-de-refrigeracao","tag-leonardo-barbera","tag-perda-de-doses-da-coronavac-em-igarape","tag-perda-de-estoque-de-coronavac-em-igarape","tag-perda-de-estoque-de-vacinas-em-igarape","tag-perda-de-vacinas-em-igarape","tag-vacinas-perdidas-em-igarape"],"_links":{"self":[{"href":"https:\/\/aconteceunovale.com.br\/portal\/index.php?rest_route=\/wp\/v2\/posts\/174011","targetHints":{"allow":["GET"]}}],"collection":[{"href":"https:\/\/aconteceunovale.com.br\/portal\/index.php?rest_route=\/wp\/v2\/posts"}],"about":[{"href":"https:\/\/aconteceunovale.com.br\/portal\/index.php?rest_route=\/wp\/v2\/types\/post"}],"author":[{"embeddable":true,"href":"https:\/\/aconteceunovale.com.br\/portal\/index.php?rest_route=\/wp\/v2\/users\/4"}],"replies":[{"embeddable":true,"href":"https:\/\/aconteceunovale.com.br\/portal\/index.php?rest_route=%2Fwp%2Fv2%2Fcomments&post=174011"}],"version-history":[{"count":2,"href":"https:\/\/aconteceunovale.com.br\/portal\/index.php?rest_route=\/wp\/v2\/posts\/174011\/revisions"}],"predecessor-version":[{"id":174016,"href":"https:\/\/aconteceunovale.com.br\/portal\/index.php?rest_route=\/wp\/v2\/posts\/174011\/revisions\/174016"}],"wp:featuredmedia":[{"embeddable":true,"href":"https:\/\/aconteceunovale.com.br\/portal\/index.php?rest_route=\/wp\/v2\/media\/174013"}],"wp:attachment":[{"href":"https:\/\/aconteceunovale.com.br\/portal\/index.php?rest_route=%2Fwp%2Fv2%2Fmedia&parent=174011"}],"wp:term":[{"taxonomy":"category","embeddable":true,"href":"https:\/\/aconteceunovale.com.br\/portal\/index.php?rest_route=%2Fwp%2Fv2%2Fcategories&post=174011"},{"taxonomy":"post_tag","embeddable":true,"href":"https:\/\/aconteceunovale.com.br\/portal\/index.php?rest_route=%2Fwp%2Fv2%2Ftags&post=174011"}],"curies":[{"name":"wp","href":"https:\/\/api.w.org\/{rel}","templated":true}]}}