{"id":174008,"date":"2021-02-16T13:25:35","date_gmt":"2021-02-16T16:25:35","guid":{"rendered":"https:\/\/aconteceunovale.com.br\/portal\/?p=174008"},"modified":"2021-02-16T13:26:19","modified_gmt":"2021-02-16T16:26:19","slug":"segunda-parcela-do-ipva-2021-comeca-a-vencer-nesta-quinta-feira","status":"publish","type":"post","link":"https:\/\/aconteceunovale.com.br\/portal\/?p=174008","title":{"rendered":"Segunda parcela do IPVA 2021 come\u00e7a a vencer nesta quinta-feira"},"content":{"rendered":"\n<p>A segunda parcela do Imposto sobre a Propriedade de Ve\u00edculos Automotores (IPVA) 2021 come\u00e7a a vencer nesta quinta-feira (18\/2), em Minas Gerais, para ve\u00edculos com finais de placa 1 e 2. A escala segue at\u00e9 24\/2, se encerrando com os finais de placa 9 e 0.<\/p>\n\n\n\n<p>O balan\u00e7o parcial feito pela Superintend\u00eancia de Arrecada\u00e7\u00e3o e Informa\u00e7\u00f5es Fiscais da&nbsp;<a href=\"http:\/\/www.fazenda.mg.gov.br\/\" target=\"_blank\" rel=\"noreferrer noopener\">Secretaria de Estado de Fazenda de Minas Gerais (SEF\/MG)<\/a>&nbsp;aponta que os pagamentos efetuados at\u00e9 31 de janeiro somaram R$ 2,8 bilh\u00f5es. O valor representa 43,7% do total da arrecada\u00e7\u00e3o de R$ 6,4 bilh\u00f5es prevista para este ano.&nbsp;<\/p>\n\n\n\n<p>Do montante arrecadado no m\u00eas passado, R$ 2,1 bilh\u00f5es (75%) foram pagos em cota \u00fanica, com desconto de 3%.<\/p>\n\n\n\n<figure class=\"wp-block-image size-large\"><img loading=\"lazy\" decoding=\"async\" width=\"671\" height=\"318\" src=\"https:\/\/aconteceunovale.com.br\/portal\/wp-content\/uploads\/2021\/02\/escala_ipva.png\" alt=\"\" class=\"wp-image-174009\" srcset=\"https:\/\/aconteceunovale.com.br\/portal\/wp-content\/uploads\/2021\/02\/escala_ipva.png 671w, https:\/\/aconteceunovale.com.br\/portal\/wp-content\/uploads\/2021\/02\/escala_ipva-300x142.png 300w\" sizes=\"auto, (max-width: 671px) 100vw, 671px\" \/><\/figure>\n\n\n\n<h2 class=\"wp-block-heading\"><strong>Pagamento<\/strong><\/h2>\n\n\n\n<p>O pagamento da segunda parcela pode ser feito diretamente nos terminais de autoatendimento ou guich\u00eas dos agentes arrecadadores \u2013 Bradesco, Mercantil do Brasil, Caixa Econ\u00f4mica Federal, Casas Lot\u00e9ricas, Mais BB, Banco Postal, Santander e Sicoob\u00a0\u2013, bastando informar o n\u00famero do Renavam do ve\u00edculo. O Banco do Brasil e o Ita\u00fa aceitam o pagamento apenas de correntistas.<br><br>Os correntistas de quaisquer agentes arrecadadores tamb\u00e9m podem utilizar o sistema on-line dos bancos para quitar o imposto. Quem preferir, pode acessar o site da Secretaria de Fazenda (<a rel=\"noreferrer noopener\" href=\"http:\/\/www.fazenda.mg.gov.br\/\" target=\"_blank\">www.fazenda.mg.gov.br<\/a>) para emitir a guia de arrecada\u00e7\u00e3o.\u00a0<\/p>\n\n\n\n<p>A Secretaria de Fazenda alerta que n\u00e3o envia boletos de IPVA para os contribuintes nem mensagens eletr\u00f4nicas para e-mail ou celular contendo links para acesso \u00e0 tabela ou emiss\u00e3o de guia de arrecada\u00e7\u00e3o.<\/p>\n\n\n\n<p>O contribuinte que deixar de pagar o IPVA paga multa de 0,3% ao dia, at\u00e9 o 30\u00ba dia, e 20% ap\u00f3s esse per\u00edodo, al\u00e9m dos juros (taxa Selic).<\/p>\n\n\n\n<p>Esclarecimentos relativos ao imposto est\u00e3o dispon\u00edveis no site da Secretaria de Fazenda e tamb\u00e9m podem ser obtidos pelo LigMinas (155 \u2013 op\u00e7\u00e3o 5), com liga\u00e7\u00e3o gratuita para todo o estado de Minas Gerais.<\/p>\n\n\n\n<h2 class=\"wp-block-heading\"><strong>Prazo prorrogado para servidores<\/strong><\/h2>\n\n\n\n<p>Os servidores e pensionistas do poder Executivo que, at\u00e9 31 de dezembro de 2020, n\u00e3o receberam o valor integral do 13\u00ba sal\u00e1rio, tiveram o prazo de pagamento do IPVA prorrogado para 31 de mar\u00e7o.<\/p>\n\n\n\n<p>A medida adotada pelo\u00a0Governo de Minas Gerais\u00a0foi publicada em decreto e se aplica a servidor p\u00fablico militar ou civil, ativo ou inativo, da administra\u00e7\u00e3o direta, autarquias e funda\u00e7\u00f5es do Poder Executivo, pensionista especial, pensionista do\u00a0Instituto de Previd\u00eancia dos Servidores do Estado de Minas Gerais (Ipsemg)\u00a0ou do\u00a0Instituto de Previd\u00eancia dos Servidores Militares de Minas Gerais (IPSM).<br><br>De acordo com o Decreto 48.111, o ve\u00edculo dever\u00e1 estar registrado no\u00a0<a rel=\"noreferrer noopener\" href=\"http:\/\/www.detran.mg.gov.br\/\" target=\"_blank\">Departamento de Tr\u00e2nsito de Minas Gerais (Detran-MG)<\/a>\u00a0em nome do servidor ou pensionista, com o mesmo n\u00famero de CPF. A nova data de vencimento foi alterada automaticamente junto aos bancos de dados das institui\u00e7\u00f5es financeiras aptas a receberem o imposto.<br><br>O desconto de 3% para pagamento em cota \u00fanica est\u00e1 mantido, desde que o pagamento seja efetuado at\u00e9 a data-limite. Caso o servidor\/pensionista j\u00e1 tenha quitado alguma parcela do imposto, as parcelas que estiverem por vencer poder\u00e3o ser pagas at\u00e9 31 de mar\u00e7o, sem \u00f4nus.<\/p>\n\n\n\n<p>&#8212;&#8212;&#8212;&#8212;&#8212;&#8212;<br><em>Quer receber as not\u00edcias do <strong>Aconteceu no Vale<\/strong> em primeira m\u00e3o? Siga-nos no Facebook <a rel=\"noreferrer noopener\" href=\"http:\/\/facebook.com\/aconteceunovale\" target=\"_blank\">@aconteceunovale<\/a>, Twitter <a rel=\"noreferrer noopener\" href=\"https:\/\/twitter.com\/noticiadosvales\" target=\"_blank\">@noticiadosvales<\/a> e Instagram <a rel=\"noreferrer noopener\" href=\"https:\/\/www.instagram.com\/aconteceunovale\" target=\"_blank\">@aconteceunovale<\/a>.<\/em><\/p>\n","protected":false},"excerpt":{"rendered":"<p>A segunda parcela do Imposto sobre a Propriedade de Ve\u00edculos Automotores (IPVA) 2021 come\u00e7a a vencer nesta quinta-feira (18\/2), em Minas Gerais, para ve\u00edculos com finais de placa 1 e 2. A escala segue at\u00e9 24\/2, se encerrando com os finais de placa 9 e 0. O balan\u00e7o parcial feito pela Superintend\u00eancia de Arrecada\u00e7\u00e3o e [&hellip;]<\/p>\n","protected":false},"author":4,"featured_media":174009,"comment_status":"open","ping_status":"closed","sticky":false,"template":"","format":"standard","meta":{"amp_status":"","footnotes":""},"categories":[123],"tags":[231905,231906,231910,231908,231907,237592,231909],"class_list":["post-174008","post","type-post","status-publish","format-standard","has-post-thumbnail","hentry","category-gerais","tag-divulgada-a-escala-de-pagamento-do-ipva-2021-em-minas-gerais","tag-escala-de-pagamento-do-ipva-2021-em-minas-gerais","tag-ipva-2021","tag-ipva-2021-em-minas-gerais","tag-pagamento-do-ipva-2021-em-minas-gerais","tag-segunda-parcela-do-ipva-2021","tag-vencimento-do-ipva-2021"],"_links":{"self":[{"href":"https:\/\/aconteceunovale.com.br\/portal\/index.php?rest_route=\/wp\/v2\/posts\/174008","targetHints":{"allow":["GET"]}}],"collection":[{"href":"https:\/\/aconteceunovale.com.br\/portal\/index.php?rest_route=\/wp\/v2\/posts"}],"about":[{"href":"https:\/\/aconteceunovale.com.br\/portal\/index.php?rest_route=\/wp\/v2\/types\/post"}],"author":[{"embeddable":true,"href":"https:\/\/aconteceunovale.com.br\/portal\/index.php?rest_route=\/wp\/v2\/users\/4"}],"replies":[{"embeddable":true,"href":"https:\/\/aconteceunovale.com.br\/portal\/index.php?rest_route=%2Fwp%2Fv2%2Fcomments&post=174008"}],"version-history":[{"count":1,"href":"https:\/\/aconteceunovale.com.br\/portal\/index.php?rest_route=\/wp\/v2\/posts\/174008\/revisions"}],"predecessor-version":[{"id":174010,"href":"https:\/\/aconteceunovale.com.br\/portal\/index.php?rest_route=\/wp\/v2\/posts\/174008\/revisions\/174010"}],"wp:featuredmedia":[{"embeddable":true,"href":"https:\/\/aconteceunovale.com.br\/portal\/index.php?rest_route=\/wp\/v2\/media\/174009"}],"wp:attachment":[{"href":"https:\/\/aconteceunovale.com.br\/portal\/index.php?rest_route=%2Fwp%2Fv2%2Fmedia&parent=174008"}],"wp:term":[{"taxonomy":"category","embeddable":true,"href":"https:\/\/aconteceunovale.com.br\/portal\/index.php?rest_route=%2Fwp%2Fv2%2Fcategories&post=174008"},{"taxonomy":"post_tag","embeddable":true,"href":"https:\/\/aconteceunovale.com.br\/portal\/index.php?rest_route=%2Fwp%2Fv2%2Ftags&post=174008"}],"curies":[{"name":"wp","href":"https:\/\/api.w.org\/{rel}","templated":true}]}}