{"id":174001,"date":"2021-02-16T11:51:13","date_gmt":"2021-02-16T14:51:13","guid":{"rendered":"https:\/\/aconteceunovale.com.br\/portal\/?p=174001"},"modified":"2021-02-16T11:53:30","modified_gmt":"2021-02-16T14:53:30","slug":"ecad-divulga-lista-com-as-50-musicas-carnavalescas-mais-tocadas-na-ultima-decada","status":"publish","type":"post","link":"https:\/\/aconteceunovale.com.br\/portal\/?p=174001","title":{"rendered":"Ecad divulga lista com as 50 m\u00fasicas carnavalescas mais tocadas na \u00faltima d\u00e9cada"},"content":{"rendered":"\n<p>Em \u00e9poca de carnaval n\u00e3o tem para ningu\u00e9m: as marchinhas s\u00e3o as m\u00fasicas mais ouvidas pelos brasileiros durante a folia. \u00c9 o que aponta uma lista divulgada pelo Escrit\u00f3rio Central de Arrecada\u00e7\u00e3o e Distribui\u00e7\u00e3o (Ecad), com os hits mais ouvidos na \u00faltima d\u00e9cada, durante esse per\u00edodo de festas.<\/p>\n\n\n\n<p>A lista leva em considera\u00e7\u00e3o as mais ouvidas em bailes, casas de divers\u00e3o, eventos de rua, shows e trios el\u00e9tricos entre 2010 e 2020.<\/p>\n\n\n\n<p>De acordo com o levantamento, a can\u00e7\u00e3o mais foi ouvida foi &#8220;<em>Mam\u00e3e eu Quero<\/em>&#8220;, marchinha de autoria de Jararaca e Vicente Paiva, eternizada na voz de Carmen Miranda ainda nos anos 30. Figuram nas primeiras coloca\u00e7\u00f5es da lista as tamb\u00e9m tradicionais \u201c<em>Cabeleira do Zez\u00e9<\/em>\u201d, \u201c<em>Me d\u00e1 um Dinheiro a\u00ed<\/em>\u201d, \u201c<em>A Jardineira<\/em>\u201d e \u201c<em>Marcha do Remador<\/em>\u201d.<\/p>\n\n\n\n<p>\u201cA primeira m\u00fasica que n\u00e3o \u00e9 marchinha a figurar no ranking nacional ficou na 20\u00aa posi\u00e7\u00e3o, e foi \u201c<em>Peguei um Ita no Norte<\/em>\u201d, samba-enredo composto por Dem\u00e1 Chagas, Ariz\u00e3o, Bala, Guaracy e Celso Trindade para a escola de samba Salgueiro, do Rio de Janeiro, e tamb\u00e9m conhecida como &#8220;<em>Explode cora\u00e7\u00e3o&#8221;<\/em>&nbsp;pelo refr\u00e3o marcante\u201d, informou o Ecad.<\/p>\n\n\n\n<p>Para n\u00e3o deixar o carnaval de 2021 passar em branco, em meio \u00e0s medidas de isolamento e de preven\u00e7\u00e3o ao covid-19, conhe\u00e7a, curta e ou\u00e7a \u2013 em casa \u2013 a lista divulgada pelo Ecad.<\/p>\n\n\n\n<p>1\u00aa&nbsp;&nbsp;<em>Mam\u00e3e eu quero&nbsp;&nbsp;&nbsp;<\/em>Jararaca\/Vicente Paiva<\/p>\n\n\n\n<p>2\u00aa&nbsp;<em>Cabeleira do Zez\u00e9<\/em>&nbsp; Jo\u00e3o Roberto Kelly\/Roberto Faissal<\/p>\n\n\n\n<p>3\u00aa&nbsp;<em>Me d\u00e1 um dinheiro a\u00ed&nbsp;&nbsp;&nbsp;<\/em>Ivan Ferreira\/Glauco Ferreira \/ Homero Ferreira<\/p>\n\n\n\n<p>4\u00aa&nbsp;<em>A jardineira<\/em>&nbsp; Humberto Carlos Porto\/Benedito Lacerda<\/p>\n\n\n\n<p>5\u00aa&nbsp;<em>Marcha do remador&nbsp;&nbsp;<\/em>Antonio Almeida\/Castelo<\/p>\n\n\n\n<p>6\u00aa&nbsp;<em>O teu cabelo n\u00e3o nega&nbsp;&nbsp;<\/em>Raul do Rego Valen\u00e7a\/Lamartine Babo\/Jo\u00e3o Valen\u00e7a<\/p>\n\n\n\n<p>7\u00aa&nbsp;<em>Cidade maravilhosa<\/em>&nbsp; Andr\u00e9 Filho<\/p>\n\n\n\n<p>8\u00aa&nbsp;<em>Allah-la-\u00f4<\/em>&nbsp; Ant\u00f4nio N\u00e1ssara\/Haroldo Lobo<\/p>\n\n\n\n<p>9\u00aa&nbsp;<em>Ta-hi<\/em>&nbsp; Joubert de Carvalho&nbsp;<\/p>\n\n\n\n<p>10\u00aa&nbsp;<em>Maria Sapat\u00e3o&nbsp;&nbsp;<\/em>Carlos\/Chacrinha\/Jo\u00e3o Roberto Kelly\/Leleco<\/p>\n\n\n\n<p>11\u00aa&nbsp;<em>Cacha\u00e7a<\/em>&nbsp; Marin\u00f3sio Filho\/Heber Lobato\/Lucio de Castro\/Mirabeau<\/p>\n\n\n\n<p>12\u00aa&nbsp;<em>Vassourinhas&nbsp;&nbsp;<\/em>Batista Ramos\/Mathias da Rocha<\/p>\n\n\n\n<p>13\u00aa&nbsp;<em>Saca-rolha<\/em>&nbsp; Z\u00e9 da Zilda\/Zilda do Z\u00e9\/Waldir Machado<\/p>\n\n\n\n<p>14\u00aa&nbsp;<em>Mulata y\u00ea y\u00ea y\u00ea &nbsp;&nbsp;<\/em>Jo\u00e3o Roberto Kelly<\/p>\n\n\n\n<p>15\u00aa&nbsp;<em>\u00cdndio quer apito<\/em>&nbsp;&nbsp; Haroldo Lobo\/Milton de Oliveira<\/p>\n\n\n\n<p>16\u00aa&nbsp;<em>Quem sabe, sabe&nbsp;&nbsp;<\/em>Jota Sandoval\/Carvalinho<\/p>\n\n\n\n<p>17\u00aa&nbsp;<em>Marcha da cueca<\/em>&nbsp; Celso Teixeira\/Carlos Mendes\/Livardo Alves da Costa<\/p>\n\n\n\n<p>18\u00aa&nbsp;<em>Sassaricando<\/em>&nbsp; Mario Gusm\u00e3o Antunes\/ Luiz Antonio \/ Castelo\/Candeias Jota Jr.<\/p>\n\n\n\n<p>19\u00aa&nbsp;<em>Aurora<\/em>&nbsp; Roberto Roberti\/Mario Lago<\/p>\n\n\n\n<p>20\u00aa&nbsp;<em>Peguei um ita no Norte&nbsp;&nbsp;<\/em>Ariz\u00e3o\/ Bala\/Guaracy\/Dem\u00e1 Chagas\/Celso Trindade<\/p>\n\n\n\n<p>21\u00aa&nbsp;<em>Ilari\u00ea<\/em>&nbsp; Dito\/Cid Guerreiro\/Marlene Mattos<\/p>\n\n\n\n<p>22\u00aa&nbsp;<em>\u00c9 hoje&nbsp;&nbsp;<\/em>Didi \/Mestrinho<\/p>\n\n\n\n<p>23\u00aa&nbsp;<em>Vai com jeito&nbsp;&nbsp;<\/em>Braguinha<\/p>\n\n\n\n<p>24\u00aa&nbsp;<em>Turma do funil<\/em>&nbsp; U. de Castro\/Milton de Oliveira\/Mirabeau<\/p>\n\n\n\n<p>25\u00aa&nbsp;<em>N\u00f3s, os carecas<\/em>&nbsp; Roberto Roberti\/A.Marques Jr.<\/p>\n\n\n\n<p>26\u00aa&nbsp;<em>Tesouro de pirata&nbsp;&nbsp;<\/em>Ziriguidum do Marcel\u00e3o \/ Fuzu\u00ea<\/p>\n\n\n\n<p>27\u00aa&nbsp;<em>N\u00e3o quero dinheiro&nbsp;&nbsp;<\/em>Tim Maia<\/p>\n\n\n\n<p>28\u00aa&nbsp;<em>Caiu na rede&nbsp;&nbsp;<\/em>Waldemar Camargo \/ Vicente Longo<\/p>\n\n\n\n<p>29\u00aa&nbsp;<em>Sorte grande<\/em>&nbsp; Louren\u00e7o<\/p>\n\n\n\n<p>30\u00aa&nbsp;<em>Vou festejar&nbsp;&nbsp;<\/em>Jorge Arag\u00e3o\/Neoci\/Dida<\/p>\n\n\n\n<p>31\u00aa&nbsp;<em>P\u00f3 de mico&nbsp;&nbsp;<\/em>Nilo Vianna\/Dora Lopes\/Renato Araujo\/Arildo de Souza<\/p>\n\n\n\n<p>32\u00aa&nbsp;<em>Arer\u00ea<\/em>&nbsp;&nbsp; Gilson Babil\u00f4nia\/Alaim Tavares<\/p>\n\n\n\n<p>33\u00aa&nbsp;<em>Daqui n\u00e3o saio&nbsp;&nbsp;<\/em>Paquito\/Romeu Gentil<\/p>\n\n\n\n<p>34\u00aa&nbsp;<em>Transplante de corinthiano&nbsp;&nbsp;<\/em>Gentil Jr.\/Manoel Ferreira\/Ruth Amaral<\/p>\n\n\n\n<p>35\u00aa&nbsp;<em>Pa\u00eds tropical&nbsp;&nbsp;<\/em>Jorge Ben Jor<\/p>\n\n\n\n<p>36\u00aa&nbsp;<em>Balanc\u00ea<\/em>&nbsp; Braguinha\/Alberto Ribeiro<\/p>\n\n\n\n<p>37\u00aa&nbsp;<em>Superfant\u00e1stico<\/em>&nbsp; Edgard Pocas\/J Badia\/Difelisatti<\/p>\n\n\n\n<p>38\u00aa&nbsp;<em>Na base do beijo&nbsp;&nbsp;<\/em>Rita Mendes\/Alaim Tavares<\/p>\n\n\n\n<p>39\u00aa&nbsp;<em>Tindolel\u00ea<\/em>&nbsp; Dito\/Cid Guerreiro<\/p>\n\n\n\n<p>40\u00aa&nbsp;<em>Z\u00e9 Pereira<\/em>&nbsp; Agostinho Silva\/Z\u00e9 Pipa<\/p>\n\n\n\n<p>41\u00aa&nbsp;<em>Lepo lepo<\/em>&nbsp; Filipe&nbsp; Escandurra\/Magno Santanna<\/p>\n\n\n\n<p>42\u00aa&nbsp;<em>Touradas em Madrid&nbsp;&nbsp;<\/em>Braguinha\/Alberto Ribeiro<\/p>\n\n\n\n<p>43\u00aa&nbsp;<em>Praieiro<\/em>&nbsp; Manno G\u00f3es<\/p>\n\n\n\n<p>44\u00aa&nbsp;<em>Dan\u00e7a da m\u00e3ozinha&nbsp;&nbsp;<\/em>Ziriguidum do Marcel\u00e3o<\/p>\n\n\n\n<p>45\u00aa&nbsp;<em>Rebolation<\/em>&nbsp; Nenel\/Leo Santana<\/p>\n\n\n\n<p>46\u00aa&nbsp;<em>Colombina y\u00ea y\u00ea y\u00ea&nbsp;&nbsp;<\/em>Jo\u00e3o Roberto Kelly\/David Nasser<\/p>\n\n\n\n<p>47\u00aa&nbsp;<em>Dan\u00e7a do vampiro&nbsp;&nbsp;<\/em>Durval Lelys<\/p>\n\n\n\n<p>48\u00aa&nbsp;<em>O amanh\u00e3<\/em>&nbsp; Jo\u00e3o Sergio<\/p>\n\n\n\n<p>49\u00aa&nbsp;<em>De bar em bar, Didi, um poeta&nbsp;&nbsp;<\/em>Franco<\/p>\n\n\n\n<p>50\u00aa\u00a0<em>Bota a camisinha<\/em>\u00a0 Chacrinha\/Jo\u00e3o Roberto Kelly\/Leleco<\/p>\n\n\n\n<p>&#8212;&#8212;&#8212;&#8212;&#8212;&#8212;<br><em>Quer receber as not\u00edcias do <strong>Aconteceu no Vale<\/strong> em primeira m\u00e3o? Siga-nos no Facebook <a rel=\"noreferrer noopener\" href=\"http:\/\/facebook.com\/aconteceunovale\" target=\"_blank\">@aconteceunovale<\/a>, Twitter <a rel=\"noreferrer noopener\" href=\"https:\/\/twitter.com\/noticiadosvales\" target=\"_blank\">@noticiadosvales<\/a> e Instagram <a rel=\"noreferrer noopener\" href=\"https:\/\/www.instagram.com\/aconteceunovale\" target=\"_blank\">@aconteceunovale<\/a>.<\/em><\/p>\n","protected":false},"excerpt":{"rendered":"<p>Em \u00e9poca de carnaval n\u00e3o tem para ningu\u00e9m: as marchinhas s\u00e3o as m\u00fasicas mais ouvidas pelos brasileiros durante a folia. \u00c9 o que aponta uma lista divulgada pelo Escrit\u00f3rio Central de Arrecada\u00e7\u00e3o e Distribui\u00e7\u00e3o (Ecad), com os hits mais ouvidos na \u00faltima d\u00e9cada, durante esse per\u00edodo de festas. A lista leva em considera\u00e7\u00e3o as mais [&hellip;]<\/p>\n","protected":false},"author":4,"featured_media":174002,"comment_status":"open","ping_status":"closed","sticky":false,"template":"","format":"standard","meta":{"amp_status":"","footnotes":""},"categories":[6,125],"tags":[237588,4108,237585,237577,237583,237584,237586,237587,237590,237582,237589,237580,237581,237579,237578,237591],"class_list":["post-174001","post","type-post","status-publish","format-standard","has-post-thumbnail","hentry","category-br","category-noticias","tag-cabeleira-do-zeze","tag-carnaval","tag-ecad","tag-ecad-divulga-lista-com-as-50-musicas-carnavalescas-mais-tocadas-na-ultima-decada","tag-lista-com-as-musicas-mais-tocadas-no-carnaval","tag-lista-de-mais-tocadas-no-carnaval","tag-lista-de-musicas-mais-tocadas-no-carnaval-ecad","tag-mamae-eu-quero","tag-marcha-do-remador","tag-marchinhas-de-carnaval","tag-me-da-um-dinheiro-ai","tag-musica-carnavalesca-mais-tocada","tag-musica-de-carnaval-mais-tocada","tag-musica-mais-tocada-no-carnaval","tag-musicas-mais-tocadas-no-carnaval","tag-peguei-um-ita-no-norte"],"_links":{"self":[{"href":"https:\/\/aconteceunovale.com.br\/portal\/index.php?rest_route=\/wp\/v2\/posts\/174001","targetHints":{"allow":["GET"]}}],"collection":[{"href":"https:\/\/aconteceunovale.com.br\/portal\/index.php?rest_route=\/wp\/v2\/posts"}],"about":[{"href":"https:\/\/aconteceunovale.com.br\/portal\/index.php?rest_route=\/wp\/v2\/types\/post"}],"author":[{"embeddable":true,"href":"https:\/\/aconteceunovale.com.br\/portal\/index.php?rest_route=\/wp\/v2\/users\/4"}],"replies":[{"embeddable":true,"href":"https:\/\/aconteceunovale.com.br\/portal\/index.php?rest_route=%2Fwp%2Fv2%2Fcomments&post=174001"}],"version-history":[{"count":1,"href":"https:\/\/aconteceunovale.com.br\/portal\/index.php?rest_route=\/wp\/v2\/posts\/174001\/revisions"}],"predecessor-version":[{"id":174003,"href":"https:\/\/aconteceunovale.com.br\/portal\/index.php?rest_route=\/wp\/v2\/posts\/174001\/revisions\/174003"}],"wp:featuredmedia":[{"embeddable":true,"href":"https:\/\/aconteceunovale.com.br\/portal\/index.php?rest_route=\/wp\/v2\/media\/174002"}],"wp:attachment":[{"href":"https:\/\/aconteceunovale.com.br\/portal\/index.php?rest_route=%2Fwp%2Fv2%2Fmedia&parent=174001"}],"wp:term":[{"taxonomy":"category","embeddable":true,"href":"https:\/\/aconteceunovale.com.br\/portal\/index.php?rest_route=%2Fwp%2Fv2%2Fcategories&post=174001"},{"taxonomy":"post_tag","embeddable":true,"href":"https:\/\/aconteceunovale.com.br\/portal\/index.php?rest_route=%2Fwp%2Fv2%2Ftags&post=174001"}],"curies":[{"name":"wp","href":"https:\/\/api.w.org\/{rel}","templated":true}]}}