{"id":17396,"date":"2014-01-02T16:20:47","date_gmt":"2014-01-02T18:20:47","guid":{"rendered":"http:\/\/aconteceunovale.com.br\/portal\/?p=17396"},"modified":"2014-01-02T18:12:35","modified_gmt":"2014-01-02T20:12:35","slug":"acidente-grave-na-mg-308-entre-capelinha-e-turmalina-deixa-pelo-menos-uma-vitima-fatal","status":"publish","type":"post","link":"https:\/\/aconteceunovale.com.br\/portal\/?p=17396","title":{"rendered":"Acidente grave na MG-308 entre Capelinha e Turmalina deixa 2 v\u00edtimas fatais e 2 em estado grave"},"content":{"rendered":"<p>Um grave acidente envolvendo um ve\u00edculo Gol com placa de Capelinha e uma carreta de transporte de madeira deixou pelo menos uma v\u00edtima fatal na tarde desta quinta-feira (02\/01). O acidente aconteceu por volta das 14h00, na MG-308 (rodovia que liga Capelinha a Turmalina), pr\u00f3ximo a entrada para a comunidade Buritis. <\/p>\n<p>Segundo informa\u00e7\u00f5es o condutor do ve\u00edculo de passeio bateu na carreta, vindo a perder o controle e atropelar cerca de 8 pessoas que esperavam um \u00f4nibus de transporte intermunicipal na beira da estrada.<\/p>\n<p>O acidente deixou duas v\u00edtimas fatais. Uma crian\u00e7a de apenas dois anos, identificada como Kaune Stefani Ferreira morreu no local. A outra v\u00edtima \u00e9 F\u00e1bio Gomes de Souza que morreu a caminho do Hospital. Ambos eram moradores de Buritis. Todas v\u00edtimas foram encaminhadas pelo SAMU ao Hospital de Turmalina.<\/p>\n<p>Ainda de acordo com informa\u00e7\u00f5es, duas v\u00edtimas encaminhadas ao Hospital de Turmalina est\u00e3o em estado grave. Uma delas identificada como Bruna Pereira dos Santos, de 19 anos, aguarda um leito de UTI para ser transferida.<\/p>\n<p>Outras informa\u00e7\u00f5es a qualquer momento.<\/p>\n<p><strong>GALERIA DE FOTOS:<\/strong><br \/>\n<em>(Fotos: Rosinha Dias)<\/em><\/p>\n<p><img decoding=\"async\" src=\"http:\/\/aconteceunovale.com.br\/portal\/wp-content\/uploads\/2014\/01\/acidente_proximo_buritis_tur_4.jpg\" alt=\"\" \/><\/p>\n<p><img decoding=\"async\" src=\"http:\/\/aconteceunovale.com.br\/portal\/wp-content\/uploads\/2014\/01\/acidente_proximo_buritis_tur_1.jpg\" alt=\"\" \/><\/p>\n<p><img decoding=\"async\" src=\"http:\/\/aconteceunovale.com.br\/portal\/wp-content\/uploads\/2014\/01\/acidente_proximo_buritis_tur_2.jpg\" alt=\"\" \/><\/p>\n<p><img decoding=\"async\" src=\"http:\/\/aconteceunovale.com.br\/portal\/wp-content\/uploads\/2014\/01\/acidente_proximo_buritis_tur_3.jpg\" alt=\"\" \/><\/p>\n<p><img decoding=\"async\" src=\"http:\/\/aconteceunovale.com.br\/portal\/wp-content\/uploads\/2014\/01\/acidente_proximo_buritis_tur_5.jpg\" alt=\"\" \/><\/p>\n<p><img decoding=\"async\" src=\"http:\/\/aconteceunovale.com.br\/portal\/wp-content\/uploads\/2014\/01\/acidente_proximo_buritis_tur_6.jpg\" alt=\"\" \/><\/p>\n","protected":false},"excerpt":{"rendered":"<p>Um grave acidente envolvendo um ve\u00edculo Gol com placa de Capelinha e uma carreta de transporte de madeira deixou pelo menos uma v\u00edtima fatal na tarde desta quinta-feira (02\/01). O acidente aconteceu por volta das 14h00, na MG-308 (rodovia que liga Capelinha a Turmalina), pr\u00f3ximo a entrada para a comunidade Buritis. Segundo informa\u00e7\u00f5es o condutor [&hellip;]<\/p>\n","protected":false},"author":1,"featured_media":0,"comment_status":"open","ping_status":"closed","sticky":false,"template":"","format":"standard","meta":{"amp_status":"","footnotes":""},"categories":[120],"tags":[2398,2399,2396,2397,132,178],"class_list":["post-17396","post","type-post","status-publish","format-standard","hentry","category-jequi","tag-acidente-entre-capelinha-e-turmalina","tag-acidente-entre-turmalina-e-capelinha","tag-acidente-grave-na-mg-308-entre-capelinha-e-turmalina-deixa-pelo-menos-uma-vitima-fatal","tag-acidente-proximo-a-comunidade-de-buritis-em-turmalina","tag-capelinha","tag-turmalina"],"_links":{"self":[{"href":"https:\/\/aconteceunovale.com.br\/portal\/index.php?rest_route=\/wp\/v2\/posts\/17396","targetHints":{"allow":["GET"]}}],"collection":[{"href":"https:\/\/aconteceunovale.com.br\/portal\/index.php?rest_route=\/wp\/v2\/posts"}],"about":[{"href":"https:\/\/aconteceunovale.com.br\/portal\/index.php?rest_route=\/wp\/v2\/types\/post"}],"author":[{"embeddable":true,"href":"https:\/\/aconteceunovale.com.br\/portal\/index.php?rest_route=\/wp\/v2\/users\/1"}],"replies":[{"embeddable":true,"href":"https:\/\/aconteceunovale.com.br\/portal\/index.php?rest_route=%2Fwp%2Fv2%2Fcomments&post=17396"}],"version-history":[{"count":0,"href":"https:\/\/aconteceunovale.com.br\/portal\/index.php?rest_route=\/wp\/v2\/posts\/17396\/revisions"}],"wp:attachment":[{"href":"https:\/\/aconteceunovale.com.br\/portal\/index.php?rest_route=%2Fwp%2Fv2%2Fmedia&parent=17396"}],"wp:term":[{"taxonomy":"category","embeddable":true,"href":"https:\/\/aconteceunovale.com.br\/portal\/index.php?rest_route=%2Fwp%2Fv2%2Fcategories&post=17396"},{"taxonomy":"post_tag","embeddable":true,"href":"https:\/\/aconteceunovale.com.br\/portal\/index.php?rest_route=%2Fwp%2Fv2%2Ftags&post=17396"}],"curies":[{"name":"wp","href":"https:\/\/api.w.org\/{rel}","templated":true}]}}