{"id":173920,"date":"2021-02-15T17:56:01","date_gmt":"2021-02-15T20:56:01","guid":{"rendered":"https:\/\/aconteceunovale.com.br\/portal\/?p=173920"},"modified":"2021-02-15T17:58:37","modified_gmt":"2021-02-15T20:58:37","slug":"tratamento-de-dejetos-bovinos-gera-renda-e-sustentabilidade-ambiental-no-norte-de-minas","status":"publish","type":"post","link":"https:\/\/aconteceunovale.com.br\/portal\/?p=173920","title":{"rendered":"Tratamento de dejetos bovinos gera renda e sustentabilidade ambiental no Norte de Minas"},"content":{"rendered":"\n<p>Em vez de poluir o solo e os cursos d\u2019\u00e1gua, os dejetos de bovinos est\u00e3o garantindo mais renda para pecuaristas de leite. \u00c9 o caso do pequeno produtor rural Dilson Geraldo da Silva, de Bocaiuva, no Norte de Minas Gerais. Com orienta\u00e7\u00e3o t\u00e9cnica da Empresa de Assist\u00eancia T\u00e9cnica e Extens\u00e3o Rural do Estado (Emater-MG), ele instalou na propriedade uma esterqueira, esp\u00e9cie de tanque para onde s\u00e3o destinadas as fezes e outros res\u00edduos resultantes da lavagem da sala de ordenha. Esse material passa por um per\u00edodo de estabiliza\u00e7\u00e3o, de cerca de 90 dias. \u00c9 quando os micro-organismos transformam o composto em um poderoso biofertilizante, que pode ser usado na aduba\u00e7\u00e3o de pastagens e lavouras.<\/p>\n\n\n\n<figure class=\"wp-block-gallery columns-1 is-cropped wp-block-gallery-1 is-layout-flex wp-block-gallery-is-layout-flex\"><ul class=\"blocks-gallery-grid\"><li class=\"blocks-gallery-item\"><figure><img loading=\"lazy\" decoding=\"async\" width=\"678\" height=\"450\" src=\"https:\/\/aconteceunovale.com.br\/portal\/wp-content\/uploads\/2021\/02\/tratamento_dejetos_1.jpg\" alt=\"\" data-id=\"173921\" data-full-url=\"https:\/\/aconteceunovale.com.br\/portal\/wp-content\/uploads\/2021\/02\/tratamento_dejetos_1.jpg\" data-link=\"https:\/\/aconteceunovale.com.br\/portal\/?attachment_id=173921\" class=\"wp-image-173921\" srcset=\"https:\/\/aconteceunovale.com.br\/portal\/wp-content\/uploads\/2021\/02\/tratamento_dejetos_1.jpg 678w, https:\/\/aconteceunovale.com.br\/portal\/wp-content\/uploads\/2021\/02\/tratamento_dejetos_1-300x199.jpg 300w, https:\/\/aconteceunovale.com.br\/portal\/wp-content\/uploads\/2021\/02\/tratamento_dejetos_1-633x420.jpg 633w\" sizes=\"auto, (max-width: 678px) 100vw, 678px\" \/><figcaption class=\"blocks-gallery-item__caption\"><em>Foto: Divulga\u00e7\u00e3o \/ Emater-MG<\/em><\/figcaption><\/figure><\/li><\/ul><\/figure>\n\n\n\n<p>Al\u00e9m de evitar danos ambientais, e at\u00e9 multas, o agricultor familiar conseguiu aumentar a renda da fam\u00edlia, pois passou a receber uma quantia extra de um grande latic\u00ednio da regi\u00e3o, que tem um programa de est\u00edmulo \u00e0 produ\u00e7\u00e3o sustent\u00e1vel de leite. E ainda tem a economia, pois deixou de comprar fertilizantes qu\u00edmicos para as pastagens e o plantio de milho. O projeto foi um dos contemplados de 2020 no Pr\u00eamio Hugo Werneck de Sustentabilidade &amp; Amor \u00e0 Natureza, considerado um dos mais importantes da ecologia no Brasil.<\/p>\n\n\n\n<p>\u201c\u00c9 uma satisfa\u00e7\u00e3o da equipe da Emater-MG de Bocaiuva recebermos esse pr\u00eamio reconhecido pela sociedade\u201d, comemorou Iran Ferreira Leite Junior, extensionista agropecu\u00e1rio da empresa no munic\u00edpio.<\/p>\n\n\n\n<p>De acordo com Iran, o biofertilizante obtido a partir dos dejetos da esterqueira pode ser usado em qualquer cultura. A \u00fanica restri\u00e7\u00e3o \u00e9 o uso nas hortali\u00e7as. O recomendado \u00e9 que, ap\u00f3s a aplica\u00e7\u00e3o, seja obedecida uma car\u00eancia de cerca de 30 dias antes da colheita, para evitar res\u00edduos nos alimentos que v\u00e3o para a casa dos consumidores.<\/p>\n\n\n\n<p>O t\u00e9cnico da Emater de Minas lembra outro cuidado a ser observado pelos produtores. \u201cA recomenda\u00e7\u00e3o da aplica\u00e7\u00e3o dos biofertilizantes deve ser feita por um especialista, de acordo com a an\u00e1lise de solo. O c\u00e1lculo \u00e9 feito para uma aplica\u00e7\u00e3o anual, a partir das necessidades do solo. O uso do biofertilizante deve seguir as orienta\u00e7\u00f5es do t\u00e9cnico, para que n\u00e3o haja excesso de nutrientes em uma determinada \u00e1rea\u201d.<\/p>\n\n\n\n<figure class=\"wp-block-gallery columns-1 is-cropped wp-block-gallery-2 is-layout-flex wp-block-gallery-is-layout-flex\"><ul class=\"blocks-gallery-grid\"><li class=\"blocks-gallery-item\"><figure><img loading=\"lazy\" decoding=\"async\" width=\"608\" height=\"450\" src=\"https:\/\/aconteceunovale.com.br\/portal\/wp-content\/uploads\/2021\/02\/tratamento_dejetos_2.jpg\" alt=\"\" data-id=\"173922\" data-full-url=\"https:\/\/aconteceunovale.com.br\/portal\/wp-content\/uploads\/2021\/02\/tratamento_dejetos_2.jpg\" data-link=\"https:\/\/aconteceunovale.com.br\/portal\/?attachment_id=173922\" class=\"wp-image-173922\" srcset=\"https:\/\/aconteceunovale.com.br\/portal\/wp-content\/uploads\/2021\/02\/tratamento_dejetos_2.jpg 608w, https:\/\/aconteceunovale.com.br\/portal\/wp-content\/uploads\/2021\/02\/tratamento_dejetos_2-300x222.jpg 300w, https:\/\/aconteceunovale.com.br\/portal\/wp-content\/uploads\/2021\/02\/tratamento_dejetos_2-80x60.jpg 80w, https:\/\/aconteceunovale.com.br\/portal\/wp-content\/uploads\/2021\/02\/tratamento_dejetos_2-485x360.jpg 485w, https:\/\/aconteceunovale.com.br\/portal\/wp-content\/uploads\/2021\/02\/tratamento_dejetos_2-567x420.jpg 567w\" sizes=\"auto, (max-width: 608px) 100vw, 608px\" \/><figcaption class=\"blocks-gallery-item__caption\"><em>Foto: Divulga\u00e7\u00e3o \/ Emater-MG<\/em><\/figcaption><\/figure><\/li><\/ul><\/figure>\n\n\n\n<h2 class=\"wp-block-heading\"><strong><em>Certifica\u00e7\u00e3o<\/em><\/strong><\/h2>\n\n\n\n<p>O projeto come\u00e7ou a partir da necessidade do agricultor familiar Dilson, propriet\u00e1rio da Fazenda S\u00e3o Pedro, de adequar sua propriedade, principalmente na produ\u00e7\u00e3o leiteira. Ele havia negociado os ajustes com o principal latic\u00ednio da regi\u00e3o, para ser enquadrado em um programa de certifica\u00e7\u00e3o denominado BPF (Boas Pr\u00e1ticas na Fazenda) Nature. A certifica\u00e7\u00e3o exige que o produtor cumpra alguns requisitos: Destino adequado dos dejetos, bem-estar animal, n\u00e3o usar ocitocinas e outros horm\u00f4nios nos animais, al\u00e9m de controle do uso da \u00e1gua. Para cumprir as exig\u00eancias, um dos pontos cr\u00edticos era dar um destino adequado aos res\u00edduos l\u00edquidos da sala de ordenha. Em visita \u00e0 propriedade, a equipe local da Emater-MG em Bocaiuva constatou que toda a \u00e1gua usada na lavagem da sala de ordenha era descartada no quintal por um longo per\u00edodo, causando um impacto ambiental negativo e poluindo um c\u00f3rrego pr\u00f3ximo.<\/p>\n\n\n\n<p>A proposta de constru\u00e7\u00e3o da esterqueira para receber os res\u00edduos, e posterior utiliza\u00e7\u00e3o do material como fertilizante, foi feita pela engenheira ambiental Jane Terezinha Leal e pelo engenheiro agr\u00f4nomo M\u00e1rcio Stoduto de Mello, ambos do Departamento T\u00e9cnico da Emater-MG, ap\u00f3s consulta do extensionista Iran sobre o assunto. Al\u00e9m de resolver o problema ambiental, o produtor poderia reduzir seu custo de produ\u00e7\u00e3o, com a troca da aduba\u00e7\u00e3o nitrogenada pelo biofertilizante, na cultura de milho e na pastagem.<\/p>\n\n\n\n<h2 class=\"wp-block-heading\"><strong><em>Unidade demonstrativa<\/em><\/strong><\/h2>\n\n\n\n<p>A partir do sucesso da experi\u00eancia, a propriedade de Dilson Geraldo passou a funcionar como uma unidade demonstrativa do uso da esterqueira para a produ\u00e7\u00e3o de biofertilizante e j\u00e1 recebeu mais de 50 pessoas interessadas em adotar o sistema. A prefeitura municipal de Bocaiuva \u00e9 uma das parceiras da Emater-MG na iniciativa, pois cedeu uma retroescavadeira para a obra de implanta\u00e7\u00e3o da esterqueira. E o latic\u00ednio que compra o leite dos produtores da regi\u00e3o adiantou os recursos necess\u00e1rios para a aquisi\u00e7\u00e3o da geomembrana, um material usado no revestimento do tanque que recebe os dejetos bovinos.<\/p>\n\n\n\n<p>O extensionista da Emater-MG ressalta que, mesmo com investimentos pr\u00f3prios, o projeto vale a pena. Iran Ferreira afirma que, com o pagamento extra de R$ 0,07 por litro de leite j\u00e1 representa em um ano cerca de R$ 8 mil a mais na renda do produtor. \u201cE isso sem contar os ganhos ambientais e sociais de se ter uma propriedade ambientalmente equilibrada\u201d, finaliza Iran.<\/p>\n\n\n\n<p>&#8212;&#8212;&#8212;&#8212;&#8212;&#8212;<br><em>Quer receber as not\u00edcias do <strong>Aconteceu no Vale<\/strong> em primeira m\u00e3o? Siga-nos no Facebook <a rel=\"noreferrer noopener\" href=\"http:\/\/facebook.com\/aconteceunovale\" target=\"_blank\">@aconteceunovale<\/a>, Twitter <a rel=\"noreferrer noopener\" href=\"https:\/\/twitter.com\/noticiadosvales\" target=\"_blank\">@noticiadosvales<\/a> e Instagram <a rel=\"noreferrer noopener\" href=\"https:\/\/www.instagram.com\/aconteceunovale\" target=\"_blank\">@aconteceunovale<\/a>.<\/em><\/p>\n","protected":false},"excerpt":{"rendered":"<p>Em vez de poluir o solo e os cursos d\u2019\u00e1gua, os dejetos de bovinos est\u00e3o garantindo mais renda para pecuaristas de leite. \u00c9 o caso do pequeno produtor rural Dilson Geraldo da Silva, de Bocaiuva, no Norte de Minas Gerais. Com orienta\u00e7\u00e3o t\u00e9cnica da Empresa de Assist\u00eancia T\u00e9cnica e Extens\u00e3o Rural do Estado (Emater-MG), ele [&hellip;]<\/p>\n","protected":false},"author":4,"featured_media":173921,"comment_status":"open","ping_status":"closed","sticky":false,"template":"","format":"standard","meta":{"amp_status":"","footnotes":""},"categories":[1236],"tags":[751,237449,237452,645,237450,237453,1018,237445,25775,237447,237451,237443,237442,237448,237454,237446,237444,237441],"class_list":["post-173920","post","type-post","status-publish","format-standard","has-post-thumbnail","hentry","category-norte_de_minas","tag-agricultura-familiar","tag-biofertilizante","tag-boas-praticas-na-fazenda-nature","tag-bocaiuva","tag-bp","tag-bpf-nature","tag-destaque","tag-dilson-geraldo-da-silva","tag-emater-mg","tag-emater-mg-de-bocaiuva","tag-f","tag-geracao-de-renda-com-tratamento-de-dejetos-bovinos","tag-geracao-de-renda-no-campo","tag-iran-ferreira-leite-junior","tag-marcio-stoduto-de-mello","tag-premio-hugo-werneck-de-sustentabilidade-amor-a-natureza","tag-sustentabilidade-ambiental-no-norte-de-minas","tag-tratamento-de-dejetos-bovinos"],"_links":{"self":[{"href":"https:\/\/aconteceunovale.com.br\/portal\/index.php?rest_route=\/wp\/v2\/posts\/173920","targetHints":{"allow":["GET"]}}],"collection":[{"href":"https:\/\/aconteceunovale.com.br\/portal\/index.php?rest_route=\/wp\/v2\/posts"}],"about":[{"href":"https:\/\/aconteceunovale.com.br\/portal\/index.php?rest_route=\/wp\/v2\/types\/post"}],"author":[{"embeddable":true,"href":"https:\/\/aconteceunovale.com.br\/portal\/index.php?rest_route=\/wp\/v2\/users\/4"}],"replies":[{"embeddable":true,"href":"https:\/\/aconteceunovale.com.br\/portal\/index.php?rest_route=%2Fwp%2Fv2%2Fcomments&post=173920"}],"version-history":[{"count":2,"href":"https:\/\/aconteceunovale.com.br\/portal\/index.php?rest_route=\/wp\/v2\/posts\/173920\/revisions"}],"predecessor-version":[{"id":173924,"href":"https:\/\/aconteceunovale.com.br\/portal\/index.php?rest_route=\/wp\/v2\/posts\/173920\/revisions\/173924"}],"wp:featuredmedia":[{"embeddable":true,"href":"https:\/\/aconteceunovale.com.br\/portal\/index.php?rest_route=\/wp\/v2\/media\/173921"}],"wp:attachment":[{"href":"https:\/\/aconteceunovale.com.br\/portal\/index.php?rest_route=%2Fwp%2Fv2%2Fmedia&parent=173920"}],"wp:term":[{"taxonomy":"category","embeddable":true,"href":"https:\/\/aconteceunovale.com.br\/portal\/index.php?rest_route=%2Fwp%2Fv2%2Fcategories&post=173920"},{"taxonomy":"post_tag","embeddable":true,"href":"https:\/\/aconteceunovale.com.br\/portal\/index.php?rest_route=%2Fwp%2Fv2%2Ftags&post=173920"}],"curies":[{"name":"wp","href":"https:\/\/api.w.org\/{rel}","templated":true}]}}