{"id":173825,"date":"2021-02-14T16:47:31","date_gmt":"2021-02-14T19:47:31","guid":{"rendered":"https:\/\/aconteceunovale.com.br\/portal\/?p=173825"},"modified":"2021-02-14T17:53:03","modified_gmt":"2021-02-14T20:53:03","slug":"acidente-deixa-um-morto-e-tres-feridos-na-mg-425","status":"publish","type":"post","link":"https:\/\/aconteceunovale.com.br\/portal\/?p=173825","title":{"rendered":"Acidente deixa um morto e tr\u00eas feridos na MG-425"},"content":{"rendered":"\n<p>Um homem de 30 anos morreu e outras tr\u00eas pessoas ficaram feridas em um acidente na MG-425, pr\u00f3ximo ao trevo de Entre Folhas, na madrugada deste domingo (14\/2\/2021). Ap\u00f3s a batida contra uma placa, as v\u00edtimas foram arremessadas para fora do ve\u00edculo.<\/p>\n\n\n\n<p>De acordo com informa\u00e7\u00f5es do Corpo de Bombeiros, os feridos disseram que o motorista n\u00e3o viu a curva e passou direto, batendo em uma placa no barranco. A suspeita \u00e9 de que o ve\u00edculo estava em alta velocidade.<\/p>\n\n\n\n<p>Ainda segundo os bombeiros, Deivisson Rosa de Souza s\u00f3 foi encontrado pela manh\u00e3, quando o dia come\u00e7ou a clarear. Ele estava a cerca de 100 metros do carro e n\u00e3o tinha sinais vitais.<\/p>\n\n\n\n<p>As tr\u00eas v\u00edtimas feridas foram socorridas e levadas para o Hospital Nossa Senhora Auxiliadora (HNSA), em Caratinga. Conforme informa\u00e7\u00f5es dos bombeiros, elas estavam conscientes e, aparentemente, bem.<\/p>\n\n\n\n<p>As causas do acidente ser\u00e3o apuradas.<\/p>\n\n\n\n<figure class=\"wp-block-gallery columns-1 is-cropped wp-block-gallery-1 is-layout-flex wp-block-gallery-is-layout-flex\"><ul class=\"blocks-gallery-grid\"><li class=\"blocks-gallery-item\"><figure><img loading=\"lazy\" decoding=\"async\" width=\"678\" height=\"377\" src=\"https:\/\/aconteceunovale.com.br\/portal\/wp-content\/uploads\/2021\/02\/acidente_entre_folhas.jpeg\" alt=\"\" data-id=\"173826\" data-full-url=\"https:\/\/aconteceunovale.com.br\/portal\/wp-content\/uploads\/2021\/02\/acidente_entre_folhas.jpeg\" data-link=\"https:\/\/aconteceunovale.com.br\/portal\/?attachment_id=173826\" class=\"wp-image-173826\" srcset=\"https:\/\/aconteceunovale.com.br\/portal\/wp-content\/uploads\/2021\/02\/acidente_entre_folhas.jpeg 678w, https:\/\/aconteceunovale.com.br\/portal\/wp-content\/uploads\/2021\/02\/acidente_entre_folhas-300x167.jpeg 300w\" sizes=\"auto, (max-width: 678px) 100vw, 678px\" \/><figcaption class=\"blocks-gallery-item__caption\"><em>Foto: F\u00e1bio Teodoro \/ Reprodu\u00e7\u00e3o G1 Vales<\/em><\/figcaption><\/figure><\/li><\/ul><\/figure>\n\n\n\n<p>&#8212;&#8212;&#8212;&#8212;&#8212;&#8212;<br><em>Quer receber as not\u00edcias do <strong>Aconteceu no Vale<\/strong> em primeira m\u00e3o? Siga-nos no Facebook <a rel=\"noreferrer noopener\" href=\"http:\/\/facebook.com\/aconteceunovale\" target=\"_blank\">@aconteceunovale<\/a>, Twitter <a rel=\"noreferrer noopener\" href=\"https:\/\/twitter.com\/noticiadosvales\" target=\"_blank\">@noticiadosvales<\/a> e Instagram <a rel=\"noreferrer noopener\" href=\"https:\/\/www.instagram.com\/aconteceunovale\" target=\"_blank\">@aconteceunovale<\/a>.<\/em><\/p>\n","protected":false},"excerpt":{"rendered":"<p>Um homem de 30 anos morreu e outras tr\u00eas pessoas ficaram feridas em um acidente na MG-425, pr\u00f3ximo ao trevo de Entre Folhas, na madrugada deste domingo (14\/2\/2021). Ap\u00f3s a batida contra uma placa, as v\u00edtimas foram arremessadas para fora do ve\u00edculo. De acordo com informa\u00e7\u00f5es do Corpo de Bombeiros, os feridos disseram que o [&hellip;]<\/p>\n","protected":false},"author":4,"featured_media":173826,"comment_status":"open","ping_status":"closed","sticky":false,"template":"","format":"standard","meta":{"amp_status":"","footnotes":""},"categories":[121],"tags":[237290,237287,237288,32821,237289,32829,237291],"class_list":["post-173825","post","type-post","status-publish","format-standard","has-post-thumbnail","hentry","category-leste","tag-acidente-com-carro-na-mg-425","tag-acidente-deixa-um-morto-e-tres-feridos-na-mg-425","tag-acidente-deixa-um-morto-e-tres-feridos-na-mg-425-em-entre-folhas","tag-acidente-em-entre-folhas","tag-acidente-na-mg-425-em-entre-folhas","tag-acidente-perto-do-trevo-de-entre-folhas","tag-deivisson-rosa-de-souza"],"_links":{"self":[{"href":"https:\/\/aconteceunovale.com.br\/portal\/index.php?rest_route=\/wp\/v2\/posts\/173825","targetHints":{"allow":["GET"]}}],"collection":[{"href":"https:\/\/aconteceunovale.com.br\/portal\/index.php?rest_route=\/wp\/v2\/posts"}],"about":[{"href":"https:\/\/aconteceunovale.com.br\/portal\/index.php?rest_route=\/wp\/v2\/types\/post"}],"author":[{"embeddable":true,"href":"https:\/\/aconteceunovale.com.br\/portal\/index.php?rest_route=\/wp\/v2\/users\/4"}],"replies":[{"embeddable":true,"href":"https:\/\/aconteceunovale.com.br\/portal\/index.php?rest_route=%2Fwp%2Fv2%2Fcomments&post=173825"}],"version-history":[{"count":2,"href":"https:\/\/aconteceunovale.com.br\/portal\/index.php?rest_route=\/wp\/v2\/posts\/173825\/revisions"}],"predecessor-version":[{"id":173843,"href":"https:\/\/aconteceunovale.com.br\/portal\/index.php?rest_route=\/wp\/v2\/posts\/173825\/revisions\/173843"}],"wp:featuredmedia":[{"embeddable":true,"href":"https:\/\/aconteceunovale.com.br\/portal\/index.php?rest_route=\/wp\/v2\/media\/173826"}],"wp:attachment":[{"href":"https:\/\/aconteceunovale.com.br\/portal\/index.php?rest_route=%2Fwp%2Fv2%2Fmedia&parent=173825"}],"wp:term":[{"taxonomy":"category","embeddable":true,"href":"https:\/\/aconteceunovale.com.br\/portal\/index.php?rest_route=%2Fwp%2Fv2%2Fcategories&post=173825"},{"taxonomy":"post_tag","embeddable":true,"href":"https:\/\/aconteceunovale.com.br\/portal\/index.php?rest_route=%2Fwp%2Fv2%2Ftags&post=173825"}],"curies":[{"name":"wp","href":"https:\/\/api.w.org\/{rel}","templated":true}]}}