{"id":173816,"date":"2021-02-13T18:14:19","date_gmt":"2021-02-13T21:14:19","guid":{"rendered":"https:\/\/aconteceunovale.com.br\/portal\/?p=173816"},"modified":"2021-02-13T18:14:32","modified_gmt":"2021-02-13T21:14:32","slug":"ex-vereador-foragido-por-estupro-de-vulneravel-em-municipio-mineiro-e-preso-no-interior-de-sp","status":"publish","type":"post","link":"https:\/\/aconteceunovale.com.br\/portal\/?p=173816","title":{"rendered":"Ex-vereador foragido por estupro de vulner\u00e1vel em munic\u00edpio mineiro \u00e9 preso no interior de SP"},"content":{"rendered":"\n<p class=\"wp-block-paragraph\">A Pol\u00edcia Civil de Minas Gerais (PCMG) prendeu o ex-presidente da C\u00e2mara de Vereadores de Limeira D\u2019Oeste, no Tri\u00e2ngulo Mineiro, que estava foragido desde agosto de 2019 ap\u00f3s ser indiciado por estupro de vulner\u00e1vel e amea\u00e7a. Ele foi detido em Indiapor\u00e3, interior paulista, na \u00faltima quarta-feira (10\/2\/2021).<\/p>\n\n\n\n<p class=\"wp-block-paragraph\">Ap\u00f3s diversos levantamentos no munic\u00edpio mineiro, policiais civis da Delegacia Regional em Iturama localizaram um familiar que, ao cair em contradi\u00e7\u00f5es sobre o paradeiro do foragido, indicou que ele estaria se escondendo no estado de S\u00e3o Paulo.<\/p>\n\n\n\n<p class=\"wp-block-paragraph\">A equipe da PCMG localizou o ex-parlamentar escondido em uma casa no munic\u00edpio paulista. Ele n\u00e3o ofereceu resist\u00eancia \u00e0 pris\u00e3o e foi encaminhado ao sistema prisional.<\/p>\n\n\n\n<p class=\"wp-block-paragraph\">&#8212;&#8212;&#8212;&#8212;&#8212;&#8212;<br><em>Quer receber as not\u00edcias do <strong>Aconteceu no Vale<\/strong> em primeira m\u00e3o? Siga-nos no Facebook <a rel=\"noreferrer noopener\" href=\"http:\/\/facebook.com\/aconteceunovale\" target=\"_blank\">@aconteceunovale<\/a>, Twitter <a rel=\"noreferrer noopener\" href=\"https:\/\/twitter.com\/noticiadosvales\" target=\"_blank\">@noticiadosvales<\/a> e Instagram <a rel=\"noreferrer noopener\" href=\"https:\/\/www.instagram.com\/aconteceunovale\" target=\"_blank\">@aconteceunovale<\/a>.<\/em><\/p>\n","protected":false},"excerpt":{"rendered":"<p>A Pol\u00edcia Civil de Minas Gerais (PCMG) prendeu o ex-presidente da C\u00e2mara de Vereadores de Limeira D\u2019Oeste, no Tri\u00e2ngulo Mineiro, que estava foragido desde agosto de 2019 ap\u00f3s ser indiciado por estupro de vulner\u00e1vel e amea\u00e7a. Ele foi detido em Indiapor\u00e3, interior paulista, na \u00faltima quarta-feira (10\/2\/2021). Ap\u00f3s diversos levantamentos no munic\u00edpio mineiro, policiais civis [&hellip;]<\/p>\n","protected":false},"author":4,"featured_media":102361,"comment_status":"open","ping_status":"closed","sticky":false,"template":"","format":"standard","meta":{"amp_status":"","footnotes":""},"categories":[123],"tags":[237275,237277,237274,237273,160437,604,44644,237278,237276],"class_list":["post-173816","post","type-post","status-publish","format-standard","has-post-thumbnail","hentry","category-gerais","tag-estupro-em-limeira-doeste","tag-ex-vereador-de-limeira-doeste-e-preso-em-indiapora","tag-ex-vereador-foragido-por-estupro-de-vulneravel-em-limeira-doeste-e-preso-no-interior-de-sp","tag-ex-vereador-foragido-por-estupro-de-vulneravel-em-municipio-mineiro-e-preso-no-interior-de-sp","tag-indiapora","tag-pcmg","tag-policia-civil-de-minas-gerais","tag-preso-em-indiapora","tag-prisao-de-ex-vereador-de-limeira-doeste"],"yoast_head":"<!-- This site is optimized with the Yoast SEO plugin v28.3 - https:\/\/yoast.com\/product\/yoast-seo-wordpress\/ -->\n<title>Ex-vereador foragido por estupro de vulner\u00e1vel em munic\u00edpio mineiro \u00e9 preso no interior de SP - Aconteceu no Vale<\/title>\n<meta name=\"robots\" content=\"index, follow, max-snippet:-1, max-image-preview:large, max-video-preview:-1\" \/>\n<link rel=\"canonical\" href=\"https:\/\/aconteceunovale.com.br\/portal\/?p=173816\" \/>\n<meta property=\"og:locale\" content=\"pt_BR\" \/>\n<meta property=\"og:type\" content=\"article\" \/>\n<meta property=\"og:title\" content=\"Ex-vereador foragido por estupro de vulner\u00e1vel em munic\u00edpio mineiro \u00e9 preso no interior de SP - Aconteceu no Vale\" \/>\n<meta property=\"og:description\" content=\"A Pol\u00edcia Civil de Minas Gerais (PCMG) prendeu o ex-presidente da C\u00e2mara de Vereadores de Limeira D\u2019Oeste, no Tri\u00e2ngulo Mineiro, que estava foragido desde agosto de 2019 ap\u00f3s ser indiciado por estupro de vulner\u00e1vel e amea\u00e7a. Ele foi detido em Indiapor\u00e3, interior paulista, na \u00faltima quarta-feira (10\/2\/2021). Ap\u00f3s diversos levantamentos no munic\u00edpio mineiro, policiais civis [&hellip;]\" \/>\n<meta property=\"og:url\" content=\"https:\/\/aconteceunovale.com.br\/portal\/?p=173816\" \/>\n<meta property=\"og:site_name\" content=\"Aconteceu no Vale\" \/>\n<meta property=\"article:publisher\" content=\"https:\/\/www.facebook.com\/aconteceunovale\/\" \/>\n<meta property=\"article:published_time\" content=\"2021-02-13T21:14:19+00:00\" \/>\n<meta property=\"article:modified_time\" content=\"2021-02-13T21:14:32+00:00\" \/>\n<meta property=\"og:image\" content=\"https:\/\/aconteceunovale.com.br\/portal\/wp-content\/uploads\/2016\/11\/preso.jpg\" \/>\n\t<meta property=\"og:image:width\" content=\"648\" \/>\n\t<meta property=\"og:image:height\" content=\"384\" \/>\n\t<meta property=\"og:image:type\" content=\"image\/jpeg\" \/>\n<meta name=\"author\" content=\"Reda\u00e7\u00e3o Aconteceu no Vale\" \/>\n<meta name=\"twitter:card\" content=\"summary_large_image\" \/>\n<meta name=\"twitter:creator\" content=\"@noticiadosvales\" \/>\n<meta name=\"twitter:site\" content=\"@noticiadosvales\" \/>\n<meta name=\"twitter:label1\" content=\"Escrito por\" \/>\n\t<meta name=\"twitter:data1\" content=\"Reda\u00e7\u00e3o Aconteceu no Vale\" \/>\n\t<meta name=\"twitter:label2\" content=\"Est. tempo de leitura\" \/>\n\t<meta name=\"twitter:data2\" content=\"1 minuto\" \/>\n<script type=\"application\/ld+json\" class=\"yoast-schema-graph\">{\"@context\":\"https:\\\/\\\/schema.org\",\"@graph\":[{\"@type\":\"Article\",\"@id\":\"https:\\\/\\\/aconteceunovale.com.br\\\/portal\\\/?p=173816#article\",\"isPartOf\":{\"@id\":\"https:\\\/\\\/aconteceunovale.com.br\\\/portal\\\/?p=173816\"},\"author\":{\"name\":\"Reda\u00e7\u00e3o Aconteceu no Vale\",\"@id\":\"https:\\\/\\\/aconteceunovale.com.br\\\/portal\\\/#\\\/schema\\\/person\\\/7d2f26d1483f8a63de73da1ee0754d35\"},\"headline\":\"Ex-vereador foragido por estupro de vulner\u00e1vel em munic\u00edpio mineiro \u00e9 preso no interior de SP\",\"datePublished\":\"2021-02-13T21:14:19+00:00\",\"dateModified\":\"2021-02-13T21:14:32+00:00\",\"mainEntityOfPage\":{\"@id\":\"https:\\\/\\\/aconteceunovale.com.br\\\/portal\\\/?p=173816\"},\"wordCount\":161,\"commentCount\":0,\"image\":{\"@id\":\"https:\\\/\\\/aconteceunovale.com.br\\\/portal\\\/?p=173816#primaryimage\"},\"thumbnailUrl\":\"https:\\\/\\\/aconteceunovale.com.br\\\/portal\\\/wp-content\\\/uploads\\\/2016\\\/11\\\/preso.jpg\",\"keywords\":[\"Estupro em Limeira D\u2019Oeste\",\"Ex-vereador de Limeira D\u2019Oeste \u00e9 preso em Indiapor\u00e3\",\"Ex-vereador foragido por estupro de vulner\u00e1vel em Limeira D\u2019Oeste \u00e9 preso no interior de SP\",\"Ex-vereador foragido por estupro de vulner\u00e1vel em munic\u00edpio mineiro \u00e9 preso no interior de SP\",\"Indiapor\u00e3\",\"PCMG\",\"Pol\u00edcia Civil de Minas Gerais\",\"Preso em Indiapor\u00e3\",\"Pris\u00e3o de ex-vereador de Limeira D\u2019Oeste\"],\"articleSection\":[\"Minas Gerais\"],\"inLanguage\":\"pt-BR\",\"potentialAction\":[{\"@type\":\"CommentAction\",\"name\":\"Comment\",\"target\":[\"https:\\\/\\\/aconteceunovale.com.br\\\/portal\\\/?p=173816#respond\"]}]},{\"@type\":\"WebPage\",\"@id\":\"https:\\\/\\\/aconteceunovale.com.br\\\/portal\\\/?p=173816\",\"url\":\"https:\\\/\\\/aconteceunovale.com.br\\\/portal\\\/?p=173816\",\"name\":\"Ex-vereador foragido por estupro de vulner\u00e1vel em munic\u00edpio mineiro \u00e9 preso no interior de SP - Aconteceu no Vale\",\"isPartOf\":{\"@id\":\"https:\\\/\\\/aconteceunovale.com.br\\\/portal\\\/#website\"},\"primaryImageOfPage\":{\"@id\":\"https:\\\/\\\/aconteceunovale.com.br\\\/portal\\\/?p=173816#primaryimage\"},\"image\":{\"@id\":\"https:\\\/\\\/aconteceunovale.com.br\\\/portal\\\/?p=173816#primaryimage\"},\"thumbnailUrl\":\"https:\\\/\\\/aconteceunovale.com.br\\\/portal\\\/wp-content\\\/uploads\\\/2016\\\/11\\\/preso.jpg\",\"datePublished\":\"2021-02-13T21:14:19+00:00\",\"dateModified\":\"2021-02-13T21:14:32+00:00\",\"author\":{\"@id\":\"https:\\\/\\\/aconteceunovale.com.br\\\/portal\\\/#\\\/schema\\\/person\\\/7d2f26d1483f8a63de73da1ee0754d35\"},\"breadcrumb\":{\"@id\":\"https:\\\/\\\/aconteceunovale.com.br\\\/portal\\\/?p=173816#breadcrumb\"},\"inLanguage\":\"pt-BR\",\"potentialAction\":[{\"@type\":\"ReadAction\",\"target\":[\"https:\\\/\\\/aconteceunovale.com.br\\\/portal\\\/?p=173816\"]}]},{\"@type\":\"ImageObject\",\"inLanguage\":\"pt-BR\",\"@id\":\"https:\\\/\\\/aconteceunovale.com.br\\\/portal\\\/?p=173816#primaryimage\",\"url\":\"https:\\\/\\\/aconteceunovale.com.br\\\/portal\\\/wp-content\\\/uploads\\\/2016\\\/11\\\/preso.jpg\",\"contentUrl\":\"https:\\\/\\\/aconteceunovale.com.br\\\/portal\\\/wp-content\\\/uploads\\\/2016\\\/11\\\/preso.jpg\",\"width\":648,\"height\":384},{\"@type\":\"BreadcrumbList\",\"@id\":\"https:\\\/\\\/aconteceunovale.com.br\\\/portal\\\/?p=173816#breadcrumb\",\"itemListElement\":[{\"@type\":\"ListItem\",\"position\":1,\"name\":\"In\u00edcio\",\"item\":\"https:\\\/\\\/aconteceunovale.com.br\\\/portal\\\/\"},{\"@type\":\"ListItem\",\"position\":2,\"name\":\"Ex-vereador foragido por estupro de vulner\u00e1vel em munic\u00edpio mineiro \u00e9 preso no interior de SP\"}]},{\"@type\":\"WebSite\",\"@id\":\"https:\\\/\\\/aconteceunovale.com.br\\\/portal\\\/#website\",\"url\":\"https:\\\/\\\/aconteceunovale.com.br\\\/portal\\\/\",\"name\":\"Aconteceu no Vale\",\"description\":\"Portal de Not\u00edcias\",\"potentialAction\":[{\"@type\":\"SearchAction\",\"target\":{\"@type\":\"EntryPoint\",\"urlTemplate\":\"https:\\\/\\\/aconteceunovale.com.br\\\/portal\\\/?s={search_term_string}\"},\"query-input\":{\"@type\":\"PropertyValueSpecification\",\"valueRequired\":true,\"valueName\":\"search_term_string\"}}],\"inLanguage\":\"pt-BR\"},{\"@type\":\"Person\",\"@id\":\"https:\\\/\\\/aconteceunovale.com.br\\\/portal\\\/#\\\/schema\\\/person\\\/7d2f26d1483f8a63de73da1ee0754d35\",\"name\":\"Reda\u00e7\u00e3o Aconteceu no Vale\",\"description\":\"Equipe de reportagem do Aconteceu no Vale, portal de not\u00edcias do Vale do Jequitinhonha, em Minas Gerais. Cobrimos as 51 cidades do Vale desde 2013. Sugest\u00f5es de pauta e pedidos de corre\u00e7\u00e3o: contato@aconteceunovale.com.br\",\"url\":\"https:\\\/\\\/aconteceunovale.com.br\\\/portal\\\/?author=4\"}]}<\/script>\n<!-- \/ Yoast SEO plugin. -->","yoast_head_json":{"title":"Ex-vereador foragido por estupro de vulner\u00e1vel em munic\u00edpio mineiro \u00e9 preso no interior de SP - Aconteceu no Vale","robots":{"index":"index","follow":"follow","max-snippet":"max-snippet:-1","max-image-preview":"max-image-preview:large","max-video-preview":"max-video-preview:-1"},"canonical":"https:\/\/aconteceunovale.com.br\/portal\/?p=173816","og_locale":"pt_BR","og_type":"article","og_title":"Ex-vereador foragido por estupro de vulner\u00e1vel em munic\u00edpio mineiro \u00e9 preso no interior de SP - Aconteceu no Vale","og_description":"A Pol\u00edcia Civil de Minas Gerais (PCMG) prendeu o ex-presidente da C\u00e2mara de Vereadores de Limeira D\u2019Oeste, no Tri\u00e2ngulo Mineiro, que estava foragido desde agosto de 2019 ap\u00f3s ser indiciado por estupro de vulner\u00e1vel e amea\u00e7a. Ele foi detido em Indiapor\u00e3, interior paulista, na \u00faltima quarta-feira (10\/2\/2021). Ap\u00f3s diversos levantamentos no munic\u00edpio mineiro, policiais civis [&hellip;]","og_url":"https:\/\/aconteceunovale.com.br\/portal\/?p=173816","og_site_name":"Aconteceu no Vale","article_publisher":"https:\/\/www.facebook.com\/aconteceunovale\/","article_published_time":"2021-02-13T21:14:19+00:00","article_modified_time":"2021-02-13T21:14:32+00:00","og_image":[{"width":648,"height":384,"url":"https:\/\/aconteceunovale.com.br\/portal\/wp-content\/uploads\/2016\/11\/preso.jpg","type":"image\/jpeg"}],"author":"Reda\u00e7\u00e3o Aconteceu no Vale","twitter_card":"summary_large_image","twitter_creator":"@noticiadosvales","twitter_site":"@noticiadosvales","twitter_misc":{"Escrito por":"Reda\u00e7\u00e3o Aconteceu no Vale","Est. tempo de leitura":"1 minuto"},"schema":{"@context":"https:\/\/schema.org","@graph":[{"@type":"Article","@id":"https:\/\/aconteceunovale.com.br\/portal\/?p=173816#article","isPartOf":{"@id":"https:\/\/aconteceunovale.com.br\/portal\/?p=173816"},"author":{"name":"Reda\u00e7\u00e3o Aconteceu no Vale","@id":"https:\/\/aconteceunovale.com.br\/portal\/#\/schema\/person\/7d2f26d1483f8a63de73da1ee0754d35"},"headline":"Ex-vereador foragido por estupro de vulner\u00e1vel em munic\u00edpio mineiro \u00e9 preso no interior de SP","datePublished":"2021-02-13T21:14:19+00:00","dateModified":"2021-02-13T21:14:32+00:00","mainEntityOfPage":{"@id":"https:\/\/aconteceunovale.com.br\/portal\/?p=173816"},"wordCount":161,"commentCount":0,"image":{"@id":"https:\/\/aconteceunovale.com.br\/portal\/?p=173816#primaryimage"},"thumbnailUrl":"https:\/\/aconteceunovale.com.br\/portal\/wp-content\/uploads\/2016\/11\/preso.jpg","keywords":["Estupro em Limeira D\u2019Oeste","Ex-vereador de Limeira D\u2019Oeste \u00e9 preso em Indiapor\u00e3","Ex-vereador foragido por estupro de vulner\u00e1vel em Limeira D\u2019Oeste \u00e9 preso no interior de SP","Ex-vereador foragido por estupro de vulner\u00e1vel em munic\u00edpio mineiro \u00e9 preso no interior de SP","Indiapor\u00e3","PCMG","Pol\u00edcia Civil de Minas Gerais","Preso em Indiapor\u00e3","Pris\u00e3o de ex-vereador de Limeira D\u2019Oeste"],"articleSection":["Minas Gerais"],"inLanguage":"pt-BR","potentialAction":[{"@type":"CommentAction","name":"Comment","target":["https:\/\/aconteceunovale.com.br\/portal\/?p=173816#respond"]}]},{"@type":"WebPage","@id":"https:\/\/aconteceunovale.com.br\/portal\/?p=173816","url":"https:\/\/aconteceunovale.com.br\/portal\/?p=173816","name":"Ex-vereador foragido por estupro de vulner\u00e1vel em munic\u00edpio mineiro \u00e9 preso no interior de SP - Aconteceu no Vale","isPartOf":{"@id":"https:\/\/aconteceunovale.com.br\/portal\/#website"},"primaryImageOfPage":{"@id":"https:\/\/aconteceunovale.com.br\/portal\/?p=173816#primaryimage"},"image":{"@id":"https:\/\/aconteceunovale.com.br\/portal\/?p=173816#primaryimage"},"thumbnailUrl":"https:\/\/aconteceunovale.com.br\/portal\/wp-content\/uploads\/2016\/11\/preso.jpg","datePublished":"2021-02-13T21:14:19+00:00","dateModified":"2021-02-13T21:14:32+00:00","author":{"@id":"https:\/\/aconteceunovale.com.br\/portal\/#\/schema\/person\/7d2f26d1483f8a63de73da1ee0754d35"},"breadcrumb":{"@id":"https:\/\/aconteceunovale.com.br\/portal\/?p=173816#breadcrumb"},"inLanguage":"pt-BR","potentialAction":[{"@type":"ReadAction","target":["https:\/\/aconteceunovale.com.br\/portal\/?p=173816"]}]},{"@type":"ImageObject","inLanguage":"pt-BR","@id":"https:\/\/aconteceunovale.com.br\/portal\/?p=173816#primaryimage","url":"https:\/\/aconteceunovale.com.br\/portal\/wp-content\/uploads\/2016\/11\/preso.jpg","contentUrl":"https:\/\/aconteceunovale.com.br\/portal\/wp-content\/uploads\/2016\/11\/preso.jpg","width":648,"height":384},{"@type":"BreadcrumbList","@id":"https:\/\/aconteceunovale.com.br\/portal\/?p=173816#breadcrumb","itemListElement":[{"@type":"ListItem","position":1,"name":"In\u00edcio","item":"https:\/\/aconteceunovale.com.br\/portal\/"},{"@type":"ListItem","position":2,"name":"Ex-vereador foragido por estupro de vulner\u00e1vel em munic\u00edpio mineiro \u00e9 preso no interior de SP"}]},{"@type":"WebSite","@id":"https:\/\/aconteceunovale.com.br\/portal\/#website","url":"https:\/\/aconteceunovale.com.br\/portal\/","name":"Aconteceu no Vale","description":"Portal de Not\u00edcias","potentialAction":[{"@type":"SearchAction","target":{"@type":"EntryPoint","urlTemplate":"https:\/\/aconteceunovale.com.br\/portal\/?s={search_term_string}"},"query-input":{"@type":"PropertyValueSpecification","valueRequired":true,"valueName":"search_term_string"}}],"inLanguage":"pt-BR"},{"@type":"Person","@id":"https:\/\/aconteceunovale.com.br\/portal\/#\/schema\/person\/7d2f26d1483f8a63de73da1ee0754d35","name":"Reda\u00e7\u00e3o Aconteceu no Vale","description":"Equipe de reportagem do Aconteceu no Vale, portal de not\u00edcias do Vale do Jequitinhonha, em Minas Gerais. Cobrimos as 51 cidades do Vale desde 2013. Sugest\u00f5es de pauta e pedidos de corre\u00e7\u00e3o: contato@aconteceunovale.com.br","url":"https:\/\/aconteceunovale.com.br\/portal\/?author=4"}]}},"_links":{"self":[{"href":"https:\/\/aconteceunovale.com.br\/portal\/index.php?rest_route=\/wp\/v2\/posts\/173816","targetHints":{"allow":["GET"]}}],"collection":[{"href":"https:\/\/aconteceunovale.com.br\/portal\/index.php?rest_route=\/wp\/v2\/posts"}],"about":[{"href":"https:\/\/aconteceunovale.com.br\/portal\/index.php?rest_route=\/wp\/v2\/types\/post"}],"author":[{"embeddable":true,"href":"https:\/\/aconteceunovale.com.br\/portal\/index.php?rest_route=\/wp\/v2\/users\/4"}],"replies":[{"embeddable":true,"href":"https:\/\/aconteceunovale.com.br\/portal\/index.php?rest_route=%2Fwp%2Fv2%2Fcomments&post=173816"}],"version-history":[{"count":1,"href":"https:\/\/aconteceunovale.com.br\/portal\/index.php?rest_route=\/wp\/v2\/posts\/173816\/revisions"}],"predecessor-version":[{"id":173817,"href":"https:\/\/aconteceunovale.com.br\/portal\/index.php?rest_route=\/wp\/v2\/posts\/173816\/revisions\/173817"}],"wp:featuredmedia":[{"embeddable":true,"href":"https:\/\/aconteceunovale.com.br\/portal\/index.php?rest_route=\/wp\/v2\/media\/102361"}],"wp:attachment":[{"href":"https:\/\/aconteceunovale.com.br\/portal\/index.php?rest_route=%2Fwp%2Fv2%2Fmedia&parent=173816"}],"wp:term":[{"taxonomy":"category","embeddable":true,"href":"https:\/\/aconteceunovale.com.br\/portal\/index.php?rest_route=%2Fwp%2Fv2%2Fcategories&post=173816"},{"taxonomy":"post_tag","embeddable":true,"href":"https:\/\/aconteceunovale.com.br\/portal\/index.php?rest_route=%2Fwp%2Fv2%2Ftags&post=173816"}],"curies":[{"name":"wp","href":"https:\/\/api.w.org\/{rel}","templated":true}]}}