{"id":173814,"date":"2021-02-13T18:04:52","date_gmt":"2021-02-13T21:04:52","guid":{"rendered":"https:\/\/aconteceunovale.com.br\/portal\/?p=173814"},"modified":"2021-02-15T18:09:00","modified_gmt":"2021-02-15T21:09:00","slug":"suspeito-de-estuprar-adolescente-para-curar-orientacao-sexual-e-preso-em-minas","status":"publish","type":"post","link":"https:\/\/aconteceunovale.com.br\/portal\/?p=173814","title":{"rendered":"Suspeito de estuprar adolescente \u00e9 preso pela PCMG"},"content":{"rendered":"\n<p class=\"wp-block-paragraph\">Um homem de 52 anos foi preso pela Pol\u00edcia Civil de Minas Gerais (PCMG), na sexta-feira (12\/2\/2021), suspeito de estuprar uma adolescente, de 16, por supostamente n\u00e3o concordar com a orienta\u00e7\u00e3o sexual da jovem. O crime aconteceu no dia 31 de janeiro, na zona rural de El\u00f3i Mendes, no Sul do Estado.<\/p>\n\n\n\n<p class=\"wp-block-paragraph\">De acordo com as investiga\u00e7\u00f5es, o suspeito convidou-a para um passeio de bicicleta pelas estradas rurais. Durante o trajeto, o homem come\u00e7ou a question\u00e1-la sobre sua orienta\u00e7\u00e3o sexual. Em seguida, o homem cometeu uma s\u00e9rie de atos libidinosos contra a v\u00edtima. Ele ainda teria proferido diversas ofensas de cunho homof\u00f3bico durante os abusos.<\/p>\n\n\n\n<p class=\"wp-block-paragraph\">Durante as investiga\u00e7\u00f5es, a v\u00edtima foi atendida pela PCMG por meio de escuta especializada. Foram tamb\u00e9m colhidos depoimentos de familiares da jovem. Ap\u00f3s os levantamentos, o delegado Jorge Bruno Barbosa da Silva representou pela pris\u00e3o tempor\u00e1ria do suspeito.<\/p>\n\n\n\n<p class=\"wp-block-paragraph\">\u201cFicou evidenciado que o homem havia praticado o estupro com a motiva\u00e7\u00e3o de \u2018corrigir\u2019 a v\u00edtima em raz\u00e3o de sua orienta\u00e7\u00e3o sexual, e, ainda, que ele estaria assediando familiares para dissuadir a adolescente da ideia de levar o caso adiante na pol\u00edcia\u201d, explicou o delegado.<\/p>\n\n\n\n<p class=\"wp-block-paragraph\">O investigado foi preso na resid\u00eancia dele. Ele permanece no sistema prisional at\u00e9 o final das apura\u00e7\u00f5es e pode ser indiciado pelo crime de estupro corretivo, que passou a integrar o C\u00f3digo Penal em 2018, com a promulga\u00e7\u00e3o da Lei 13.718.<\/p>\n\n\n\n<p class=\"wp-block-paragraph\">&#8212;&#8212;&#8212;&#8212;&#8212;&#8212;<br><em>Quer receber as not\u00edcias do <strong>Aconteceu no Vale<\/strong> em primeira m\u00e3o? Siga-nos no Facebook <a rel=\"noreferrer noopener\" href=\"http:\/\/facebook.com\/aconteceunovale\" target=\"_blank\">@aconteceunovale<\/a>, Twitter <a rel=\"noreferrer noopener\" href=\"https:\/\/twitter.com\/noticiadosvales\" target=\"_blank\">@noticiadosvales<\/a> e Instagram <a rel=\"noreferrer noopener\" href=\"https:\/\/www.instagram.com\/aconteceunovale\" target=\"_blank\">@aconteceunovale<\/a>.<\/em><\/p>\n","protected":false},"excerpt":{"rendered":"<p>Um homem de 52 anos foi preso pela Pol\u00edcia Civil de Minas Gerais (PCMG), na sexta-feira (12\/2\/2021), suspeito de estuprar uma adolescente, de 16, por supostamente n\u00e3o concordar com a orienta\u00e7\u00e3o sexual da jovem. O crime aconteceu no dia 31 de janeiro, na zona rural de El\u00f3i Mendes, no Sul do Estado. De acordo com [&hellip;]<\/p>\n","protected":false},"author":4,"featured_media":151866,"comment_status":"open","ping_status":"closed","sticky":false,"template":"","format":"standard","meta":{"amp_status":"","footnotes":""},"categories":[123],"tags":[237272,1018,237270,237268,604,44644,237269,237271,237267,237266],"class_list":["post-173814","post","type-post","status-publish","format-standard","has-post-thumbnail","hentry","category-gerais","tag-delegado-jorge-bruno-barbosa-da-silva","tag-destaque","tag-estuprador-preso-em-eloi-mendes","tag-estupro-em-eloi-mendes","tag-pcmg","tag-policia-civil-de-minas-gerais","tag-preso-por-estupro-em-eloi-mendes","tag-serra-dos-oleos","tag-suspeito-de-estuprar-adolescente-para-curar-orientacao-sexual-e-preso-em-eloi-mendes","tag-suspeito-de-estuprar-adolescente-para-curar-orientacao-sexual-e-preso-em-minas"],"yoast_head":"<!-- This site is optimized with the Yoast SEO plugin v28.3 - https:\/\/yoast.com\/product\/yoast-seo-wordpress\/ -->\n<title>Suspeito de estuprar adolescente \u00e9 preso pela PCMG - Aconteceu no Vale<\/title>\n<meta name=\"robots\" content=\"index, follow, max-snippet:-1, max-image-preview:large, max-video-preview:-1\" \/>\n<link rel=\"canonical\" href=\"https:\/\/aconteceunovale.com.br\/portal\/?p=173814\" \/>\n<meta property=\"og:locale\" content=\"pt_BR\" \/>\n<meta property=\"og:type\" content=\"article\" \/>\n<meta property=\"og:title\" content=\"Suspeito de estuprar adolescente \u00e9 preso pela PCMG - Aconteceu no Vale\" \/>\n<meta property=\"og:description\" content=\"Um homem de 52 anos foi preso pela Pol\u00edcia Civil de Minas Gerais (PCMG), na sexta-feira (12\/2\/2021), suspeito de estuprar uma adolescente, de 16, por supostamente n\u00e3o concordar com a orienta\u00e7\u00e3o sexual da jovem. O crime aconteceu no dia 31 de janeiro, na zona rural de El\u00f3i Mendes, no Sul do Estado. De acordo com [&hellip;]\" \/>\n<meta property=\"og:url\" content=\"https:\/\/aconteceunovale.com.br\/portal\/?p=173814\" \/>\n<meta property=\"og:site_name\" content=\"Aconteceu no Vale\" \/>\n<meta property=\"article:publisher\" content=\"https:\/\/www.facebook.com\/aconteceunovale\/\" \/>\n<meta property=\"article:published_time\" content=\"2021-02-13T21:04:52+00:00\" \/>\n<meta property=\"article:modified_time\" content=\"2021-02-15T21:09:00+00:00\" \/>\n<meta property=\"og:image\" content=\"https:\/\/aconteceunovale.com.br\/portal\/wp-content\/uploads\/2019\/08\/plantao_giroflex.jpg\" \/>\n\t<meta property=\"og:image:width\" content=\"678\" \/>\n\t<meta property=\"og:image:height\" content=\"430\" \/>\n\t<meta property=\"og:image:type\" content=\"image\/jpeg\" \/>\n<meta name=\"author\" content=\"Reda\u00e7\u00e3o Aconteceu no Vale\" \/>\n<meta name=\"twitter:card\" content=\"summary_large_image\" \/>\n<meta name=\"twitter:creator\" content=\"@noticiadosvales\" \/>\n<meta name=\"twitter:site\" content=\"@noticiadosvales\" \/>\n<meta name=\"twitter:label1\" content=\"Escrito por\" \/>\n\t<meta name=\"twitter:data1\" content=\"Reda\u00e7\u00e3o Aconteceu no Vale\" \/>\n\t<meta name=\"twitter:label2\" content=\"Est. tempo de leitura\" \/>\n\t<meta name=\"twitter:data2\" content=\"1 minuto\" \/>\n<script type=\"application\/ld+json\" class=\"yoast-schema-graph\">{\"@context\":\"https:\\\/\\\/schema.org\",\"@graph\":[{\"@type\":\"Article\",\"@id\":\"https:\\\/\\\/aconteceunovale.com.br\\\/portal\\\/?p=173814#article\",\"isPartOf\":{\"@id\":\"https:\\\/\\\/aconteceunovale.com.br\\\/portal\\\/?p=173814\"},\"author\":{\"name\":\"Reda\u00e7\u00e3o Aconteceu no Vale\",\"@id\":\"https:\\\/\\\/aconteceunovale.com.br\\\/portal\\\/#\\\/schema\\\/person\\\/7d2f26d1483f8a63de73da1ee0754d35\"},\"headline\":\"Suspeito de estuprar adolescente \u00e9 preso pela PCMG\",\"datePublished\":\"2021-02-13T21:04:52+00:00\",\"dateModified\":\"2021-02-15T21:09:00+00:00\",\"mainEntityOfPage\":{\"@id\":\"https:\\\/\\\/aconteceunovale.com.br\\\/portal\\\/?p=173814\"},\"wordCount\":279,\"commentCount\":0,\"image\":{\"@id\":\"https:\\\/\\\/aconteceunovale.com.br\\\/portal\\\/?p=173814#primaryimage\"},\"thumbnailUrl\":\"https:\\\/\\\/aconteceunovale.com.br\\\/portal\\\/wp-content\\\/uploads\\\/2019\\\/08\\\/plantao_giroflex.jpg\",\"keywords\":[\"Delegado Jorge Bruno Barbosa da Silva\",\"destaque\",\"Estuprador preso em El\u00f3i Mendes\",\"Estupro em El\u00f3i Mendes\",\"PCMG\",\"Pol\u00edcia Civil de Minas Gerais\",\"Preso por estupro em El\u00f3i Mendes\",\"Serra dos \u00d3leos\",\"Suspeito de estuprar adolescente para curar orienta\u00e7\u00e3o sexual \u00e9 preso em El\u00f3i Mendes\",\"Suspeito de estuprar adolescente para curar orienta\u00e7\u00e3o sexual \u00e9 preso em Minas\"],\"articleSection\":[\"Minas Gerais\"],\"inLanguage\":\"pt-BR\",\"potentialAction\":[{\"@type\":\"CommentAction\",\"name\":\"Comment\",\"target\":[\"https:\\\/\\\/aconteceunovale.com.br\\\/portal\\\/?p=173814#respond\"]}]},{\"@type\":\"WebPage\",\"@id\":\"https:\\\/\\\/aconteceunovale.com.br\\\/portal\\\/?p=173814\",\"url\":\"https:\\\/\\\/aconteceunovale.com.br\\\/portal\\\/?p=173814\",\"name\":\"Suspeito de estuprar adolescente \u00e9 preso pela PCMG - Aconteceu no Vale\",\"isPartOf\":{\"@id\":\"https:\\\/\\\/aconteceunovale.com.br\\\/portal\\\/#website\"},\"primaryImageOfPage\":{\"@id\":\"https:\\\/\\\/aconteceunovale.com.br\\\/portal\\\/?p=173814#primaryimage\"},\"image\":{\"@id\":\"https:\\\/\\\/aconteceunovale.com.br\\\/portal\\\/?p=173814#primaryimage\"},\"thumbnailUrl\":\"https:\\\/\\\/aconteceunovale.com.br\\\/portal\\\/wp-content\\\/uploads\\\/2019\\\/08\\\/plantao_giroflex.jpg\",\"datePublished\":\"2021-02-13T21:04:52+00:00\",\"dateModified\":\"2021-02-15T21:09:00+00:00\",\"author\":{\"@id\":\"https:\\\/\\\/aconteceunovale.com.br\\\/portal\\\/#\\\/schema\\\/person\\\/7d2f26d1483f8a63de73da1ee0754d35\"},\"breadcrumb\":{\"@id\":\"https:\\\/\\\/aconteceunovale.com.br\\\/portal\\\/?p=173814#breadcrumb\"},\"inLanguage\":\"pt-BR\",\"potentialAction\":[{\"@type\":\"ReadAction\",\"target\":[\"https:\\\/\\\/aconteceunovale.com.br\\\/portal\\\/?p=173814\"]}]},{\"@type\":\"ImageObject\",\"inLanguage\":\"pt-BR\",\"@id\":\"https:\\\/\\\/aconteceunovale.com.br\\\/portal\\\/?p=173814#primaryimage\",\"url\":\"https:\\\/\\\/aconteceunovale.com.br\\\/portal\\\/wp-content\\\/uploads\\\/2019\\\/08\\\/plantao_giroflex.jpg\",\"contentUrl\":\"https:\\\/\\\/aconteceunovale.com.br\\\/portal\\\/wp-content\\\/uploads\\\/2019\\\/08\\\/plantao_giroflex.jpg\",\"width\":678,\"height\":430},{\"@type\":\"BreadcrumbList\",\"@id\":\"https:\\\/\\\/aconteceunovale.com.br\\\/portal\\\/?p=173814#breadcrumb\",\"itemListElement\":[{\"@type\":\"ListItem\",\"position\":1,\"name\":\"In\u00edcio\",\"item\":\"https:\\\/\\\/aconteceunovale.com.br\\\/portal\\\/\"},{\"@type\":\"ListItem\",\"position\":2,\"name\":\"Suspeito de estuprar adolescente \u00e9 preso pela PCMG\"}]},{\"@type\":\"WebSite\",\"@id\":\"https:\\\/\\\/aconteceunovale.com.br\\\/portal\\\/#website\",\"url\":\"https:\\\/\\\/aconteceunovale.com.br\\\/portal\\\/\",\"name\":\"Aconteceu no Vale\",\"description\":\"Portal de Not\u00edcias\",\"potentialAction\":[{\"@type\":\"SearchAction\",\"target\":{\"@type\":\"EntryPoint\",\"urlTemplate\":\"https:\\\/\\\/aconteceunovale.com.br\\\/portal\\\/?s={search_term_string}\"},\"query-input\":{\"@type\":\"PropertyValueSpecification\",\"valueRequired\":true,\"valueName\":\"search_term_string\"}}],\"inLanguage\":\"pt-BR\"},{\"@type\":\"Person\",\"@id\":\"https:\\\/\\\/aconteceunovale.com.br\\\/portal\\\/#\\\/schema\\\/person\\\/7d2f26d1483f8a63de73da1ee0754d35\",\"name\":\"Reda\u00e7\u00e3o Aconteceu no Vale\",\"description\":\"Equipe de reportagem do Aconteceu no Vale, portal de not\u00edcias do Vale do Jequitinhonha, em Minas Gerais. Cobrimos as 51 cidades do Vale desde 2013. Sugest\u00f5es de pauta e pedidos de corre\u00e7\u00e3o: contato@aconteceunovale.com.br\",\"url\":\"https:\\\/\\\/aconteceunovale.com.br\\\/portal\\\/?author=4\"}]}<\/script>\n<!-- \/ Yoast SEO plugin. -->","yoast_head_json":{"title":"Suspeito de estuprar adolescente \u00e9 preso pela PCMG - Aconteceu no Vale","robots":{"index":"index","follow":"follow","max-snippet":"max-snippet:-1","max-image-preview":"max-image-preview:large","max-video-preview":"max-video-preview:-1"},"canonical":"https:\/\/aconteceunovale.com.br\/portal\/?p=173814","og_locale":"pt_BR","og_type":"article","og_title":"Suspeito de estuprar adolescente \u00e9 preso pela PCMG - Aconteceu no Vale","og_description":"Um homem de 52 anos foi preso pela Pol\u00edcia Civil de Minas Gerais (PCMG), na sexta-feira (12\/2\/2021), suspeito de estuprar uma adolescente, de 16, por supostamente n\u00e3o concordar com a orienta\u00e7\u00e3o sexual da jovem. O crime aconteceu no dia 31 de janeiro, na zona rural de El\u00f3i Mendes, no Sul do Estado. De acordo com [&hellip;]","og_url":"https:\/\/aconteceunovale.com.br\/portal\/?p=173814","og_site_name":"Aconteceu no Vale","article_publisher":"https:\/\/www.facebook.com\/aconteceunovale\/","article_published_time":"2021-02-13T21:04:52+00:00","article_modified_time":"2021-02-15T21:09:00+00:00","og_image":[{"width":678,"height":430,"url":"https:\/\/aconteceunovale.com.br\/portal\/wp-content\/uploads\/2019\/08\/plantao_giroflex.jpg","type":"image\/jpeg"}],"author":"Reda\u00e7\u00e3o Aconteceu no Vale","twitter_card":"summary_large_image","twitter_creator":"@noticiadosvales","twitter_site":"@noticiadosvales","twitter_misc":{"Escrito por":"Reda\u00e7\u00e3o Aconteceu no Vale","Est. tempo de leitura":"1 minuto"},"schema":{"@context":"https:\/\/schema.org","@graph":[{"@type":"Article","@id":"https:\/\/aconteceunovale.com.br\/portal\/?p=173814#article","isPartOf":{"@id":"https:\/\/aconteceunovale.com.br\/portal\/?p=173814"},"author":{"name":"Reda\u00e7\u00e3o Aconteceu no Vale","@id":"https:\/\/aconteceunovale.com.br\/portal\/#\/schema\/person\/7d2f26d1483f8a63de73da1ee0754d35"},"headline":"Suspeito de estuprar adolescente \u00e9 preso pela PCMG","datePublished":"2021-02-13T21:04:52+00:00","dateModified":"2021-02-15T21:09:00+00:00","mainEntityOfPage":{"@id":"https:\/\/aconteceunovale.com.br\/portal\/?p=173814"},"wordCount":279,"commentCount":0,"image":{"@id":"https:\/\/aconteceunovale.com.br\/portal\/?p=173814#primaryimage"},"thumbnailUrl":"https:\/\/aconteceunovale.com.br\/portal\/wp-content\/uploads\/2019\/08\/plantao_giroflex.jpg","keywords":["Delegado Jorge Bruno Barbosa da Silva","destaque","Estuprador preso em El\u00f3i Mendes","Estupro em El\u00f3i Mendes","PCMG","Pol\u00edcia Civil de Minas Gerais","Preso por estupro em El\u00f3i Mendes","Serra dos \u00d3leos","Suspeito de estuprar adolescente para curar orienta\u00e7\u00e3o sexual \u00e9 preso em El\u00f3i Mendes","Suspeito de estuprar adolescente para curar orienta\u00e7\u00e3o sexual \u00e9 preso em Minas"],"articleSection":["Minas Gerais"],"inLanguage":"pt-BR","potentialAction":[{"@type":"CommentAction","name":"Comment","target":["https:\/\/aconteceunovale.com.br\/portal\/?p=173814#respond"]}]},{"@type":"WebPage","@id":"https:\/\/aconteceunovale.com.br\/portal\/?p=173814","url":"https:\/\/aconteceunovale.com.br\/portal\/?p=173814","name":"Suspeito de estuprar adolescente \u00e9 preso pela PCMG - Aconteceu no Vale","isPartOf":{"@id":"https:\/\/aconteceunovale.com.br\/portal\/#website"},"primaryImageOfPage":{"@id":"https:\/\/aconteceunovale.com.br\/portal\/?p=173814#primaryimage"},"image":{"@id":"https:\/\/aconteceunovale.com.br\/portal\/?p=173814#primaryimage"},"thumbnailUrl":"https:\/\/aconteceunovale.com.br\/portal\/wp-content\/uploads\/2019\/08\/plantao_giroflex.jpg","datePublished":"2021-02-13T21:04:52+00:00","dateModified":"2021-02-15T21:09:00+00:00","author":{"@id":"https:\/\/aconteceunovale.com.br\/portal\/#\/schema\/person\/7d2f26d1483f8a63de73da1ee0754d35"},"breadcrumb":{"@id":"https:\/\/aconteceunovale.com.br\/portal\/?p=173814#breadcrumb"},"inLanguage":"pt-BR","potentialAction":[{"@type":"ReadAction","target":["https:\/\/aconteceunovale.com.br\/portal\/?p=173814"]}]},{"@type":"ImageObject","inLanguage":"pt-BR","@id":"https:\/\/aconteceunovale.com.br\/portal\/?p=173814#primaryimage","url":"https:\/\/aconteceunovale.com.br\/portal\/wp-content\/uploads\/2019\/08\/plantao_giroflex.jpg","contentUrl":"https:\/\/aconteceunovale.com.br\/portal\/wp-content\/uploads\/2019\/08\/plantao_giroflex.jpg","width":678,"height":430},{"@type":"BreadcrumbList","@id":"https:\/\/aconteceunovale.com.br\/portal\/?p=173814#breadcrumb","itemListElement":[{"@type":"ListItem","position":1,"name":"In\u00edcio","item":"https:\/\/aconteceunovale.com.br\/portal\/"},{"@type":"ListItem","position":2,"name":"Suspeito de estuprar adolescente \u00e9 preso pela PCMG"}]},{"@type":"WebSite","@id":"https:\/\/aconteceunovale.com.br\/portal\/#website","url":"https:\/\/aconteceunovale.com.br\/portal\/","name":"Aconteceu no Vale","description":"Portal de Not\u00edcias","potentialAction":[{"@type":"SearchAction","target":{"@type":"EntryPoint","urlTemplate":"https:\/\/aconteceunovale.com.br\/portal\/?s={search_term_string}"},"query-input":{"@type":"PropertyValueSpecification","valueRequired":true,"valueName":"search_term_string"}}],"inLanguage":"pt-BR"},{"@type":"Person","@id":"https:\/\/aconteceunovale.com.br\/portal\/#\/schema\/person\/7d2f26d1483f8a63de73da1ee0754d35","name":"Reda\u00e7\u00e3o Aconteceu no Vale","description":"Equipe de reportagem do Aconteceu no Vale, portal de not\u00edcias do Vale do Jequitinhonha, em Minas Gerais. Cobrimos as 51 cidades do Vale desde 2013. Sugest\u00f5es de pauta e pedidos de corre\u00e7\u00e3o: contato@aconteceunovale.com.br","url":"https:\/\/aconteceunovale.com.br\/portal\/?author=4"}]}},"_links":{"self":[{"href":"https:\/\/aconteceunovale.com.br\/portal\/index.php?rest_route=\/wp\/v2\/posts\/173814","targetHints":{"allow":["GET"]}}],"collection":[{"href":"https:\/\/aconteceunovale.com.br\/portal\/index.php?rest_route=\/wp\/v2\/posts"}],"about":[{"href":"https:\/\/aconteceunovale.com.br\/portal\/index.php?rest_route=\/wp\/v2\/types\/post"}],"author":[{"embeddable":true,"href":"https:\/\/aconteceunovale.com.br\/portal\/index.php?rest_route=\/wp\/v2\/users\/4"}],"replies":[{"embeddable":true,"href":"https:\/\/aconteceunovale.com.br\/portal\/index.php?rest_route=%2Fwp%2Fv2%2Fcomments&post=173814"}],"version-history":[{"count":2,"href":"https:\/\/aconteceunovale.com.br\/portal\/index.php?rest_route=\/wp\/v2\/posts\/173814\/revisions"}],"predecessor-version":[{"id":173926,"href":"https:\/\/aconteceunovale.com.br\/portal\/index.php?rest_route=\/wp\/v2\/posts\/173814\/revisions\/173926"}],"wp:featuredmedia":[{"embeddable":true,"href":"https:\/\/aconteceunovale.com.br\/portal\/index.php?rest_route=\/wp\/v2\/media\/151866"}],"wp:attachment":[{"href":"https:\/\/aconteceunovale.com.br\/portal\/index.php?rest_route=%2Fwp%2Fv2%2Fmedia&parent=173814"}],"wp:term":[{"taxonomy":"category","embeddable":true,"href":"https:\/\/aconteceunovale.com.br\/portal\/index.php?rest_route=%2Fwp%2Fv2%2Fcategories&post=173814"},{"taxonomy":"post_tag","embeddable":true,"href":"https:\/\/aconteceunovale.com.br\/portal\/index.php?rest_route=%2Fwp%2Fv2%2Ftags&post=173814"}],"curies":[{"name":"wp","href":"https:\/\/api.w.org\/{rel}","templated":true}]}}